{"id":41351,"date":"2023-01-09T09:50:43","date_gmt":"2023-01-09T08:50:43","guid":{"rendered":"https:\/\/www.escura.com\/?p=41351"},"modified":"2023-02-16T13:47:41","modified_gmt":"2023-02-16T12:47:41","slug":"ley-de-presupuestos-generales-2023-medidas-fiscales-en-el-irpf","status":"publish","type":"post","link":"https:\/\/www.escura.com\/es\/ley-de-presupuestos-generales-2023-medidas-fiscales-en-el-irpf\/","title":{"rendered":"Ley de presupuestos Generales 2023: Medidas fiscales en el IRPF"},"content":{"rendered":"<p><div class=\"fusion-fullwidth fullwidth-box fusion-builder-row-1 fusion-flex-container nonhundred-percent-fullwidth non-hundred-percent-height-scrolling\" style=\"--awb-border-radius-top-left:0px;--awb-border-radius-top-right:0px;--awb-border-radius-bottom-right:0px;--awb-border-radius-bottom-left:0px;--awb-flex-wrap:wrap;\" ><div class=\"fusion-builder-row fusion-row fusion-flex-align-items-flex-start fusion-flex-content-wrap\" style=\"max-width:104%;margin-left: calc(-4% \/ 2 );margin-right: calc(-4% \/ 2 );\"><div class=\"fusion-layout-column fusion_builder_column fusion-builder-column-0 fusion_builder_column_3_4 3_4 fusion-flex-column\" style=\"--awb-bg-size:cover;--awb-width-large:75%;--awb-margin-top-large:0px;--awb-spacing-right-large:2.56%;--awb-margin-bottom-large:20px;--awb-spacing-left-large:2.56%;--awb-width-medium:100%;--awb-order-medium:0;--awb-spacing-right-medium:1.92%;--awb-spacing-left-medium:1.92%;--awb-width-small:100%;--awb-order-small:0;--awb-spacing-right-small:1.92%;--awb-spacing-left-small:1.92%;\"><div class=\"fusion-column-wrapper fusion-column-has-shadow fusion-flex-justify-content-space-around fusion-content-layout-column\"><div class=\"fusion-image-element \" style=\"--awb-caption-title-font-family:var(--h2_typography-font-family);--awb-caption-title-font-weight:var(--h2_typography-font-weight);--awb-caption-title-font-style:var(--h2_typography-font-style);--awb-caption-title-size:var(--h2_typography-font-size);--awb-caption-title-transform:var(--h2_typography-text-transform);--awb-caption-title-line-height:var(--h2_typography-line-height);--awb-caption-title-letter-spacing:var(--h2_typography-letter-spacing);\"><span class=\" fusion-imageframe imageframe-none imageframe-1 hover-type-none\"><img decoding=\"async\" width=\"2000\" height=\"600\" alt=\"Ley de presupuestos Generales 2023\" title=\"Circular Escura\" src=\"http:\/\/www.escura.com\/wp-content\/uploads\/2022\/10\/Diseno-sin-titulo-10.png\" class=\"img-responsive wp-image-38826\" srcset=\"https:\/\/www.escura.com\/wp-content\/uploads\/2022\/10\/Diseno-sin-titulo-10-200x60.png 200w, https:\/\/www.escura.com\/wp-content\/uploads\/2022\/10\/Diseno-sin-titulo-10-400x120.png 400w, https:\/\/www.escura.com\/wp-content\/uploads\/2022\/10\/Diseno-sin-titulo-10-600x180.png 600w, https:\/\/www.escura.com\/wp-content\/uploads\/2022\/10\/Diseno-sin-titulo-10-800x240.png 800w, https:\/\/www.escura.com\/wp-content\/uploads\/2022\/10\/Diseno-sin-titulo-10-1200x360.png 1200w, https:\/\/www.escura.com\/wp-content\/uploads\/2022\/10\/Diseno-sin-titulo-10.png 2000w\" sizes=\"(max-width: 1024px) 100vw, (max-width: 850px) 100vw, 2000px\" \/><\/span><\/div><div class=\"fusion-separator fusion-full-width-sep\" style=\"align-self: center;margin-left: auto;margin-right: auto;margin-top:30px;width:100%;\"><\/div><div class=\"fusion-text fusion-text-1\"><p style=\"text-align: right;\"><a href=\"http:\/\/www.escura.com\/wp-content\/uploads\/2023\/01\/4-23-Circular-ley-de-presupuestos-2023-IRPF.pdf\">Consulte pdf<\/a><\/p>\n<h1 class=\"fusion-responsive-typography-calculated\" style=\"--fontsize: 34; line-height: 1.41;\" data-fontsize=\"34\" data-lineheight=\"47.94px\">Ley de presupuestos Generales 2023: Medidas fiscales en el IRPF<\/h1>\n<p>El pasado 24 de diciembre de 2022 se public\u00f3 en el BOE la Ley 31\/2022, de 23 de diciembre, de Presupuestos Generales del Estado para el a\u00f1o 2023.<\/p>\n<p>Con efectos 1 de enero de 2023, se introducen las siguientes modificaciones en el Impuesto sobre la Renta de las Personas F\u00edsicas:<\/p>\n<ol>\n<li><strong>Se aumenta la reducci\u00f3n por obtenci\u00f3n de rendimientos del trabajo<\/strong>.<\/li>\n<\/ol>\n<p>Esta\u00a0reducci\u00f3n se aplicar\u00e1\u00a0 a los contribuyentes con rendimientos netos del trabajo inferiores a\u00a019.747,5 euros (hasta ahora, 16.825 euros) siempre que no tengan\u00a0<a href=\"https:\/\/sede.agenciatributaria.gob.es\/Sede\/ayuda\/manuales-videos-folletos\/manuales-ayuda-presentacion\/irpf-2019\/5-cumplimentacion-datos-personales-familiares-generales\/5_8-concepto-renta-anual.html\">rentas,<\/a>\u00a0excluidas las exentas, distintas de las del trabajo superiores a 6.500 euros. El importe de la reducci\u00f3n ser\u00e1:<\/p>\n<ul>\n<li>Contribuyentes con rendimientos netos del trabajo iguales o inferiores a 14.047,4 euros (hasta ahora, 13.115 euros):\u00a06.498 euros anuales (hasta ahora, 5.565 euros anuales).<\/li>\n<li>Contribuyentes con rendimientos netos del trabajo comprendidos entre 14.047,5 y 19.747,5 euros (hasta ahora, 13.115 y 16.825 euros):\u00a06.498 euros menos el resultado de multiplicar por 1,14 la diferencia entre el rendimiento del trabajo y 14.047,5 euros anuales (hasta ahora, 6498 euros 5.565\u00a0euros menos el resultado de multiplicar por 1,5 la diferencia entre el rendimiento del trabajo y 13.115 euros anuales).<\/li>\n<\/ul>\n<p>Asimismo, se incrementa la Reducci\u00f3n del Impuesto sobre la Renta de las Personas a empresarios y profesionales que determinen su rendimiento neto calculado por el m\u00e9todo de estimaci\u00f3n directa simplificada, en los mismos rangos y cuant\u00edas.<\/p>\n<ol start=\"2\">\n<li><strong>Obligaci\u00f3n de declarar<\/strong><\/li>\n<\/ol>\n<p>Se incrementa el l\u00edmite de la obligaci\u00f3n de declarar de 14.000 a 15.000 euros para los contribuyentes que perciban rendimientos del trabajo en los siguientes supuestos: a) cuando los rendimientos del trabajo procedan de m\u00e1s de un pagador, b) cuando se perciban pensiones compensatorias del c\u00f3nyuge o anualidades por alimentos no exentas, c) cuando el pagador de los rendimientos del trabajo no est\u00e9 obligado a retener, y d) cuando se perciban rendimientos \u00edntegros del trabajo sujetos a tipo fijo de retenci\u00f3n.<\/p>\n<ol start=\"3\">\n<li><strong>Estimaci\u00f3n directa simplificada<\/strong><\/li>\n<\/ol>\n<p>Se eleva del 5% al 7% el porcentaje de gastos deducibles en concepto de provisiones y gastos de dif\u00edcil justificaci\u00f3n, para el resto de los trabajadores aut\u00f3nomos que determinen su rendimiento neto con arreglo al m\u00e9todo de estimaci\u00f3n directa simplificada. Dicho porcentaje podr\u00e1 ser modificado reglamentariamente.<\/p>\n<ol start=\"4\">\n<li><strong>Estimaci\u00f3n objetiva <\/strong><\/li>\n<\/ol>\n<p>Los contribuyentes que determinen el rendimiento neto de sus actividades econ\u00f3micas por el m\u00e9todo de estimaci\u00f3n objetiva podr\u00e1n reducir el rendimiento neto de m\u00f3dulos obtenido en 2023 en un 10 por 100, en la forma que se establezca en la Orden por la que se aprueben los signos, \u00edndices o m\u00f3dulos para dicho ejercicio.<\/p>\n<ol start=\"5\">\n<li><strong>L\u00edmites de reducci\u00f3n en la base imponible de las aportaciones y contribuciones a sistemas de previsi\u00f3n social<\/strong><\/li>\n<\/ol>\n<p>Se establece un l\u00edmite m\u00e1ximo a las reducciones en la base imponible por las aportaciones y contribuciones a sistemas de previsi\u00f3n social, aplic\u00e1ndose la menor de las cantidades siguientes: a) El 30 por 100 de la suma de los rendimientos netos del trabajo y de actividades econ\u00f3micas percibidos individualmente en el ejercicio, b) 1.500 euros anuales.<\/p>\n<p>Este l\u00edmite se incrementar\u00e1 en los siguientes supuestos, en las cuant\u00edas que se indican:<\/p>\n<p>1.\u00ba En 8.500 euros anuales, siempre que tal incremento provenga de contribuciones empresariales, o de aportaciones del trabajador al mismo instrumento de previsi\u00f3n social por importe igual o inferior a las cantidades que resulten del siguiente cuadro en funci\u00f3n del importe anual de la contribuci\u00f3n empresarial:<\/p>\n<p>No obstante, en todo caso se aplicar\u00e1 el multiplicador 1 cuando el trabajador obtenga en el ejercicio rendimientos \u00edntegros del trabajo superiores a 60.000 euros procedentes de la empresa que realiza la contribuci\u00f3n, a cuyo efecto la empresa deber\u00e1 comunicar a la entidad gestora o aseguradora del instrumento de previsi\u00f3n social que no concurre esta circunstancia. A estos efectos, las cantidades aportadas por la empresa que deriven de una decisi\u00f3n del trabajador tendr\u00e1n la consideraci\u00f3n de aportaciones del trabajador.<\/p>\n<p>2.\u00ba En 4.250 euros anuales, siempre que tal incremento provenga de aportaciones a los planes de pensiones sectoriales previstos expresamente en la Ley.<\/p>\n<p>En todo caso, la cuant\u00eda m\u00e1xima de reducci\u00f3n por aplicaci\u00f3n de los incrementos previstos en los n\u00fameros 1.\u00ba y 2.\u00ba anteriores ser\u00e1 de 8.500 euros anuales.<\/p>\n<p>Adem\u00e1s, 5.000 euros anuales para las primas a seguros colectivos de dependencia satisfechas por la empresa.<\/p>\n<ol start=\"6\">\n<li><strong>Se modifican los tipos de gravamen del ahorro <\/strong><\/li>\n<\/ol>\n<p>A partir del 1 de enero de 2023 se aplicar\u00e1 la siguiente escala de gravamen del ahorro:<\/p>\n<table style=\"height: 339px;\" width=\"598\">\n<tbody>\n<tr>\n<td width=\"75\">Base hasta<\/td>\n<td width=\"68\">Cuota<\/td>\n<td width=\"77\">Resto base<\/td>\n<td width=\"63\">Tipo<\/td>\n<\/tr>\n<tr>\n<td width=\"75\">0,00<\/td>\n<td width=\"68\">0,00<\/td>\n<td width=\"77\">6.000,00<\/td>\n<td width=\"63\">19,00%<\/td>\n<\/tr>\n<tr>\n<td width=\"75\">6.000,00<\/td>\n<td width=\"68\">1.140,00<\/td>\n<td width=\"77\">44.000,00<\/td>\n<td width=\"63\">21,00%<\/td>\n<\/tr>\n<tr>\n<td width=\"75\">50.000,00<\/td>\n<td width=\"68\">10.380,00<\/td>\n<td width=\"77\">150.000,00<\/td>\n<td width=\"63\">23,00%<\/td>\n<\/tr>\n<tr>\n<td width=\"75\">200.000,00<\/td>\n<td width=\"68\">44.880,00<\/td>\n<td width=\"77\">100.000,00<\/td>\n<td width=\"63\">27,00%<\/td>\n<\/tr>\n<tr>\n<td width=\"75\">300.000,00<\/td>\n<td width=\"68\">71.880,00<\/td>\n<td width=\"77\">en adelante<\/td>\n<td width=\"63\">28,00%<\/td>\n<\/tr>\n<\/tbody>\n<\/table>\n<p>En este sentido, se establece un incremento del tipo impositivo del 27% aplicable a las rentas superiores a 200.000 euros hasta 300.000 euros, y un aumento del tipo impositivo del 28% aplicable a las rentas superiores a 300.000 euros.<\/p>\n<ol start=\"7\">\n<li><strong>Se ampl\u00eda la deducci\u00f3n por maternidad <\/strong><\/li>\n<\/ol>\n<p>A grandes rasgos, a partir del 1 de enero de 2023, podr\u00e1n beneficiarse de la deducci\u00f3n por maternidad las mujeres con hijos menores de 3 a\u00f1os que est\u00e9n percibiendo una prestaci\u00f3n por desempleo o que tengan al menos 30 d\u00edas cotizados.<\/p>\n<ol start=\"8\">\n<li><strong>Porcentaje de retenci\u00f3n sobre rendimientos procedentes de propiedad intelectual <\/strong><\/li>\n<\/ol>\n<ul>\n<li>Se minora el tipo de retenci\u00f3n del 15 al 7% sobre los rendimientos del trabajo derivados de la elaboraci\u00f3n de obras literarias, art\u00edsticas o cient\u00edficas cuando el volumen de tales rendimientos \u00edntegros correspondiente al ejercicio inmediato anterior sea inferior a 15.000 euros y represente m\u00e1s del 75 por ciento de la suma de los rendimientos \u00edntegros de actividades econ\u00f3micas y del trabajo obtenidos por el contribuyente en dicho ejercicio. Para la aplicaci\u00f3n de este tipo de retenci\u00f3n, los contribuyentes deber\u00e1n comunicar al pagador de los rendimientos la concurrencia de dichas circunstancias, quedando obligado el pagador a conservar la comunicaci\u00f3n debidamente firmada.<\/li>\n<\/ul>\n<ul>\n<li>El tipo retenci\u00f3n de la propiedad intelectual, se reduce del 19% al 15%. No obstante, se reducen el tipo al 7% cuando se den las circunstancias del punto anterior y cuando se trate de anticipos a cuenta derivados de la cesi\u00f3n de la explotaci\u00f3n de derechos de autor que se vayan a devengar a lo largo de varios a\u00f1os.<\/li>\n<\/ul>\n<\/div><div class=\"fusion-separator fusion-full-width-sep\" style=\"align-self: center;margin-left: auto;margin-right: auto;margin-top:30px;width:100%;\"><\/div><div class=\"fusion-text fusion-text-2\"><p style=\"text-align: left;\">\u00a9 La presente informaci\u00f3n es propiedad de\u00a0<a href=\"https:\/\/www.escura.com\/es\/\"><strong>Escura<\/strong>,\u00a0<strong>abogados<\/strong>\u00a0y\u00a0<strong>economistas<\/strong><\/a>, quedando prohibida su reproducci\u00f3n sin permiso expreso.<\/p>\n<\/div><\/div><\/div><div class=\"fusion-layout-column fusion_builder_column fusion-builder-column-1 fusion_builder_column_1_4 1_4 fusion-flex-column\" style=\"--awb-bg-size:cover;--awb-width-large:25%;--awb-margin-top-large:0px;--awb-spacing-right-large:7.68%;--awb-margin-bottom-large:20px;--awb-spacing-left-large:7.68%;--awb-width-medium:100%;--awb-order-medium:0;--awb-spacing-right-medium:1.92%;--awb-spacing-left-medium:1.92%;--awb-width-small:100%;--awb-order-small:0;--awb-spacing-right-small:1.92%;--awb-spacing-left-small:1.92%;\"><div class=\"fusion-column-wrapper fusion-column-has-shadow fusion-flex-justify-content-flex-start fusion-content-layout-column\"><div class=\"fusion-search-element fusion-search-element-1 fusion-search-form-clean\">\t\t<form role=\"search\" class=\"searchform fusion-search-form  fusion-search-form-clean\" method=\"get\" action=\"https:\/\/www.escura.com\/es\/\">\n\t\t\t<div class=\"fusion-search-form-content\">\n\n\t\t\t\t\n\t\t\t\t<div class=\"fusion-search-field search-field\">\n\t\t\t\t\t<label><span class=\"screen-reader-text\">Buscar:<\/span>\n\t\t\t\t\t\t\t\t\t\t\t\t\t<input type=\"search\" value=\"\" name=\"s\" class=\"s\" placeholder=\"Search...\" required aria-required=\"true\" aria-label=\"Search...\"\/>\n\t\t\t\t\t\t\t\t\t\t\t<\/label>\n\t\t\t\t<\/div>\n\t\t\t\t<div class=\"fusion-search-button search-button\">\n\t\t\t\t\t<input type=\"submit\" class=\"fusion-search-submit searchsubmit\" aria-label=\"Buscar\" value=\"&#xf002;\" \/>\n\t\t\t\t\t\t\t\t\t<\/div>\n\n\t\t\t\t<input type=\"hidden\" name=\"post_type[]\" value=\"post\" \/><input type=\"hidden\" name=\"post_type[]\" value=\"page\" \/><input type=\"hidden\" name=\"post_type[]\" value=\"avada_portfolio\" \/><input type=\"hidden\" name=\"post_type[]\" value=\"avada_faq\" \/><input type=\"hidden\" name=\"search_limit_to_post_titles\" value=\"0\" \/><input type=\"hidden\" name=\"add_woo_product_skus\" value=\"0\" \/><input type=\"hidden\" name=\"fs\" value=\"1\" \/>\n\t\t\t<\/div>\n\n\n\t\t\t\n\t\t<\/form>\n\t\t<\/div><div class=\"fusion-separator fusion-full-width-sep\" style=\"align-self: center;margin-left: auto;margin-right: auto;margin-top:30px;width:100%;\"><\/div><div class=\"fusion-text fusion-text-3\"><h3><span style=\"color: #000080;\">Nuestras \u00c1reas<\/span><\/h3>\n<\/div><ul style=\"--awb-line-height:27.2px;--awb-icon-width:27.2px;--awb-icon-height:27.2px;--awb-icon-margin:11.2px;--awb-content-margin:38.4px;\" class=\"fusion-checklist fusion-checklist-1 fusion-checklist-default type-icons\"><li class=\"fusion-li-item\" style=\"\"><span class=\"icon-wrapper circle-no\"><i class=\"fusion-li-icon fa-folder far\" aria-hidden=\"true\"><\/i><\/span><div class=\"fusion-li-item-content\">\n<div class=\"fusion-text fusion-text-1\">\n<p data-fontsize=\"26\" data-lineheight=\"31.46px\"><a href=\"https:\/\/www.escura.com\/es\/compliance-penal\/\">Compliance Penal<\/a><\/p>\n<\/div>\n<div class=\"fusion-text fusion-text-2\"><\/div>\n<\/div><\/li><li class=\"fusion-li-item\" style=\"\"><span class=\"icon-wrapper circle-no\"><i class=\"fusion-li-icon fa-folder far\" aria-hidden=\"true\"><\/i><\/span><div class=\"fusion-li-item-content\">\n<p><a href=\"https:\/\/www.escura.com\/es\/derecho-societario-mercantil\/\">Drecho Societario y Mercantil<\/a><\/p>\n<\/div><\/li><li class=\"fusion-li-item\" style=\"\"><span class=\"icon-wrapper circle-no\"><i class=\"fusion-li-icon fa-folder far\" aria-hidden=\"true\"><\/i><\/span><div class=\"fusion-li-item-content\">\n<p><a href=\"https:\/\/www.escura.com\/es\/economico-fiscal\/\">Econ\u00f3mico Fiscal<\/a><\/p>\n<\/div><\/li><li class=\"fusion-li-item\" style=\"\"><span class=\"icon-wrapper circle-no\"><i class=\"fusion-li-icon fa-folder far\" aria-hidden=\"true\"><\/i><\/span><div class=\"fusion-li-item-content\">\n<p><a href=\"https:\/\/www.escura.com\/es\/plan-de-igualdad\/\">Plan de Igualdad<\/a><\/p>\n<\/div><\/li><li class=\"fusion-li-item\" style=\"\"><span class=\"icon-wrapper circle-no\"><i class=\"fusion-li-icon fa-folder far\" aria-hidden=\"true\"><\/i><\/span><div class=\"fusion-li-item-content\">\n<p><a href=\"https:\/\/www.escura.com\/es\/proteccion-de-datos\/\">Protecci\u00f3n de Datos<\/a><\/p>\n<\/div><\/li><li class=\"fusion-li-item\" style=\"\"><span class=\"icon-wrapper circle-no\"><i class=\"fusion-li-icon fa-folder far\" aria-hidden=\"true\"><\/i><\/span><div class=\"fusion-li-item-content\">\n<p><a href=\"https:\/\/www.escura.com\/es\/recursos-humanos\/\">Recursos Humanos<\/a><\/p>\n<\/div><\/li><\/ul><div class=\"fusion-separator fusion-full-width-sep\" style=\"align-self: center;margin-left: auto;margin-right: auto;margin-top:30px;width:100%;\"><\/div><div class=\"fusion-text fusion-text-4\"><h3><span style=\"color: #000080;\">Nuestras Oficinas<\/span><\/h3>\n<\/div><div class=\"fusion-text fusion-text-5\"><h4><a href=\"https:\/\/www.escura.com\/es\/abogados-barcelona\/\">\u2192 Abogados Barcelona\u00a0<\/a><\/h4>\n<h4><a href=\"https:\/\/www.escura.com\/es\/abogados-madrid\/\">\u2192 Abogados Madrid<\/a><\/h4>\n<h4><a href=\"https:\/\/www.escura.com\/es\/oficinas-calafell-vendrell\/\">\u2192 Abogados Tarragona<\/a><\/h4>\n<\/div><div class=\"fusion-separator fusion-full-width-sep\" style=\"align-self: center;margin-left: auto;margin-right: auto;margin-top:30px;width:100%;\"><\/div><div class=\"fusion-text fusion-text-6\"><h3><span style=\"color: #000080;\">Nuestras Redes<\/span><\/h3>\n<\/div><div class=\"fusion-social-links fusion-social-links-1\" style=\"--awb-margin-top:0px;--awb-margin-right:0px;--awb-margin-bottom:0px;--awb-margin-left:0px;--awb-box-border-top:0px;--awb-box-border-right:0px;--awb-box-border-bottom:0px;--awb-box-border-left:0px;--awb-icon-colors-hover:rgba(0,0,0,0.8);--awb-box-colors-hover:rgba(21,59,122,0.8);--awb-box-border-color:var(--awb-color3);--awb-box-border-color-hover:var(--awb-color4);\"><div class=\"fusion-social-networks boxed-icons color-type-custom\"><div class=\"fusion-social-networks-wrapper\"><a class=\"fusion-social-network-icon fusion-tooltip fusion-linkedin awb-icon-linkedin\" style=\"color:#ffffff;font-size:14px;width:14px;background-color:#153b7a;border-color:#153b7a;border-radius:3px;\" data-placement=\"top\" data-title=\"LinkedIn\" data-toggle=\"tooltip\" title=\"LinkedIn\" aria-label=\"linkedin\" target=\"_blank\" rel=\"noopener noreferrer\" href=\"https:\/\/www.linkedin.com\/feed\/\"><\/a><a class=\"fusion-social-network-icon fusion-tooltip fusion-instagram awb-icon-instagram\" style=\"color:#ffffff;font-size:14px;width:14px;background-color:#153b7a;border-color:#153b7a;border-radius:3px;\" data-placement=\"top\" data-title=\"Instagram\" data-toggle=\"tooltip\" title=\"Instagram\" aria-label=\"instagram\" target=\"_blank\" rel=\"noopener noreferrer\" href=\"https:\/\/www.instagram.com\/escura_abogados\/\"><\/a><a class=\"fusion-social-network-icon fusion-tooltip fusion-facebook awb-icon-facebook\" style=\"color:#ffffff;font-size:14px;width:14px;background-color:#153b7a;border-color:#153b7a;border-radius:3px;\" data-placement=\"top\" data-title=\"Facebook\" data-toggle=\"tooltip\" title=\"Facebook\" aria-label=\"facebook\" target=\"_blank\" rel=\"noopener noreferrer\" href=\"https:\/\/www.facebook.com\/escura.abogados\/\"><\/a><a class=\"fusion-social-network-icon fusion-tooltip fusion-twitter awb-icon-twitter\" style=\"color:#ffffff;font-size:14px;width:14px;background-color:#153b7a;border-color:#153b7a;border-radius:3px;\" data-placement=\"top\" data-title=\"X\" data-toggle=\"tooltip\" title=\"X\" aria-label=\"twitter\" target=\"_blank\" rel=\"noopener noreferrer\" href=\"#\"><\/a><\/div><\/div><\/div><\/div><\/div><\/div><\/div><div class=\"fusion-fullwidth fullwidth-box fusion-builder-row-2 nonhundred-percent-fullwidth non-hundred-percent-height-scrolling\" style=\"--awb-border-radius-top-left:0px;--awb-border-radius-top-right:0px;--awb-border-radius-bottom-right:0px;--awb-border-radius-bottom-left:0px;--awb-flex-wrap:wrap;\" ><div class=\"fusion-builder-row fusion-row\"><div class=\"fusion-layout-column fusion_builder_column fusion-builder-column-2 fusion_builder_column_1_1 1_1 fusion-one-full fusion-column-first fusion-column-last banner\" style=\"--awb-padding-top:20px;--awb-padding-right:20px;--awb-padding-bottom:20px;--awb-padding-left:20px;--awb-bg-image:url(&#039;http:\/\/blog.escura.com\/wp-content\/uploads\/2019\/03\/area_litigios_arbitraje.jpg&#039;);--awb-bg-size:cover;--awb-margin-top:40px;\"><div class=\"fusion-column-wrapper fusion-flex-column-wrapper-legacy fusion-column-has-bg-image\" data-bg-url=\"http:\/\/blog.escura.com\/wp-content\/uploads\/2019\/03\/area_litigios_arbitraje.jpg\"><div class=\"fusion-text fusion-text-7\"><h3><a href=\"https:\/\/www.escura.com\/es\/economico-fiscal\/\">Consulta nuestra \u00e1rea de <strong>Fiscal Contable<\/strong><\/a><\/h3>\n<\/div><div class=\"fusion-clearfix\"><\/div><\/div><\/div><\/div><\/div><\/p>\n","protected":false},"excerpt":{"rendered":"","protected":false},"author":1,"featured_media":38919,"comment_status":"open","ping_status":"open","sticky":false,"template":"","format":"standard","meta":{"footnotes":""},"categories":[28],"tags":[233,417,603],"class_list":["post-41351","post","type-post","status-publish","format-standard","has-post-thumbnail","hentry","category-fiscal-contable","tag-declaracion-de-la-renta","tag-irpf","tag-presupuestos-generales-2023"],"yoast_head":"<!-- This site is optimized with the Yoast SEO Premium plugin v26.6 (Yoast SEO v27.4) - https:\/\/yoast.com\/product\/yoast-seo-premium-wordpress\/ -->\n<title>Ley de presupuestos Generales 2023: Medidas fiscales en el IRPF<\/title>\n<meta name=\"description\" content=\"La presente circular creada por Escura habla sobre la Ley de presupuestos Generales 2023: Medidas fiscales en el IRPF.\" \/>\n<meta name=\"robots\" content=\"index, follow, max-snippet:-1, max-image-preview:large, max-video-preview:-1\" \/>\n<link rel=\"canonical\" href=\"https:\/\/www.escura.com\/es\/ley-de-presupuestos-generales-2023-medidas-fiscales-en-el-irpf\/\" \/>\n<meta property=\"og:locale\" content=\"es_ES\" \/>\n<meta property=\"og:type\" content=\"article\" \/>\n<meta property=\"og:title\" content=\"Ley de presupuestos Generales 2023: Medidas fiscales en el IRPF\" \/>\n<meta property=\"og:description\" content=\"La presente circular creada por Escura habla sobre la Ley de presupuestos Generales 2023: Medidas fiscales en el IRPF.\" \/>\n<meta property=\"og:url\" content=\"https:\/\/www.escura.com\/es\/ley-de-presupuestos-generales-2023-medidas-fiscales-en-el-irpf\/\" \/>\n<meta property=\"og:site_name\" content=\"Escura | Abogados y Economistas\" \/>\n<meta property=\"article:publisher\" content=\"https:\/\/www.facebook.com\/escura.abogados\" \/>\n<meta property=\"article:published_time\" content=\"2023-01-09T08:50:43+00:00\" \/>\n<meta property=\"article:modified_time\" content=\"2023-02-16T12:47:41+00:00\" \/>\n<meta property=\"og:image\" content=\"https:\/\/www.escura.com\/wp-content\/uploads\/2022\/10\/AdobeStock_364876547-scaled.jpeg\" \/>\n\t<meta property=\"og:image:width\" content=\"2560\" \/>\n\t<meta property=\"og:image:height\" content=\"1617\" \/>\n\t<meta property=\"og:image:type\" content=\"image\/jpeg\" \/>\n<meta name=\"author\" content=\"adminbe\" \/>\n<meta name=\"twitter:card\" content=\"summary_large_image\" \/>\n<meta name=\"twitter:creator\" content=\"@escura_abogados\" \/>\n<meta name=\"twitter:site\" content=\"@escura_abogados\" \/>\n<meta name=\"twitter:label1\" content=\"Escrito por\" \/>\n\t<meta name=\"twitter:data1\" content=\"adminbe\" \/>\n\t<meta name=\"twitter:label2\" content=\"Tiempo de lectura\" \/>\n\t<meta name=\"twitter:data2\" content=\"10 minutos\" \/>\n<script type=\"application\/ld+json\" class=\"yoast-schema-graph\">{\"@context\":\"https:\\\/\\\/schema.org\",\"@graph\":[{\"@type\":\"Article\",\"@id\":\"https:\\\/\\\/www.escura.com\\\/es\\\/ley-de-presupuestos-generales-2023-medidas-fiscales-en-el-irpf\\\/#article\",\"isPartOf\":{\"@id\":\"https:\\\/\\\/www.escura.com\\\/es\\\/ley-de-presupuestos-generales-2023-medidas-fiscales-en-el-irpf\\\/\"},\"author\":{\"name\":\"adminbe\",\"@id\":\"https:\\\/\\\/www.escura.com\\\/es\\\/#\\\/schema\\\/person\\\/7a91eddf0c7dd9b28ddc69906b14e30e\"},\"headline\":\"Ley de presupuestos Generales 2023: Medidas fiscales en el IRPF\",\"datePublished\":\"2023-01-09T08:50:43+00:00\",\"dateModified\":\"2023-02-16T12:47:41+00:00\",\"mainEntityOfPage\":{\"@id\":\"https:\\\/\\\/www.escura.com\\\/es\\\/ley-de-presupuestos-generales-2023-medidas-fiscales-en-el-irpf\\\/\"},\"wordCount\":2965,\"commentCount\":0,\"publisher\":{\"@id\":\"https:\\\/\\\/www.escura.com\\\/es\\\/#organization\"},\"image\":{\"@id\":\"https:\\\/\\\/www.escura.com\\\/es\\\/ley-de-presupuestos-generales-2023-medidas-fiscales-en-el-irpf\\\/#primaryimage\"},\"thumbnailUrl\":\"https:\\\/\\\/www.escura.com\\\/wp-content\\\/uploads\\\/2022\\\/10\\\/AdobeStock_364876547-scaled.jpeg\",\"keywords\":[\"Declaraci\u00f3n de la renta\",\"IRPF\",\"presupuestos Generales 2023\"],\"articleSection\":[\"Fiscal - Contable\"],\"inLanguage\":\"es\",\"potentialAction\":[{\"@type\":\"CommentAction\",\"name\":\"Comment\",\"target\":[\"https:\\\/\\\/www.escura.com\\\/es\\\/ley-de-presupuestos-generales-2023-medidas-fiscales-en-el-irpf\\\/#respond\"]}]},{\"@type\":\"WebPage\",\"@id\":\"https:\\\/\\\/www.escura.com\\\/es\\\/ley-de-presupuestos-generales-2023-medidas-fiscales-en-el-irpf\\\/\",\"url\":\"https:\\\/\\\/www.escura.com\\\/es\\\/ley-de-presupuestos-generales-2023-medidas-fiscales-en-el-irpf\\\/\",\"name\":\"Ley de presupuestos Generales 2023: Medidas fiscales en el IRPF\",\"isPartOf\":{\"@id\":\"https:\\\/\\\/www.escura.com\\\/es\\\/#website\"},\"primaryImageOfPage\":{\"@id\":\"https:\\\/\\\/www.escura.com\\\/es\\\/ley-de-presupuestos-generales-2023-medidas-fiscales-en-el-irpf\\\/#primaryimage\"},\"image\":{\"@id\":\"https:\\\/\\\/www.escura.com\\\/es\\\/ley-de-presupuestos-generales-2023-medidas-fiscales-en-el-irpf\\\/#primaryimage\"},\"thumbnailUrl\":\"https:\\\/\\\/www.escura.com\\\/wp-content\\\/uploads\\\/2022\\\/10\\\/AdobeStock_364876547-scaled.jpeg\",\"datePublished\":\"2023-01-09T08:50:43+00:00\",\"dateModified\":\"2023-02-16T12:47:41+00:00\",\"description\":\"La presente circular creada por Escura habla sobre la Ley de presupuestos Generales 2023: Medidas fiscales en el IRPF.\",\"breadcrumb\":{\"@id\":\"https:\\\/\\\/www.escura.com\\\/es\\\/ley-de-presupuestos-generales-2023-medidas-fiscales-en-el-irpf\\\/#breadcrumb\"},\"inLanguage\":\"es\",\"potentialAction\":[{\"@type\":\"ReadAction\",\"target\":[\"https:\\\/\\\/www.escura.com\\\/es\\\/ley-de-presupuestos-generales-2023-medidas-fiscales-en-el-irpf\\\/\"]}]},{\"@type\":\"ImageObject\",\"inLanguage\":\"es\",\"@id\":\"https:\\\/\\\/www.escura.com\\\/es\\\/ley-de-presupuestos-generales-2023-medidas-fiscales-en-el-irpf\\\/#primaryimage\",\"url\":\"https:\\\/\\\/www.escura.com\\\/wp-content\\\/uploads\\\/2022\\\/10\\\/AdobeStock_364876547-scaled.jpeg\",\"contentUrl\":\"https:\\\/\\\/www.escura.com\\\/wp-content\\\/uploads\\\/2022\\\/10\\\/AdobeStock_364876547-scaled.jpeg\",\"width\":2560,\"height\":1617},{\"@type\":\"BreadcrumbList\",\"@id\":\"https:\\\/\\\/www.escura.com\\\/es\\\/ley-de-presupuestos-generales-2023-medidas-fiscales-en-el-irpf\\\/#breadcrumb\",\"itemListElement\":[{\"@type\":\"ListItem\",\"position\":1,\"name\":\"Portada\",\"item\":\"https:\\\/\\\/www.escura.com\\\/es\\\/\"},{\"@type\":\"ListItem\",\"position\":2,\"name\":\"Ley de presupuestos Generales 2023: Medidas fiscales en el IRPF\"}]},{\"@type\":\"WebSite\",\"@id\":\"https:\\\/\\\/www.escura.com\\\/es\\\/#website\",\"url\":\"https:\\\/\\\/www.escura.com\\\/es\\\/\",\"name\":\"Escura | Abogados y Economistas\",\"description\":\"Escura es uno de los despachos de abogados de mayor prestigio en Barcelona, Madrid y Tarragona\",\"publisher\":{\"@id\":\"https:\\\/\\\/www.escura.com\\\/es\\\/#organization\"},\"potentialAction\":[{\"@type\":\"SearchAction\",\"target\":{\"@type\":\"EntryPoint\",\"urlTemplate\":\"https:\\\/\\\/www.escura.com\\\/es\\\/?s={search_term_string}\"},\"query-input\":{\"@type\":\"PropertyValueSpecification\",\"valueRequired\":true,\"valueName\":\"search_term_string\"}}],\"inLanguage\":\"es\"},{\"@type\":\"Organization\",\"@id\":\"https:\\\/\\\/www.escura.com\\\/es\\\/#organization\",\"name\":\"Escura. Abogados y economistas\",\"url\":\"https:\\\/\\\/www.escura.com\\\/es\\\/\",\"logo\":{\"@type\":\"ImageObject\",\"inLanguage\":\"es\",\"@id\":\"https:\\\/\\\/www.escura.com\\\/es\\\/#\\\/schema\\\/logo\\\/image\\\/\",\"url\":\"\",\"contentUrl\":\"\",\"caption\":\"Escura. Abogados y economistas\"},\"image\":{\"@id\":\"https:\\\/\\\/www.escura.com\\\/es\\\/#\\\/schema\\\/logo\\\/image\\\/\"},\"sameAs\":[\"https:\\\/\\\/www.facebook.com\\\/escura.abogados\",\"https:\\\/\\\/x.com\\\/escura_abogados\",\"https:\\\/\\\/www.instagram.com\\\/escura_abogados\\\/\",\"https:\\\/\\\/www.linkedin.com\\\/company\\\/bufete-escura\",\"https:\\\/\\\/www.youtube.com\\\/user\\\/BufeteEscura\\\/videos\"]},{\"@type\":\"Person\",\"@id\":\"https:\\\/\\\/www.escura.com\\\/es\\\/#\\\/schema\\\/person\\\/7a91eddf0c7dd9b28ddc69906b14e30e\",\"name\":\"adminbe\",\"image\":{\"@type\":\"ImageObject\",\"inLanguage\":\"es\",\"@id\":\"https:\\\/\\\/secure.gravatar.com\\\/avatar\\\/137bae7398ac3afb739b2fcea4266e889703e4bdaa4297b1c3b2d12cdf8f67a3?s=96&d=mm&r=g\",\"url\":\"https:\\\/\\\/secure.gravatar.com\\\/avatar\\\/137bae7398ac3afb739b2fcea4266e889703e4bdaa4297b1c3b2d12cdf8f67a3?s=96&d=mm&r=g\",\"contentUrl\":\"https:\\\/\\\/secure.gravatar.com\\\/avatar\\\/137bae7398ac3afb739b2fcea4266e889703e4bdaa4297b1c3b2d12cdf8f67a3?s=96&d=mm&r=g\",\"caption\":\"adminbe\"}}]}<\/script>\n<!-- \/ Yoast SEO Premium plugin. -->","yoast_head_json":{"title":"Ley de presupuestos Generales 2023: Medidas fiscales en el IRPF","description":"La presente circular creada por Escura habla sobre la Ley de presupuestos Generales 2023: Medidas fiscales en el IRPF.","robots":{"index":"index","follow":"follow","max-snippet":"max-snippet:-1","max-image-preview":"max-image-preview:large","max-video-preview":"max-video-preview:-1"},"canonical":"https:\/\/www.escura.com\/es\/ley-de-presupuestos-generales-2023-medidas-fiscales-en-el-irpf\/","og_locale":"es_ES","og_type":"article","og_title":"Ley de presupuestos Generales 2023: Medidas fiscales en el IRPF","og_description":"La presente circular creada por Escura habla sobre la Ley de presupuestos Generales 2023: Medidas fiscales en el IRPF.","og_url":"https:\/\/www.escura.com\/es\/ley-de-presupuestos-generales-2023-medidas-fiscales-en-el-irpf\/","og_site_name":"Escura | Abogados y Economistas","article_publisher":"https:\/\/www.facebook.com\/escura.abogados","article_published_time":"2023-01-09T08:50:43+00:00","article_modified_time":"2023-02-16T12:47:41+00:00","og_image":[{"width":2560,"height":1617,"url":"https:\/\/www.escura.com\/wp-content\/uploads\/2022\/10\/AdobeStock_364876547-scaled.jpeg","type":"image\/jpeg"}],"author":"adminbe","twitter_card":"summary_large_image","twitter_creator":"@escura_abogados","twitter_site":"@escura_abogados","twitter_misc":{"Escrito por":"adminbe","Tiempo de lectura":"10 minutos"},"schema":{"@context":"https:\/\/schema.org","@graph":[{"@type":"Article","@id":"https:\/\/www.escura.com\/es\/ley-de-presupuestos-generales-2023-medidas-fiscales-en-el-irpf\/#article","isPartOf":{"@id":"https:\/\/www.escura.com\/es\/ley-de-presupuestos-generales-2023-medidas-fiscales-en-el-irpf\/"},"author":{"name":"adminbe","@id":"https:\/\/www.escura.com\/es\/#\/schema\/person\/7a91eddf0c7dd9b28ddc69906b14e30e"},"headline":"Ley de presupuestos Generales 2023: Medidas fiscales en el IRPF","datePublished":"2023-01-09T08:50:43+00:00","dateModified":"2023-02-16T12:47:41+00:00","mainEntityOfPage":{"@id":"https:\/\/www.escura.com\/es\/ley-de-presupuestos-generales-2023-medidas-fiscales-en-el-irpf\/"},"wordCount":2965,"commentCount":0,"publisher":{"@id":"https:\/\/www.escura.com\/es\/#organization"},"image":{"@id":"https:\/\/www.escura.com\/es\/ley-de-presupuestos-generales-2023-medidas-fiscales-en-el-irpf\/#primaryimage"},"thumbnailUrl":"https:\/\/www.escura.com\/wp-content\/uploads\/2022\/10\/AdobeStock_364876547-scaled.jpeg","keywords":["Declaraci\u00f3n de la renta","IRPF","presupuestos Generales 2023"],"articleSection":["Fiscal - Contable"],"inLanguage":"es","potentialAction":[{"@type":"CommentAction","name":"Comment","target":["https:\/\/www.escura.com\/es\/ley-de-presupuestos-generales-2023-medidas-fiscales-en-el-irpf\/#respond"]}]},{"@type":"WebPage","@id":"https:\/\/www.escura.com\/es\/ley-de-presupuestos-generales-2023-medidas-fiscales-en-el-irpf\/","url":"https:\/\/www.escura.com\/es\/ley-de-presupuestos-generales-2023-medidas-fiscales-en-el-irpf\/","name":"Ley de presupuestos Generales 2023: Medidas fiscales en el IRPF","isPartOf":{"@id":"https:\/\/www.escura.com\/es\/#website"},"primaryImageOfPage":{"@id":"https:\/\/www.escura.com\/es\/ley-de-presupuestos-generales-2023-medidas-fiscales-en-el-irpf\/#primaryimage"},"image":{"@id":"https:\/\/www.escura.com\/es\/ley-de-presupuestos-generales-2023-medidas-fiscales-en-el-irpf\/#primaryimage"},"thumbnailUrl":"https:\/\/www.escura.com\/wp-content\/uploads\/2022\/10\/AdobeStock_364876547-scaled.jpeg","datePublished":"2023-01-09T08:50:43+00:00","dateModified":"2023-02-16T12:47:41+00:00","description":"La presente circular creada por Escura habla sobre la Ley de presupuestos Generales 2023: Medidas fiscales en el IRPF.","breadcrumb":{"@id":"https:\/\/www.escura.com\/es\/ley-de-presupuestos-generales-2023-medidas-fiscales-en-el-irpf\/#breadcrumb"},"inLanguage":"es","potentialAction":[{"@type":"ReadAction","target":["https:\/\/www.escura.com\/es\/ley-de-presupuestos-generales-2023-medidas-fiscales-en-el-irpf\/"]}]},{"@type":"ImageObject","inLanguage":"es","@id":"https:\/\/www.escura.com\/es\/ley-de-presupuestos-generales-2023-medidas-fiscales-en-el-irpf\/#primaryimage","url":"https:\/\/www.escura.com\/wp-content\/uploads\/2022\/10\/AdobeStock_364876547-scaled.jpeg","contentUrl":"https:\/\/www.escura.com\/wp-content\/uploads\/2022\/10\/AdobeStock_364876547-scaled.jpeg","width":2560,"height":1617},{"@type":"BreadcrumbList","@id":"https:\/\/www.escura.com\/es\/ley-de-presupuestos-generales-2023-medidas-fiscales-en-el-irpf\/#breadcrumb","itemListElement":[{"@type":"ListItem","position":1,"name":"Portada","item":"https:\/\/www.escura.com\/es\/"},{"@type":"ListItem","position":2,"name":"Ley de presupuestos Generales 2023: Medidas fiscales en el IRPF"}]},{"@type":"WebSite","@id":"https:\/\/www.escura.com\/es\/#website","url":"https:\/\/www.escura.com\/es\/","name":"Escura | Abogados y Economistas","description":"Escura es uno de los despachos de abogados de mayor prestigio en Barcelona, Madrid y Tarragona","publisher":{"@id":"https:\/\/www.escura.com\/es\/#organization"},"potentialAction":[{"@type":"SearchAction","target":{"@type":"EntryPoint","urlTemplate":"https:\/\/www.escura.com\/es\/?s={search_term_string}"},"query-input":{"@type":"PropertyValueSpecification","valueRequired":true,"valueName":"search_term_string"}}],"inLanguage":"es"},{"@type":"Organization","@id":"https:\/\/www.escura.com\/es\/#organization","name":"Escura. Abogados y economistas","url":"https:\/\/www.escura.com\/es\/","logo":{"@type":"ImageObject","inLanguage":"es","@id":"https:\/\/www.escura.com\/es\/#\/schema\/logo\/image\/","url":"","contentUrl":"","caption":"Escura. Abogados y economistas"},"image":{"@id":"https:\/\/www.escura.com\/es\/#\/schema\/logo\/image\/"},"sameAs":["https:\/\/www.facebook.com\/escura.abogados","https:\/\/x.com\/escura_abogados","https:\/\/www.instagram.com\/escura_abogados\/","https:\/\/www.linkedin.com\/company\/bufete-escura","https:\/\/www.youtube.com\/user\/BufeteEscura\/videos"]},{"@type":"Person","@id":"https:\/\/www.escura.com\/es\/#\/schema\/person\/7a91eddf0c7dd9b28ddc69906b14e30e","name":"adminbe","image":{"@type":"ImageObject","inLanguage":"es","@id":"https:\/\/secure.gravatar.com\/avatar\/137bae7398ac3afb739b2fcea4266e889703e4bdaa4297b1c3b2d12cdf8f67a3?s=96&d=mm&r=g","url":"https:\/\/secure.gravatar.com\/avatar\/137bae7398ac3afb739b2fcea4266e889703e4bdaa4297b1c3b2d12cdf8f67a3?s=96&d=mm&r=g","contentUrl":"https:\/\/secure.gravatar.com\/avatar\/137bae7398ac3afb739b2fcea4266e889703e4bdaa4297b1c3b2d12cdf8f67a3?s=96&d=mm&r=g","caption":"adminbe"}}]}},"_links":{"self":[{"href":"https:\/\/www.escura.com\/es\/wp-json\/wp\/v2\/posts\/41351","targetHints":{"allow":["GET"]}}],"collection":[{"href":"https:\/\/www.escura.com\/es\/wp-json\/wp\/v2\/posts"}],"about":[{"href":"https:\/\/www.escura.com\/es\/wp-json\/wp\/v2\/types\/post"}],"author":[{"embeddable":true,"href":"https:\/\/www.escura.com\/es\/wp-json\/wp\/v2\/users\/1"}],"replies":[{"embeddable":true,"href":"https:\/\/www.escura.com\/es\/wp-json\/wp\/v2\/comments?post=41351"}],"version-history":[{"count":7,"href":"https:\/\/www.escura.com\/es\/wp-json\/wp\/v2\/posts\/41351\/revisions"}],"predecessor-version":[{"id":42625,"href":"https:\/\/www.escura.com\/es\/wp-json\/wp\/v2\/posts\/41351\/revisions\/42625"}],"wp:featuredmedia":[{"embeddable":true,"href":"https:\/\/www.escura.com\/es\/wp-json\/wp\/v2\/media\/38919"}],"wp:attachment":[{"href":"https:\/\/www.escura.com\/es\/wp-json\/wp\/v2\/media?parent=41351"}],"wp:term":[{"taxonomy":"category","embeddable":true,"href":"https:\/\/www.escura.com\/es\/wp-json\/wp\/v2\/categories?post=41351"},{"taxonomy":"post_tag","embeddable":true,"href":"https:\/\/www.escura.com\/es\/wp-json\/wp\/v2\/tags?post=41351"}],"curies":[{"name":"wp","href":"https:\/\/api.w.org\/{rel}","templated":true}]}}