{"id":41087,"date":"2022-12-28T10:03:01","date_gmt":"2022-12-28T09:03:01","guid":{"rendered":"https:\/\/www.escura.com\/?p=41087"},"modified":"2023-02-16T13:56:41","modified_gmt":"2023-02-16T12:56:41","slug":"medidas-urgentes-en-materia-economica-y-social-real-decreto-ley-20-2022","status":"publish","type":"post","link":"https:\/\/www.escura.com\/es\/medidas-urgentes-en-materia-economica-y-social-real-decreto-ley-20-2022\/","title":{"rendered":"Medidas urgentes en materia econ\u00f3mica y social. Real Decreto-Ley 20\/2022."},"content":{"rendered":"<p><div class=\"fusion-fullwidth fullwidth-box fusion-builder-row-1 fusion-flex-container nonhundred-percent-fullwidth non-hundred-percent-height-scrolling\" style=\"--awb-border-radius-top-left:0px;--awb-border-radius-top-right:0px;--awb-border-radius-bottom-right:0px;--awb-border-radius-bottom-left:0px;--awb-flex-wrap:wrap;\" ><div class=\"fusion-builder-row fusion-row fusion-flex-align-items-flex-start fusion-flex-content-wrap\" style=\"max-width:104%;margin-left: calc(-4% \/ 2 );margin-right: calc(-4% \/ 2 );\"><div class=\"fusion-layout-column fusion_builder_column fusion-builder-column-0 fusion_builder_column_3_4 3_4 fusion-flex-column\" style=\"--awb-bg-size:cover;--awb-width-large:75%;--awb-margin-top-large:0px;--awb-spacing-right-large:2.56%;--awb-margin-bottom-large:20px;--awb-spacing-left-large:2.56%;--awb-width-medium:100%;--awb-order-medium:0;--awb-spacing-right-medium:1.92%;--awb-spacing-left-medium:1.92%;--awb-width-small:100%;--awb-order-small:0;--awb-spacing-right-small:1.92%;--awb-spacing-left-small:1.92%;\"><div class=\"fusion-column-wrapper fusion-column-has-shadow fusion-flex-justify-content-space-around fusion-content-layout-column\"><div class=\"fusion-image-element \" style=\"--awb-caption-title-font-family:var(--h2_typography-font-family);--awb-caption-title-font-weight:var(--h2_typography-font-weight);--awb-caption-title-font-style:var(--h2_typography-font-style);--awb-caption-title-size:var(--h2_typography-font-size);--awb-caption-title-transform:var(--h2_typography-text-transform);--awb-caption-title-line-height:var(--h2_typography-line-height);--awb-caption-title-letter-spacing:var(--h2_typography-letter-spacing);\"><span class=\" fusion-imageframe imageframe-none imageframe-1 hover-type-none\"><img decoding=\"async\" width=\"1920\" height=\"625\" alt=\"Medidas urgentes en materia econ\u00f3mica y social. Real Decreto-Ley 20\/2022.\" title=\"Economia\" src=\"http:\/\/www.escura.com\/wp-content\/uploads\/2022\/06\/MEDIDA-IMAGEN-CIRCULARES-9.png\" class=\"img-responsive wp-image-34241\" srcset=\"https:\/\/www.escura.com\/wp-content\/uploads\/2022\/06\/MEDIDA-IMAGEN-CIRCULARES-9-200x65.png 200w, https:\/\/www.escura.com\/wp-content\/uploads\/2022\/06\/MEDIDA-IMAGEN-CIRCULARES-9-400x130.png 400w, https:\/\/www.escura.com\/wp-content\/uploads\/2022\/06\/MEDIDA-IMAGEN-CIRCULARES-9-600x195.png 600w, https:\/\/www.escura.com\/wp-content\/uploads\/2022\/06\/MEDIDA-IMAGEN-CIRCULARES-9-800x260.png 800w, https:\/\/www.escura.com\/wp-content\/uploads\/2022\/06\/MEDIDA-IMAGEN-CIRCULARES-9-1200x391.png 1200w, https:\/\/www.escura.com\/wp-content\/uploads\/2022\/06\/MEDIDA-IMAGEN-CIRCULARES-9.png 1920w\" sizes=\"(max-width: 1024px) 100vw, (max-width: 850px) 100vw, 1920px\" \/><\/span><\/div><div class=\"fusion-separator fusion-full-width-sep\" style=\"align-self: center;margin-left: auto;margin-right: auto;margin-top:30px;width:100%;\"><\/div><div class=\"fusion-text fusion-text-1\"><p style=\"text-align: right;\"><a href=\"http:\/\/www.escura.com\/wp-content\/uploads\/2022\/12\/115-22-Medidas-urgentes-en-materia-economica-y-social.-Real-Decreto-Ley-202022-1.pdf\">Consulte pdf<\/a><\/p>\n<h1 class=\"fusion-responsive-typography-calculated\" style=\"--fontsize: 34; line-height: 1.41;\" data-fontsize=\"34\" data-lineheight=\"47.94px\">Medidas urgentes en materia econ\u00f3mica y social. Real Decreto-Ley 20\/2022.<\/h1>\n<p>El BOE del 28 de diciembre del 2022 publica el RDL 20\/2022 que recoge una serie de medidas urgentes entre otros \u00e1mbitos, en el tributario.<\/p>\n<p>Puede Consultar el texto \u00edntegro de RDL en el siguiente enlace: <a href=\"https:\/\/www.boe.es\/boe\/dias\/2022\/12\/28\/pdfs\/BOE-A-2022-22685.pdf\">Consulta<\/a><\/p>\n<p>Cabe indicar que el RDL 20\/22 contempla otra serie de medidas, que analizaremos en posteriores circulares, pero que debido a la urgencia de aquellas que deban de aplicarse a partir del pr\u00f3ximo 1 de enero, recogemos en la presente circular las de car\u00e1cter m\u00e1s urgente, y que afectan al IVA de los alimentos:<\/p>\n<p><strong>Articulo 72 2 Con efectos desde el 1 de enero de 2023 y vigencia hasta el 30 de junio de 2023:<\/strong><\/p>\n<p>1.\u2003Se aplicar\u00e1 el <strong>tipo del 5 por ciento<\/strong> del Impuesto sobre el Valor A\u00f1adido a las entregas, importaciones y adquisiciones intracomunitarias de los siguientes productos:<\/p>\n<p><strong>a)\u2003Los aceites de oliva y de semillas.<\/strong><\/p>\n<p><strong>b)\u2003Las pastas alimenticias.<\/strong><\/p>\n<p><strong>El tipo del recargo de equivalencia aplicable a estas operaciones ser\u00e1 del 0,625 por ciento.<\/strong><\/p>\n<p>No obstante, el tipo impositivo aplicable ser\u00e1 el 10 por ciento a partir del d\u00eda 1 del mes de mayo de 2023, en el caso de que la tasa interanual de la inflaci\u00f3n subyacente del mes de marzo, publicada en abril, sea inferior al 5,5 por ciento.<\/p>\n<p>En este caso, el tipo del recargo de equivalencia aplicable a estas operaciones ser\u00e1 del 1,4 por ciento.<\/p>\n<p>2.\u2003Se aplicar\u00e1 <strong>el tipo del 0 por ciento<\/strong> del Impuesto sobre el Valor A\u00f1adido a las entregas, importaciones y adquisiciones intracomunitarias de los siguientes productos:<\/p>\n<p><strong>a)\u2003El pan com\u00fan, as\u00ed como la masa de pan com\u00fan congelada y el pan com\u00fan congelado destinados exclusivamente a la elaboraci\u00f3n del pan com\u00fan.<\/strong><\/p>\n<p><strong>b)\u2003Las harinas panificables.<\/strong><\/p>\n<p><strong>c)\u2003Los siguientes tipos de leche producida por cualquier especie animal: natural, certificada, pasterizada, concentrada, desnatada, esterilizada, UHT, evaporada y en polvo.<\/strong><\/p>\n<p><strong>d)\u2003Los quesos.<\/strong><\/p>\n<p><strong>e)\u2003Los huevos.<\/strong><\/p>\n<p><strong>f)\u2003Las frutas, verduras, hortalizas, legumbres, tub\u00e9rculos y cereales, que tengan la condici\u00f3n de productos naturales de acuerdo con el C\u00f3digo Alimentario y las disposiciones dictadas para su desarrollo.<\/strong><\/p>\n<p>El tipo del recargo de equivalencia aplicable a estas operaciones ser\u00e1 del 0 por ciento.<\/p>\n<p>No obstante, el tipo impositivo aplicable ser\u00e1 el 4 por ciento a partir del d\u00eda 1 del mes de mayo de 2023, en el caso de que la tasa interanual de la inflaci\u00f3n subyacente del mes de marzo, publicada en abril, sea inferior al 5,5 por ciento. En este caso, el tipo del recargo de equivalencia aplicable a estas operaciones ser\u00e1 del 0,5 por ciento<\/p>\n<\/div><div class=\"fusion-text fusion-text-2\"><p style=\"text-align: left;\">\u00a9 La presente informaci\u00f3n es propiedad de\u00a0<a href=\"https:\/\/www.escura.com\/es\/\"><strong>Escura<\/strong>,\u00a0<strong>abogados<\/strong>\u00a0y\u00a0<strong>economistas<\/strong><\/a>, quedando prohibida su reproducci\u00f3n sin permiso expreso.<\/p>\n<\/div><div class=\"fusion-separator fusion-full-width-sep\" style=\"align-self: center;margin-left: auto;margin-right: auto;margin-top:30px;width:100%;\"><\/div><\/div><\/div><div class=\"fusion-layout-column fusion_builder_column fusion-builder-column-1 fusion_builder_column_1_4 1_4 fusion-flex-column\" style=\"--awb-bg-size:cover;--awb-width-large:25%;--awb-margin-top-large:0px;--awb-spacing-right-large:7.68%;--awb-margin-bottom-large:20px;--awb-spacing-left-large:7.68%;--awb-width-medium:100%;--awb-order-medium:0;--awb-spacing-right-medium:1.92%;--awb-spacing-left-medium:1.92%;--awb-width-small:100%;--awb-order-small:0;--awb-spacing-right-small:1.92%;--awb-spacing-left-small:1.92%;\"><div class=\"fusion-column-wrapper fusion-column-has-shadow fusion-flex-justify-content-flex-start fusion-content-layout-column\"><div class=\"fusion-search-element fusion-search-element-1 fusion-search-form-clean\">\t\t<form role=\"search\" class=\"searchform fusion-search-form  fusion-search-form-clean\" method=\"get\" action=\"https:\/\/www.escura.com\/es\/\">\n\t\t\t<div class=\"fusion-search-form-content\">\n\n\t\t\t\t\n\t\t\t\t<div class=\"fusion-search-field search-field\">\n\t\t\t\t\t<label><span class=\"screen-reader-text\">Buscar:<\/span>\n\t\t\t\t\t\t\t\t\t\t\t\t\t<input type=\"search\" value=\"\" name=\"s\" class=\"s\" placeholder=\"Search...\" required aria-required=\"true\" aria-label=\"Search...\"\/>\n\t\t\t\t\t\t\t\t\t\t\t<\/label>\n\t\t\t\t<\/div>\n\t\t\t\t<div class=\"fusion-search-button search-button\">\n\t\t\t\t\t<input type=\"submit\" class=\"fusion-search-submit searchsubmit\" aria-label=\"Buscar\" value=\"&#xf002;\" \/>\n\t\t\t\t\t\t\t\t\t<\/div>\n\n\t\t\t\t<input type=\"hidden\" name=\"post_type[]\" value=\"post\" \/><input type=\"hidden\" name=\"post_type[]\" value=\"page\" \/><input type=\"hidden\" name=\"post_type[]\" value=\"avada_portfolio\" \/><input type=\"hidden\" name=\"post_type[]\" value=\"avada_faq\" \/><input type=\"hidden\" name=\"search_limit_to_post_titles\" value=\"0\" \/><input type=\"hidden\" name=\"add_woo_product_skus\" value=\"0\" \/><input type=\"hidden\" name=\"fs\" value=\"1\" \/>\n\t\t\t<\/div>\n\n\n\t\t\t\n\t\t<\/form>\n\t\t<\/div><div class=\"fusion-separator fusion-full-width-sep\" style=\"align-self: center;margin-left: auto;margin-right: auto;margin-top:30px;width:100%;\"><\/div><div class=\"fusion-text fusion-text-3\"><h3><span style=\"color: #000080;\">Nuestras \u00c1reas<\/span><\/h3>\n<\/div><ul style=\"--awb-line-height:27.2px;--awb-icon-width:27.2px;--awb-icon-height:27.2px;--awb-icon-margin:11.2px;--awb-content-margin:38.4px;\" class=\"fusion-checklist fusion-checklist-1 fusion-checklist-default type-icons\"><li class=\"fusion-li-item\" style=\"\"><span class=\"icon-wrapper circle-no\"><i class=\"fusion-li-icon fa-folder far\" aria-hidden=\"true\"><\/i><\/span><div class=\"fusion-li-item-content\">\n<div class=\"fusion-text fusion-text-1\">\n<p data-fontsize=\"26\" data-lineheight=\"31.46px\"><a href=\"https:\/\/www.escura.com\/es\/compliance-penal\/\">Compliance Penal<\/a><\/p>\n<\/div>\n<div class=\"fusion-text fusion-text-2\"><\/div>\n<\/div><\/li><li class=\"fusion-li-item\" style=\"\"><span class=\"icon-wrapper circle-no\"><i class=\"fusion-li-icon fa-folder far\" aria-hidden=\"true\"><\/i><\/span><div class=\"fusion-li-item-content\">\n<p><a href=\"https:\/\/www.escura.com\/es\/derecho-societario-mercantil\/\">Drecho Societario y Mercantil<\/a><\/p>\n<\/div><\/li><li class=\"fusion-li-item\" style=\"\"><span class=\"icon-wrapper circle-no\"><i class=\"fusion-li-icon fa-folder far\" aria-hidden=\"true\"><\/i><\/span><div class=\"fusion-li-item-content\">\n<p><a href=\"https:\/\/www.escura.com\/es\/economico-fiscal\/\">Econ\u00f3mico Fiscal<\/a><\/p>\n<\/div><\/li><li class=\"fusion-li-item\" style=\"\"><span class=\"icon-wrapper circle-no\"><i class=\"fusion-li-icon fa-folder far\" aria-hidden=\"true\"><\/i><\/span><div class=\"fusion-li-item-content\">\n<p><a href=\"https:\/\/www.escura.com\/es\/plan-de-igualdad\/\">Plan de Igualdad<\/a><\/p>\n<\/div><\/li><li class=\"fusion-li-item\" style=\"\"><span class=\"icon-wrapper circle-no\"><i class=\"fusion-li-icon fa-folder far\" aria-hidden=\"true\"><\/i><\/span><div class=\"fusion-li-item-content\">\n<p><a href=\"https:\/\/www.escura.com\/es\/proteccion-de-datos\/\">Protecci\u00f3n de Datos<\/a><\/p>\n<\/div><\/li><li class=\"fusion-li-item\" style=\"\"><span class=\"icon-wrapper circle-no\"><i class=\"fusion-li-icon fa-folder far\" aria-hidden=\"true\"><\/i><\/span><div class=\"fusion-li-item-content\">\n<p><a href=\"https:\/\/www.escura.com\/es\/recursos-humanos\/\">Recursos Humanos<\/a><\/p>\n<\/div><\/li><\/ul><div class=\"fusion-separator fusion-full-width-sep\" style=\"align-self: center;margin-left: auto;margin-right: auto;margin-top:30px;width:100%;\"><\/div><div class=\"fusion-text fusion-text-4\"><h3><span style=\"color: #000080;\">Nuestras Oficinas<\/span><\/h3>\n<\/div><div class=\"fusion-text fusion-text-5\"><h4><a href=\"https:\/\/www.escura.com\/es\/abogados-barcelona\/\">\u2192 Abogados Barcelona\u00a0<\/a><\/h4>\n<h4><a href=\"https:\/\/www.escura.com\/es\/abogados-madrid\/\">\u2192 Abogados Madrid<\/a><\/h4>\n<h4><a href=\"https:\/\/www.escura.com\/es\/oficinas-calafell-vendrell\/\">\u2192 Abogados Tarragona<\/a><\/h4>\n<\/div><div class=\"fusion-separator fusion-full-width-sep\" style=\"align-self: center;margin-left: auto;margin-right: auto;margin-top:30px;width:100%;\"><\/div><div class=\"fusion-text fusion-text-6\"><h3><span style=\"color: #000080;\">Nuestras Redes<\/span><\/h3>\n<\/div><div class=\"fusion-social-links fusion-social-links-1\" style=\"--awb-margin-top:0px;--awb-margin-right:0px;--awb-margin-bottom:0px;--awb-margin-left:0px;--awb-box-border-top:0px;--awb-box-border-right:0px;--awb-box-border-bottom:0px;--awb-box-border-left:0px;--awb-icon-colors-hover:rgba(0,0,0,0.8);--awb-box-colors-hover:rgba(21,59,122,0.8);--awb-box-border-color:var(--awb-color3);--awb-box-border-color-hover:var(--awb-color4);\"><div class=\"fusion-social-networks boxed-icons color-type-custom\"><div class=\"fusion-social-networks-wrapper\"><a class=\"fusion-social-network-icon fusion-tooltip fusion-linkedin awb-icon-linkedin\" style=\"color:#ffffff;font-size:14px;width:14px;background-color:#153b7a;border-color:#153b7a;border-radius:3px;\" data-placement=\"top\" data-title=\"LinkedIn\" data-toggle=\"tooltip\" title=\"LinkedIn\" aria-label=\"linkedin\" target=\"_blank\" rel=\"noopener noreferrer\" href=\"https:\/\/www.linkedin.com\/feed\/\"><\/a><a class=\"fusion-social-network-icon fusion-tooltip fusion-instagram awb-icon-instagram\" style=\"color:#ffffff;font-size:14px;width:14px;background-color:#153b7a;border-color:#153b7a;border-radius:3px;\" data-placement=\"top\" data-title=\"Instagram\" data-toggle=\"tooltip\" title=\"Instagram\" aria-label=\"instagram\" target=\"_blank\" rel=\"noopener noreferrer\" href=\"https:\/\/www.instagram.com\/escura_abogados\/\"><\/a><a class=\"fusion-social-network-icon fusion-tooltip fusion-facebook awb-icon-facebook\" style=\"color:#ffffff;font-size:14px;width:14px;background-color:#153b7a;border-color:#153b7a;border-radius:3px;\" data-placement=\"top\" data-title=\"Facebook\" data-toggle=\"tooltip\" title=\"Facebook\" aria-label=\"facebook\" target=\"_blank\" rel=\"noopener noreferrer\" href=\"https:\/\/www.facebook.com\/escura.abogados\/\"><\/a><a class=\"fusion-social-network-icon fusion-tooltip fusion-twitter awb-icon-twitter\" style=\"color:#ffffff;font-size:14px;width:14px;background-color:#153b7a;border-color:#153b7a;border-radius:3px;\" data-placement=\"top\" data-title=\"X\" data-toggle=\"tooltip\" title=\"X\" aria-label=\"twitter\" target=\"_blank\" rel=\"noopener noreferrer\" href=\"#\"><\/a><\/div><\/div><\/div><\/div><\/div><\/div><\/div><div class=\"fusion-fullwidth fullwidth-box fusion-builder-row-2 nonhundred-percent-fullwidth non-hundred-percent-height-scrolling\" style=\"--awb-border-radius-top-left:0px;--awb-border-radius-top-right:0px;--awb-border-radius-bottom-right:0px;--awb-border-radius-bottom-left:0px;--awb-flex-wrap:wrap;\" ><div class=\"fusion-builder-row fusion-row\"><div class=\"fusion-layout-column fusion_builder_column fusion-builder-column-2 fusion_builder_column_1_1 1_1 fusion-one-full fusion-column-first fusion-column-last banner\" style=\"--awb-padding-top:20px;--awb-padding-right:20px;--awb-padding-bottom:20px;--awb-padding-left:20px;--awb-bg-image:url(&#039;http:\/\/blog.escura.com\/wp-content\/uploads\/2019\/03\/area_litigios_arbitraje.jpg&#039;);--awb-bg-size:cover;--awb-margin-top:40px;\"><div class=\"fusion-column-wrapper fusion-flex-column-wrapper-legacy fusion-column-has-bg-image\" data-bg-url=\"http:\/\/blog.escura.com\/wp-content\/uploads\/2019\/03\/area_litigios_arbitraje.jpg\"><div class=\"fusion-text fusion-text-7\"><h3><a href=\"https:\/\/www.escura.com\/es\/economico-fiscal\/\">Consulta nuestra \u00e1rea de Fiscal Contable<\/a><\/h3>\n<\/div><div class=\"fusion-clearfix\"><\/div><\/div><\/div><\/div><\/div><\/p>\n","protected":false},"excerpt":{"rendered":"","protected":false},"author":1,"featured_media":32207,"comment_status":"open","ping_status":"open","sticky":false,"template":"","format":"standard","meta":{"footnotes":""},"categories":[28],"tags":[577,64,586,576],"class_list":["post-41087","post","type-post","status-publish","format-standard","has-post-thumbnail","hentry","category-fiscal-contable","tag-economia","tag-fiscal","tag-rdl-20-2022","tag-real-decreto-ley-20-2022"],"yoast_head":"<!-- This site is optimized with the Yoast SEO Premium plugin v26.6 (Yoast SEO v27.5) - https:\/\/yoast.com\/product\/yoast-seo-premium-wordpress\/ -->\n<title>Medidas urgentes en materia econ\u00f3mica y social. RDL 20\/2022.<\/title>\n<meta name=\"description\" content=\"La presente circular habla sobre Medidas urgentes en materia econ\u00f3mica y social. Real Decreto-Ley 20\/2022.\" \/>\n<meta name=\"robots\" content=\"index, follow, max-snippet:-1, max-image-preview:large, max-video-preview:-1\" \/>\n<link rel=\"canonical\" href=\"https:\/\/www.escura.com\/es\/medidas-urgentes-en-materia-economica-y-social-real-decreto-ley-20-2022\/\" \/>\n<meta property=\"og:locale\" content=\"es_ES\" \/>\n<meta property=\"og:type\" content=\"article\" \/>\n<meta property=\"og:title\" content=\"Medidas urgentes en materia econ\u00f3mica y social. Real Decreto-Ley 20\/2022.\" \/>\n<meta property=\"og:description\" content=\"La presente circular habla sobre Medidas urgentes en materia econ\u00f3mica y social. Real Decreto-Ley 20\/2022.\" \/>\n<meta property=\"og:url\" content=\"https:\/\/www.escura.com\/es\/medidas-urgentes-en-materia-economica-y-social-real-decreto-ley-20-2022\/\" \/>\n<meta property=\"og:site_name\" content=\"Escura | Abogados y Economistas\" \/>\n<meta property=\"article:publisher\" content=\"https:\/\/www.facebook.com\/escura.abogados\" \/>\n<meta property=\"article:published_time\" content=\"2022-12-28T09:03:01+00:00\" \/>\n<meta property=\"article:modified_time\" content=\"2023-02-16T12:56:41+00:00\" \/>\n<meta property=\"og:image\" content=\"https:\/\/www.escura.com\/wp-content\/uploads\/2022\/06\/AdobeStock_210071782-scaled.jpeg\" \/>\n\t<meta property=\"og:image:width\" content=\"2560\" \/>\n\t<meta property=\"og:image:height\" content=\"1709\" \/>\n\t<meta property=\"og:image:type\" content=\"image\/jpeg\" \/>\n<meta name=\"author\" content=\"adminbe\" \/>\n<meta name=\"twitter:card\" content=\"summary_large_image\" \/>\n<meta name=\"twitter:creator\" content=\"@escura_abogados\" \/>\n<meta name=\"twitter:site\" content=\"@escura_abogados\" \/>\n<meta name=\"twitter:label1\" content=\"Escrito por\" \/>\n\t<meta name=\"twitter:data1\" content=\"adminbe\" \/>\n\t<meta name=\"twitter:label2\" content=\"Tiempo de lectura\" \/>\n\t<meta name=\"twitter:data2\" content=\"7 minutos\" \/>\n<script type=\"application\/ld+json\" class=\"yoast-schema-graph\">{\"@context\":\"https:\\\/\\\/schema.org\",\"@graph\":[{\"@type\":\"Article\",\"@id\":\"https:\\\/\\\/www.escura.com\\\/es\\\/medidas-urgentes-en-materia-economica-y-social-real-decreto-ley-20-2022\\\/#article\",\"isPartOf\":{\"@id\":\"https:\\\/\\\/www.escura.com\\\/es\\\/medidas-urgentes-en-materia-economica-y-social-real-decreto-ley-20-2022\\\/\"},\"author\":{\"name\":\"adminbe\",\"@id\":\"https:\\\/\\\/35.181.91.225\\\/es\\\/#\\\/schema\\\/person\\\/7a91eddf0c7dd9b28ddc69906b14e30e\"},\"headline\":\"Medidas urgentes en materia econ\u00f3mica y social. Real Decreto-Ley 20\\\/2022.\",\"datePublished\":\"2022-12-28T09:03:01+00:00\",\"dateModified\":\"2023-02-16T12:56:41+00:00\",\"mainEntityOfPage\":{\"@id\":\"https:\\\/\\\/www.escura.com\\\/es\\\/medidas-urgentes-en-materia-economica-y-social-real-decreto-ley-20-2022\\\/\"},\"wordCount\":2392,\"commentCount\":0,\"publisher\":{\"@id\":\"https:\\\/\\\/35.181.91.225\\\/es\\\/#organization\"},\"image\":{\"@id\":\"https:\\\/\\\/www.escura.com\\\/es\\\/medidas-urgentes-en-materia-economica-y-social-real-decreto-ley-20-2022\\\/#primaryimage\"},\"thumbnailUrl\":\"https:\\\/\\\/www.escura.com\\\/wp-content\\\/uploads\\\/2022\\\/06\\\/AdobeStock_210071782-scaled.jpeg\",\"keywords\":[\"economia\",\"fiscal\",\"RDL 20\\\/2022\",\"Real Decreto-Ley 20\\\/2022\"],\"articleSection\":[\"Fiscal - Contable\"],\"inLanguage\":\"es\",\"potentialAction\":[{\"@type\":\"CommentAction\",\"name\":\"Comment\",\"target\":[\"https:\\\/\\\/www.escura.com\\\/es\\\/medidas-urgentes-en-materia-economica-y-social-real-decreto-ley-20-2022\\\/#respond\"]}]},{\"@type\":\"WebPage\",\"@id\":\"https:\\\/\\\/www.escura.com\\\/es\\\/medidas-urgentes-en-materia-economica-y-social-real-decreto-ley-20-2022\\\/\",\"url\":\"https:\\\/\\\/www.escura.com\\\/es\\\/medidas-urgentes-en-materia-economica-y-social-real-decreto-ley-20-2022\\\/\",\"name\":\"Medidas urgentes en materia econ\u00f3mica y social. RDL 20\\\/2022.\",\"isPartOf\":{\"@id\":\"https:\\\/\\\/35.181.91.225\\\/es\\\/#website\"},\"primaryImageOfPage\":{\"@id\":\"https:\\\/\\\/www.escura.com\\\/es\\\/medidas-urgentes-en-materia-economica-y-social-real-decreto-ley-20-2022\\\/#primaryimage\"},\"image\":{\"@id\":\"https:\\\/\\\/www.escura.com\\\/es\\\/medidas-urgentes-en-materia-economica-y-social-real-decreto-ley-20-2022\\\/#primaryimage\"},\"thumbnailUrl\":\"https:\\\/\\\/www.escura.com\\\/wp-content\\\/uploads\\\/2022\\\/06\\\/AdobeStock_210071782-scaled.jpeg\",\"datePublished\":\"2022-12-28T09:03:01+00:00\",\"dateModified\":\"2023-02-16T12:56:41+00:00\",\"description\":\"La presente circular habla sobre Medidas urgentes en materia econ\u00f3mica y social. Real Decreto-Ley 20\\\/2022.\",\"breadcrumb\":{\"@id\":\"https:\\\/\\\/www.escura.com\\\/es\\\/medidas-urgentes-en-materia-economica-y-social-real-decreto-ley-20-2022\\\/#breadcrumb\"},\"inLanguage\":\"es\",\"potentialAction\":[{\"@type\":\"ReadAction\",\"target\":[\"https:\\\/\\\/www.escura.com\\\/es\\\/medidas-urgentes-en-materia-economica-y-social-real-decreto-ley-20-2022\\\/\"]}]},{\"@type\":\"ImageObject\",\"inLanguage\":\"es\",\"@id\":\"https:\\\/\\\/www.escura.com\\\/es\\\/medidas-urgentes-en-materia-economica-y-social-real-decreto-ley-20-2022\\\/#primaryimage\",\"url\":\"https:\\\/\\\/www.escura.com\\\/wp-content\\\/uploads\\\/2022\\\/06\\\/AdobeStock_210071782-scaled.jpeg\",\"contentUrl\":\"https:\\\/\\\/www.escura.com\\\/wp-content\\\/uploads\\\/2022\\\/06\\\/AdobeStock_210071782-scaled.jpeg\",\"width\":2560,\"height\":1709,\"caption\":\"pila de monedas con mano al fondo para Impuesto sobre Sociedades\"},{\"@type\":\"BreadcrumbList\",\"@id\":\"https:\\\/\\\/www.escura.com\\\/es\\\/medidas-urgentes-en-materia-economica-y-social-real-decreto-ley-20-2022\\\/#breadcrumb\",\"itemListElement\":[{\"@type\":\"ListItem\",\"position\":1,\"name\":\"Portada\",\"item\":\"https:\\\/\\\/www.35-181-91-225.plesk.page\\\/es\\\/\"},{\"@type\":\"ListItem\",\"position\":2,\"name\":\"Medidas urgentes en materia econ\u00f3mica y social. Real Decreto-Ley 20\\\/2022.\"}]},{\"@type\":\"WebSite\",\"@id\":\"https:\\\/\\\/35.181.91.225\\\/es\\\/#website\",\"url\":\"https:\\\/\\\/35.181.91.225\\\/es\\\/\",\"name\":\"Escura | Abogados y Economistas\",\"description\":\"Escura es uno de los despachos de abogados de mayor prestigio en Barcelona, Madrid y Tarragona\",\"publisher\":{\"@id\":\"https:\\\/\\\/35.181.91.225\\\/es\\\/#organization\"},\"potentialAction\":[{\"@type\":\"SearchAction\",\"target\":{\"@type\":\"EntryPoint\",\"urlTemplate\":\"https:\\\/\\\/35.181.91.225\\\/es\\\/?s={search_term_string}\"},\"query-input\":{\"@type\":\"PropertyValueSpecification\",\"valueRequired\":true,\"valueName\":\"search_term_string\"}}],\"inLanguage\":\"es\"},{\"@type\":\"Organization\",\"@id\":\"https:\\\/\\\/35.181.91.225\\\/es\\\/#organization\",\"name\":\"Escura. Abogados y economistas\",\"url\":\"https:\\\/\\\/35.181.91.225\\\/es\\\/\",\"logo\":{\"@type\":\"ImageObject\",\"inLanguage\":\"es\",\"@id\":\"https:\\\/\\\/35.181.91.225\\\/es\\\/#\\\/schema\\\/logo\\\/image\\\/\",\"url\":\"\",\"contentUrl\":\"\",\"caption\":\"Escura. Abogados y economistas\"},\"image\":{\"@id\":\"https:\\\/\\\/35.181.91.225\\\/es\\\/#\\\/schema\\\/logo\\\/image\\\/\"},\"sameAs\":[\"https:\\\/\\\/www.facebook.com\\\/escura.abogados\",\"https:\\\/\\\/x.com\\\/escura_abogados\",\"https:\\\/\\\/www.instagram.com\\\/escura_abogados\\\/\",\"https:\\\/\\\/www.linkedin.com\\\/company\\\/bufete-escura\",\"https:\\\/\\\/www.youtube.com\\\/user\\\/BufeteEscura\\\/videos\"]},{\"@type\":\"Person\",\"@id\":\"https:\\\/\\\/35.181.91.225\\\/es\\\/#\\\/schema\\\/person\\\/7a91eddf0c7dd9b28ddc69906b14e30e\",\"name\":\"adminbe\",\"image\":{\"@type\":\"ImageObject\",\"inLanguage\":\"es\",\"@id\":\"https:\\\/\\\/secure.gravatar.com\\\/avatar\\\/137bae7398ac3afb739b2fcea4266e889703e4bdaa4297b1c3b2d12cdf8f67a3?s=96&d=mm&r=g\",\"url\":\"https:\\\/\\\/secure.gravatar.com\\\/avatar\\\/137bae7398ac3afb739b2fcea4266e889703e4bdaa4297b1c3b2d12cdf8f67a3?s=96&d=mm&r=g\",\"contentUrl\":\"https:\\\/\\\/secure.gravatar.com\\\/avatar\\\/137bae7398ac3afb739b2fcea4266e889703e4bdaa4297b1c3b2d12cdf8f67a3?s=96&d=mm&r=g\",\"caption\":\"adminbe\"}}]}<\/script>\n<!-- \/ Yoast SEO Premium plugin. -->","yoast_head_json":{"title":"Medidas urgentes en materia econ\u00f3mica y social. RDL 20\/2022.","description":"La presente circular habla sobre Medidas urgentes en materia econ\u00f3mica y social. Real Decreto-Ley 20\/2022.","robots":{"index":"index","follow":"follow","max-snippet":"max-snippet:-1","max-image-preview":"max-image-preview:large","max-video-preview":"max-video-preview:-1"},"canonical":"https:\/\/www.escura.com\/es\/medidas-urgentes-en-materia-economica-y-social-real-decreto-ley-20-2022\/","og_locale":"es_ES","og_type":"article","og_title":"Medidas urgentes en materia econ\u00f3mica y social. Real Decreto-Ley 20\/2022.","og_description":"La presente circular habla sobre Medidas urgentes en materia econ\u00f3mica y social. Real Decreto-Ley 20\/2022.","og_url":"https:\/\/www.escura.com\/es\/medidas-urgentes-en-materia-economica-y-social-real-decreto-ley-20-2022\/","og_site_name":"Escura | Abogados y Economistas","article_publisher":"https:\/\/www.facebook.com\/escura.abogados","article_published_time":"2022-12-28T09:03:01+00:00","article_modified_time":"2023-02-16T12:56:41+00:00","og_image":[{"width":2560,"height":1709,"url":"https:\/\/www.escura.com\/wp-content\/uploads\/2022\/06\/AdobeStock_210071782-scaled.jpeg","type":"image\/jpeg"}],"author":"adminbe","twitter_card":"summary_large_image","twitter_creator":"@escura_abogados","twitter_site":"@escura_abogados","twitter_misc":{"Escrito por":"adminbe","Tiempo de lectura":"7 minutos"},"schema":{"@context":"https:\/\/schema.org","@graph":[{"@type":"Article","@id":"https:\/\/www.escura.com\/es\/medidas-urgentes-en-materia-economica-y-social-real-decreto-ley-20-2022\/#article","isPartOf":{"@id":"https:\/\/www.escura.com\/es\/medidas-urgentes-en-materia-economica-y-social-real-decreto-ley-20-2022\/"},"author":{"name":"adminbe","@id":"https:\/\/35.181.91.225\/es\/#\/schema\/person\/7a91eddf0c7dd9b28ddc69906b14e30e"},"headline":"Medidas urgentes en materia econ\u00f3mica y social. Real Decreto-Ley 20\/2022.","datePublished":"2022-12-28T09:03:01+00:00","dateModified":"2023-02-16T12:56:41+00:00","mainEntityOfPage":{"@id":"https:\/\/www.escura.com\/es\/medidas-urgentes-en-materia-economica-y-social-real-decreto-ley-20-2022\/"},"wordCount":2392,"commentCount":0,"publisher":{"@id":"https:\/\/35.181.91.225\/es\/#organization"},"image":{"@id":"https:\/\/www.escura.com\/es\/medidas-urgentes-en-materia-economica-y-social-real-decreto-ley-20-2022\/#primaryimage"},"thumbnailUrl":"https:\/\/www.escura.com\/wp-content\/uploads\/2022\/06\/AdobeStock_210071782-scaled.jpeg","keywords":["economia","fiscal","RDL 20\/2022","Real Decreto-Ley 20\/2022"],"articleSection":["Fiscal - Contable"],"inLanguage":"es","potentialAction":[{"@type":"CommentAction","name":"Comment","target":["https:\/\/www.escura.com\/es\/medidas-urgentes-en-materia-economica-y-social-real-decreto-ley-20-2022\/#respond"]}]},{"@type":"WebPage","@id":"https:\/\/www.escura.com\/es\/medidas-urgentes-en-materia-economica-y-social-real-decreto-ley-20-2022\/","url":"https:\/\/www.escura.com\/es\/medidas-urgentes-en-materia-economica-y-social-real-decreto-ley-20-2022\/","name":"Medidas urgentes en materia econ\u00f3mica y social. RDL 20\/2022.","isPartOf":{"@id":"https:\/\/35.181.91.225\/es\/#website"},"primaryImageOfPage":{"@id":"https:\/\/www.escura.com\/es\/medidas-urgentes-en-materia-economica-y-social-real-decreto-ley-20-2022\/#primaryimage"},"image":{"@id":"https:\/\/www.escura.com\/es\/medidas-urgentes-en-materia-economica-y-social-real-decreto-ley-20-2022\/#primaryimage"},"thumbnailUrl":"https:\/\/www.escura.com\/wp-content\/uploads\/2022\/06\/AdobeStock_210071782-scaled.jpeg","datePublished":"2022-12-28T09:03:01+00:00","dateModified":"2023-02-16T12:56:41+00:00","description":"La presente circular habla sobre Medidas urgentes en materia econ\u00f3mica y social. Real Decreto-Ley 20\/2022.","breadcrumb":{"@id":"https:\/\/www.escura.com\/es\/medidas-urgentes-en-materia-economica-y-social-real-decreto-ley-20-2022\/#breadcrumb"},"inLanguage":"es","potentialAction":[{"@type":"ReadAction","target":["https:\/\/www.escura.com\/es\/medidas-urgentes-en-materia-economica-y-social-real-decreto-ley-20-2022\/"]}]},{"@type":"ImageObject","inLanguage":"es","@id":"https:\/\/www.escura.com\/es\/medidas-urgentes-en-materia-economica-y-social-real-decreto-ley-20-2022\/#primaryimage","url":"https:\/\/www.escura.com\/wp-content\/uploads\/2022\/06\/AdobeStock_210071782-scaled.jpeg","contentUrl":"https:\/\/www.escura.com\/wp-content\/uploads\/2022\/06\/AdobeStock_210071782-scaled.jpeg","width":2560,"height":1709,"caption":"pila de monedas con mano al fondo para Impuesto sobre Sociedades"},{"@type":"BreadcrumbList","@id":"https:\/\/www.escura.com\/es\/medidas-urgentes-en-materia-economica-y-social-real-decreto-ley-20-2022\/#breadcrumb","itemListElement":[{"@type":"ListItem","position":1,"name":"Portada","item":"https:\/\/www.35-181-91-225.plesk.page\/es\/"},{"@type":"ListItem","position":2,"name":"Medidas urgentes en materia econ\u00f3mica y social. Real Decreto-Ley 20\/2022."}]},{"@type":"WebSite","@id":"https:\/\/35.181.91.225\/es\/#website","url":"https:\/\/35.181.91.225\/es\/","name":"Escura | Abogados y Economistas","description":"Escura es uno de los despachos de abogados de mayor prestigio en Barcelona, Madrid y Tarragona","publisher":{"@id":"https:\/\/35.181.91.225\/es\/#organization"},"potentialAction":[{"@type":"SearchAction","target":{"@type":"EntryPoint","urlTemplate":"https:\/\/35.181.91.225\/es\/?s={search_term_string}"},"query-input":{"@type":"PropertyValueSpecification","valueRequired":true,"valueName":"search_term_string"}}],"inLanguage":"es"},{"@type":"Organization","@id":"https:\/\/35.181.91.225\/es\/#organization","name":"Escura. Abogados y economistas","url":"https:\/\/35.181.91.225\/es\/","logo":{"@type":"ImageObject","inLanguage":"es","@id":"https:\/\/35.181.91.225\/es\/#\/schema\/logo\/image\/","url":"","contentUrl":"","caption":"Escura. Abogados y economistas"},"image":{"@id":"https:\/\/35.181.91.225\/es\/#\/schema\/logo\/image\/"},"sameAs":["https:\/\/www.facebook.com\/escura.abogados","https:\/\/x.com\/escura_abogados","https:\/\/www.instagram.com\/escura_abogados\/","https:\/\/www.linkedin.com\/company\/bufete-escura","https:\/\/www.youtube.com\/user\/BufeteEscura\/videos"]},{"@type":"Person","@id":"https:\/\/35.181.91.225\/es\/#\/schema\/person\/7a91eddf0c7dd9b28ddc69906b14e30e","name":"adminbe","image":{"@type":"ImageObject","inLanguage":"es","@id":"https:\/\/secure.gravatar.com\/avatar\/137bae7398ac3afb739b2fcea4266e889703e4bdaa4297b1c3b2d12cdf8f67a3?s=96&d=mm&r=g","url":"https:\/\/secure.gravatar.com\/avatar\/137bae7398ac3afb739b2fcea4266e889703e4bdaa4297b1c3b2d12cdf8f67a3?s=96&d=mm&r=g","contentUrl":"https:\/\/secure.gravatar.com\/avatar\/137bae7398ac3afb739b2fcea4266e889703e4bdaa4297b1c3b2d12cdf8f67a3?s=96&d=mm&r=g","caption":"adminbe"}}]}},"_links":{"self":[{"href":"https:\/\/www.escura.com\/es\/wp-json\/wp\/v2\/posts\/41087","targetHints":{"allow":["GET"]}}],"collection":[{"href":"https:\/\/www.escura.com\/es\/wp-json\/wp\/v2\/posts"}],"about":[{"href":"https:\/\/www.escura.com\/es\/wp-json\/wp\/v2\/types\/post"}],"author":[{"embeddable":true,"href":"https:\/\/www.escura.com\/es\/wp-json\/wp\/v2\/users\/1"}],"replies":[{"embeddable":true,"href":"https:\/\/www.escura.com\/es\/wp-json\/wp\/v2\/comments?post=41087"}],"version-history":[{"count":25,"href":"https:\/\/www.escura.com\/es\/wp-json\/wp\/v2\/posts\/41087\/revisions"}],"predecessor-version":[{"id":42638,"href":"https:\/\/www.escura.com\/es\/wp-json\/wp\/v2\/posts\/41087\/revisions\/42638"}],"wp:featuredmedia":[{"embeddable":true,"href":"https:\/\/www.escura.com\/es\/wp-json\/wp\/v2\/media\/32207"}],"wp:attachment":[{"href":"https:\/\/www.escura.com\/es\/wp-json\/wp\/v2\/media?parent=41087"}],"wp:term":[{"taxonomy":"category","embeddable":true,"href":"https:\/\/www.escura.com\/es\/wp-json\/wp\/v2\/categories?post=41087"},{"taxonomy":"post_tag","embeddable":true,"href":"https:\/\/www.escura.com\/es\/wp-json\/wp\/v2\/tags?post=41087"}],"curies":[{"name":"wp","href":"https:\/\/api.w.org\/{rel}","templated":true}]}}