{"id":3088,"date":"2016-07-19T08:28:41","date_gmt":"2016-07-19T08:28:41","guid":{"rendered":"https:\/\/www.escura.com\/blog-escura\/?p=3088"},"modified":"2016-07-19T08:28:41","modified_gmt":"2016-07-19T08:28:41","slug":"deduccion-de-los-gastos-incurridos-en-la-organizacion-de-eventos-publicitarios","status":"publish","type":"post","link":"https:\/\/www.escura.com\/es\/deduccion-de-los-gastos-incurridos-en-la-organizacion-de-eventos-publicitarios\/","title":{"rendered":"Deducci\u00f3n de los gastos incurridos en la organizaci\u00f3n de eventos publicitarios"},"content":{"rendered":"<p style=\"text-align: justify;\"><a href=\"https:\/\/www.escura.com\/blog-escura\/wp-content\/uploads\/2015\/05\/036.jpg\" rel=\"attachment wp-att-1693\"><img decoding=\"async\" class=\"size-full wp-image-1693 alignleft\" src=\"https:\/\/www.escura.com\/blog-escura\/wp-content\/uploads\/2015\/05\/036.jpg\" alt=\"\" width=\"160\" height=\"160\" \/><\/a>Consulta vinculante<u> V1153-12<\/u>, de 28 de mayo, sobre deducci\u00f3n de los gastos incurridos en la organizaci\u00f3n de eventos publicitarios.<\/p>\n<p style=\"text-align: justify;\"><b>\u00bfLos gastos incurridos en la organizaci\u00f3n de un evento de celebraci\u00f3n por la filial espa\u00f1ola tienen la consideraci\u00f3n de fiscalmente deducibles en el IS?<\/b><\/p>\n<p style=\"text-align: justify;\">La deducci\u00f3n de los gastos en concepto de servicios entre entidades vinculadas estar\u00e1 condicionada a que los servicios prestados produzcan o puedan producir una ventaja o utilidad a su destinatario.<\/p>\n<p style=\"text-align: justify;\">Para mayor informaci\u00f3n, clique aqu\u00ed: <a href=\"https:\/\/www.escura.com\/archivos\/pdf\/2012%20V1153-2012%20OpsV%20-%20IS.pdf\">leer consulta vinculante<\/a><\/p>\n","protected":false},"excerpt":{"rendered":"<p>Consulta vinculante V1153-12, de 28 de mayo, sobre deducci\u00f3n de los gastos incurridos en la organizaci\u00f3n de eventos publicitarios. \u00bfLos gastos incurridos en la organizaci\u00f3n de un evento de celebraci\u00f3n por la filial espa\u00f1ola tienen la consideraci\u00f3n de fiscalmente deducibles en el IS? La deducci\u00f3n de los gastos en concepto de servicios entre entidades vinculadas estar\u00e1 condicionada a que los servicios prestados produzcan o puedan producir una ventaja o utilidad a su  [&#8230;]<\/p>\n","protected":false},"author":1,"featured_media":0,"comment_status":"open","ping_status":"open","sticky":false,"template":"","format":"standard","meta":{"footnotes":""},"categories":[29],"tags":[],"class_list":["post-3088","post","type-post","status-publish","format-standard","hentry","category-precios-de-transferencia"],"yoast_head":"<!-- This site is optimized with the Yoast SEO Premium plugin v26.6 (Yoast SEO v27.5) - https:\/\/yoast.com\/product\/yoast-seo-premium-wordpress\/ -->\n<title>Escura. Abogados y Economistas<\/title>\n<meta name=\"description\" content=\"Bufete de abogados y economistas. Conoce nuestras areas y nuestro blog, uno de los de referencia en el asesoramiento legal de empresas. Calidad certificada en ISO y por las principales gu\u00edas jur\u00eddicas internacionales\" \/>\n<meta name=\"robots\" content=\"index, follow, max-snippet:-1, max-image-preview:large, max-video-preview:-1\" \/>\n<link rel=\"canonical\" href=\"https:\/\/www.35-181-91-225.plesk.page\/es\/deduccion-de-los-gastos-incurridos-en-la-organizacion-de-eventos-publicitarios\/\" \/>\n<meta property=\"og:locale\" content=\"es_ES\" \/>\n<meta property=\"og:type\" content=\"article\" \/>\n<meta property=\"og:title\" content=\"Deducci\u00f3n de los gastos incurridos en la organizaci\u00f3n de eventos publicitarios\" \/>\n<meta property=\"og:description\" content=\"Bufete de abogados y economistas. Conoce nuestras areas y nuestro blog, uno de los de referencia en el asesoramiento legal de empresas. Calidad certificada en ISO y por las principales gu\u00edas jur\u00eddicas internacionales\" \/>\n<meta property=\"og:url\" content=\"https:\/\/www.35-181-91-225.plesk.page\/es\/deduccion-de-los-gastos-incurridos-en-la-organizacion-de-eventos-publicitarios\/\" \/>\n<meta property=\"og:site_name\" content=\"Escura | Abogados y Economistas\" \/>\n<meta property=\"article:publisher\" content=\"https:\/\/www.facebook.com\/escura.abogados\" \/>\n<meta property=\"article:published_time\" content=\"2016-07-19T08:28:41+00:00\" \/>\n<meta property=\"og:image\" content=\"https:\/\/www.escura.com\/blog-escura\/wp-content\/uploads\/2015\/05\/036.jpg\" \/>\n<meta name=\"author\" content=\"adminbe\" \/>\n<meta name=\"twitter:card\" content=\"summary_large_image\" \/>\n<meta name=\"twitter:creator\" content=\"@escura_abogados\" \/>\n<meta name=\"twitter:site\" content=\"@escura_abogados\" \/>\n<meta name=\"twitter:label1\" content=\"Escrito por\" \/>\n\t<meta name=\"twitter:data1\" content=\"adminbe\" \/>\n<script type=\"application\/ld+json\" class=\"yoast-schema-graph\">{\"@context\":\"https:\\\/\\\/schema.org\",\"@graph\":[{\"@type\":\"Article\",\"@id\":\"https:\\\/\\\/www.35-181-91-225.plesk.page\\\/es\\\/deduccion-de-los-gastos-incurridos-en-la-organizacion-de-eventos-publicitarios\\\/#article\",\"isPartOf\":{\"@id\":\"https:\\\/\\\/www.35-181-91-225.plesk.page\\\/es\\\/deduccion-de-los-gastos-incurridos-en-la-organizacion-de-eventos-publicitarios\\\/\"},\"author\":{\"name\":\"adminbe\",\"@id\":\"https:\\\/\\\/www.escura.com\\\/es\\\/#\\\/schema\\\/person\\\/7a91eddf0c7dd9b28ddc69906b14e30e\"},\"headline\":\"Deducci\u00f3n de los gastos incurridos en la organizaci\u00f3n de eventos publicitarios\",\"datePublished\":\"2016-07-19T08:28:41+00:00\",\"mainEntityOfPage\":{\"@id\":\"https:\\\/\\\/www.35-181-91-225.plesk.page\\\/es\\\/deduccion-de-los-gastos-incurridos-en-la-organizacion-de-eventos-publicitarios\\\/\"},\"wordCount\":102,\"commentCount\":0,\"publisher\":{\"@id\":\"https:\\\/\\\/www.escura.com\\\/es\\\/#organization\"},\"image\":{\"@id\":\"https:\\\/\\\/www.35-181-91-225.plesk.page\\\/es\\\/deduccion-de-los-gastos-incurridos-en-la-organizacion-de-eventos-publicitarios\\\/#primaryimage\"},\"thumbnailUrl\":\"https:\\\/\\\/www.escura.com\\\/blog-escura\\\/wp-content\\\/uploads\\\/2015\\\/05\\\/036.jpg\",\"articleSection\":[\"Precios de Transferencia\"],\"inLanguage\":\"es\",\"potentialAction\":[{\"@type\":\"CommentAction\",\"name\":\"Comment\",\"target\":[\"https:\\\/\\\/www.35-181-91-225.plesk.page\\\/es\\\/deduccion-de-los-gastos-incurridos-en-la-organizacion-de-eventos-publicitarios\\\/#respond\"]}]},{\"@type\":\"WebPage\",\"@id\":\"https:\\\/\\\/www.35-181-91-225.plesk.page\\\/es\\\/deduccion-de-los-gastos-incurridos-en-la-organizacion-de-eventos-publicitarios\\\/\",\"url\":\"https:\\\/\\\/www.35-181-91-225.plesk.page\\\/es\\\/deduccion-de-los-gastos-incurridos-en-la-organizacion-de-eventos-publicitarios\\\/\",\"name\":\"Escura. Abogados y Economistas\",\"isPartOf\":{\"@id\":\"https:\\\/\\\/www.escura.com\\\/es\\\/#website\"},\"primaryImageOfPage\":{\"@id\":\"https:\\\/\\\/www.35-181-91-225.plesk.page\\\/es\\\/deduccion-de-los-gastos-incurridos-en-la-organizacion-de-eventos-publicitarios\\\/#primaryimage\"},\"image\":{\"@id\":\"https:\\\/\\\/www.35-181-91-225.plesk.page\\\/es\\\/deduccion-de-los-gastos-incurridos-en-la-organizacion-de-eventos-publicitarios\\\/#primaryimage\"},\"thumbnailUrl\":\"https:\\\/\\\/www.escura.com\\\/blog-escura\\\/wp-content\\\/uploads\\\/2015\\\/05\\\/036.jpg\",\"datePublished\":\"2016-07-19T08:28:41+00:00\",\"description\":\"Bufete de abogados y economistas. Conoce nuestras areas y nuestro blog, uno de los de referencia en el asesoramiento legal de empresas. Calidad certificada en ISO y por las principales gu\u00edas jur\u00eddicas internacionales\",\"breadcrumb\":{\"@id\":\"https:\\\/\\\/www.35-181-91-225.plesk.page\\\/es\\\/deduccion-de-los-gastos-incurridos-en-la-organizacion-de-eventos-publicitarios\\\/#breadcrumb\"},\"inLanguage\":\"es\",\"potentialAction\":[{\"@type\":\"ReadAction\",\"target\":[\"https:\\\/\\\/www.35-181-91-225.plesk.page\\\/es\\\/deduccion-de-los-gastos-incurridos-en-la-organizacion-de-eventos-publicitarios\\\/\"]}]},{\"@type\":\"ImageObject\",\"inLanguage\":\"es\",\"@id\":\"https:\\\/\\\/www.35-181-91-225.plesk.page\\\/es\\\/deduccion-de-los-gastos-incurridos-en-la-organizacion-de-eventos-publicitarios\\\/#primaryimage\",\"url\":\"https:\\\/\\\/www.escura.com\\\/blog-escura\\\/wp-content\\\/uploads\\\/2015\\\/05\\\/036.jpg\",\"contentUrl\":\"https:\\\/\\\/www.escura.com\\\/blog-escura\\\/wp-content\\\/uploads\\\/2015\\\/05\\\/036.jpg\"},{\"@type\":\"BreadcrumbList\",\"@id\":\"https:\\\/\\\/www.35-181-91-225.plesk.page\\\/es\\\/deduccion-de-los-gastos-incurridos-en-la-organizacion-de-eventos-publicitarios\\\/#breadcrumb\",\"itemListElement\":[{\"@type\":\"ListItem\",\"position\":1,\"name\":\"Portada\",\"item\":\"https:\\\/\\\/www.escura.com\\\/es\\\/\"},{\"@type\":\"ListItem\",\"position\":2,\"name\":\"Deducci\u00f3n de los gastos incurridos en la organizaci\u00f3n de eventos publicitarios\"}]},{\"@type\":\"WebSite\",\"@id\":\"https:\\\/\\\/www.escura.com\\\/es\\\/#website\",\"url\":\"https:\\\/\\\/www.escura.com\\\/es\\\/\",\"name\":\"Escura | Abogados y Economistas\",\"description\":\"Escura es uno de los despachos de abogados de mayor prestigio en Barcelona, Madrid y Tarragona\",\"publisher\":{\"@id\":\"https:\\\/\\\/www.escura.com\\\/es\\\/#organization\"},\"potentialAction\":[{\"@type\":\"SearchAction\",\"target\":{\"@type\":\"EntryPoint\",\"urlTemplate\":\"https:\\\/\\\/www.escura.com\\\/es\\\/?s={search_term_string}\"},\"query-input\":{\"@type\":\"PropertyValueSpecification\",\"valueRequired\":true,\"valueName\":\"search_term_string\"}}],\"inLanguage\":\"es\"},{\"@type\":\"Organization\",\"@id\":\"https:\\\/\\\/www.escura.com\\\/es\\\/#organization\",\"name\":\"Escura. Abogados y economistas\",\"url\":\"https:\\\/\\\/www.escura.com\\\/es\\\/\",\"logo\":{\"@type\":\"ImageObject\",\"inLanguage\":\"es\",\"@id\":\"https:\\\/\\\/www.escura.com\\\/es\\\/#\\\/schema\\\/logo\\\/image\\\/\",\"url\":\"\",\"contentUrl\":\"\",\"caption\":\"Escura. Abogados y economistas\"},\"image\":{\"@id\":\"https:\\\/\\\/www.escura.com\\\/es\\\/#\\\/schema\\\/logo\\\/image\\\/\"},\"sameAs\":[\"https:\\\/\\\/www.facebook.com\\\/escura.abogados\",\"https:\\\/\\\/x.com\\\/escura_abogados\",\"https:\\\/\\\/www.instagram.com\\\/escura_abogados\\\/\",\"https:\\\/\\\/www.linkedin.com\\\/company\\\/bufete-escura\",\"https:\\\/\\\/www.youtube.com\\\/user\\\/BufeteEscura\\\/videos\"]},{\"@type\":\"Person\",\"@id\":\"https:\\\/\\\/www.escura.com\\\/es\\\/#\\\/schema\\\/person\\\/7a91eddf0c7dd9b28ddc69906b14e30e\",\"name\":\"adminbe\",\"image\":{\"@type\":\"ImageObject\",\"inLanguage\":\"es\",\"@id\":\"https:\\\/\\\/secure.gravatar.com\\\/avatar\\\/137bae7398ac3afb739b2fcea4266e889703e4bdaa4297b1c3b2d12cdf8f67a3?s=96&d=mm&r=g\",\"url\":\"https:\\\/\\\/secure.gravatar.com\\\/avatar\\\/137bae7398ac3afb739b2fcea4266e889703e4bdaa4297b1c3b2d12cdf8f67a3?s=96&d=mm&r=g\",\"contentUrl\":\"https:\\\/\\\/secure.gravatar.com\\\/avatar\\\/137bae7398ac3afb739b2fcea4266e889703e4bdaa4297b1c3b2d12cdf8f67a3?s=96&d=mm&r=g\",\"caption\":\"adminbe\"}}]}<\/script>\n<!-- \/ Yoast SEO Premium plugin. -->","yoast_head_json":{"title":"Escura. Abogados y Economistas","description":"Bufete de abogados y economistas. Conoce nuestras areas y nuestro blog, uno de los de referencia en el asesoramiento legal de empresas. Calidad certificada en ISO y por las principales gu\u00edas jur\u00eddicas internacionales","robots":{"index":"index","follow":"follow","max-snippet":"max-snippet:-1","max-image-preview":"max-image-preview:large","max-video-preview":"max-video-preview:-1"},"canonical":"https:\/\/www.35-181-91-225.plesk.page\/es\/deduccion-de-los-gastos-incurridos-en-la-organizacion-de-eventos-publicitarios\/","og_locale":"es_ES","og_type":"article","og_title":"Deducci\u00f3n de los gastos incurridos en la organizaci\u00f3n de eventos publicitarios","og_description":"Bufete de abogados y economistas. Conoce nuestras areas y nuestro blog, uno de los de referencia en el asesoramiento legal de empresas. Calidad certificada en ISO y por las principales gu\u00edas jur\u00eddicas internacionales","og_url":"https:\/\/www.35-181-91-225.plesk.page\/es\/deduccion-de-los-gastos-incurridos-en-la-organizacion-de-eventos-publicitarios\/","og_site_name":"Escura | Abogados y Economistas","article_publisher":"https:\/\/www.facebook.com\/escura.abogados","article_published_time":"2016-07-19T08:28:41+00:00","og_image":[{"url":"https:\/\/www.escura.com\/blog-escura\/wp-content\/uploads\/2015\/05\/036.jpg","type":"","width":"","height":""}],"author":"adminbe","twitter_card":"summary_large_image","twitter_creator":"@escura_abogados","twitter_site":"@escura_abogados","twitter_misc":{"Escrito por":"adminbe"},"schema":{"@context":"https:\/\/schema.org","@graph":[{"@type":"Article","@id":"https:\/\/www.35-181-91-225.plesk.page\/es\/deduccion-de-los-gastos-incurridos-en-la-organizacion-de-eventos-publicitarios\/#article","isPartOf":{"@id":"https:\/\/www.35-181-91-225.plesk.page\/es\/deduccion-de-los-gastos-incurridos-en-la-organizacion-de-eventos-publicitarios\/"},"author":{"name":"adminbe","@id":"https:\/\/www.escura.com\/es\/#\/schema\/person\/7a91eddf0c7dd9b28ddc69906b14e30e"},"headline":"Deducci\u00f3n de los gastos incurridos en la organizaci\u00f3n de eventos publicitarios","datePublished":"2016-07-19T08:28:41+00:00","mainEntityOfPage":{"@id":"https:\/\/www.35-181-91-225.plesk.page\/es\/deduccion-de-los-gastos-incurridos-en-la-organizacion-de-eventos-publicitarios\/"},"wordCount":102,"commentCount":0,"publisher":{"@id":"https:\/\/www.escura.com\/es\/#organization"},"image":{"@id":"https:\/\/www.35-181-91-225.plesk.page\/es\/deduccion-de-los-gastos-incurridos-en-la-organizacion-de-eventos-publicitarios\/#primaryimage"},"thumbnailUrl":"https:\/\/www.escura.com\/blog-escura\/wp-content\/uploads\/2015\/05\/036.jpg","articleSection":["Precios de Transferencia"],"inLanguage":"es","potentialAction":[{"@type":"CommentAction","name":"Comment","target":["https:\/\/www.35-181-91-225.plesk.page\/es\/deduccion-de-los-gastos-incurridos-en-la-organizacion-de-eventos-publicitarios\/#respond"]}]},{"@type":"WebPage","@id":"https:\/\/www.35-181-91-225.plesk.page\/es\/deduccion-de-los-gastos-incurridos-en-la-organizacion-de-eventos-publicitarios\/","url":"https:\/\/www.35-181-91-225.plesk.page\/es\/deduccion-de-los-gastos-incurridos-en-la-organizacion-de-eventos-publicitarios\/","name":"Escura. Abogados y Economistas","isPartOf":{"@id":"https:\/\/www.escura.com\/es\/#website"},"primaryImageOfPage":{"@id":"https:\/\/www.35-181-91-225.plesk.page\/es\/deduccion-de-los-gastos-incurridos-en-la-organizacion-de-eventos-publicitarios\/#primaryimage"},"image":{"@id":"https:\/\/www.35-181-91-225.plesk.page\/es\/deduccion-de-los-gastos-incurridos-en-la-organizacion-de-eventos-publicitarios\/#primaryimage"},"thumbnailUrl":"https:\/\/www.escura.com\/blog-escura\/wp-content\/uploads\/2015\/05\/036.jpg","datePublished":"2016-07-19T08:28:41+00:00","description":"Bufete de abogados y economistas. Conoce nuestras areas y nuestro blog, uno de los de referencia en el asesoramiento legal de empresas. Calidad certificada en ISO y por las principales gu\u00edas jur\u00eddicas internacionales","breadcrumb":{"@id":"https:\/\/www.35-181-91-225.plesk.page\/es\/deduccion-de-los-gastos-incurridos-en-la-organizacion-de-eventos-publicitarios\/#breadcrumb"},"inLanguage":"es","potentialAction":[{"@type":"ReadAction","target":["https:\/\/www.35-181-91-225.plesk.page\/es\/deduccion-de-los-gastos-incurridos-en-la-organizacion-de-eventos-publicitarios\/"]}]},{"@type":"ImageObject","inLanguage":"es","@id":"https:\/\/www.35-181-91-225.plesk.page\/es\/deduccion-de-los-gastos-incurridos-en-la-organizacion-de-eventos-publicitarios\/#primaryimage","url":"https:\/\/www.escura.com\/blog-escura\/wp-content\/uploads\/2015\/05\/036.jpg","contentUrl":"https:\/\/www.escura.com\/blog-escura\/wp-content\/uploads\/2015\/05\/036.jpg"},{"@type":"BreadcrumbList","@id":"https:\/\/www.35-181-91-225.plesk.page\/es\/deduccion-de-los-gastos-incurridos-en-la-organizacion-de-eventos-publicitarios\/#breadcrumb","itemListElement":[{"@type":"ListItem","position":1,"name":"Portada","item":"https:\/\/www.escura.com\/es\/"},{"@type":"ListItem","position":2,"name":"Deducci\u00f3n de los gastos incurridos en la organizaci\u00f3n de eventos publicitarios"}]},{"@type":"WebSite","@id":"https:\/\/www.escura.com\/es\/#website","url":"https:\/\/www.escura.com\/es\/","name":"Escura | Abogados y Economistas","description":"Escura es uno de los despachos de abogados de mayor prestigio en Barcelona, Madrid y Tarragona","publisher":{"@id":"https:\/\/www.escura.com\/es\/#organization"},"potentialAction":[{"@type":"SearchAction","target":{"@type":"EntryPoint","urlTemplate":"https:\/\/www.escura.com\/es\/?s={search_term_string}"},"query-input":{"@type":"PropertyValueSpecification","valueRequired":true,"valueName":"search_term_string"}}],"inLanguage":"es"},{"@type":"Organization","@id":"https:\/\/www.escura.com\/es\/#organization","name":"Escura. Abogados y economistas","url":"https:\/\/www.escura.com\/es\/","logo":{"@type":"ImageObject","inLanguage":"es","@id":"https:\/\/www.escura.com\/es\/#\/schema\/logo\/image\/","url":"","contentUrl":"","caption":"Escura. Abogados y economistas"},"image":{"@id":"https:\/\/www.escura.com\/es\/#\/schema\/logo\/image\/"},"sameAs":["https:\/\/www.facebook.com\/escura.abogados","https:\/\/x.com\/escura_abogados","https:\/\/www.instagram.com\/escura_abogados\/","https:\/\/www.linkedin.com\/company\/bufete-escura","https:\/\/www.youtube.com\/user\/BufeteEscura\/videos"]},{"@type":"Person","@id":"https:\/\/www.escura.com\/es\/#\/schema\/person\/7a91eddf0c7dd9b28ddc69906b14e30e","name":"adminbe","image":{"@type":"ImageObject","inLanguage":"es","@id":"https:\/\/secure.gravatar.com\/avatar\/137bae7398ac3afb739b2fcea4266e889703e4bdaa4297b1c3b2d12cdf8f67a3?s=96&d=mm&r=g","url":"https:\/\/secure.gravatar.com\/avatar\/137bae7398ac3afb739b2fcea4266e889703e4bdaa4297b1c3b2d12cdf8f67a3?s=96&d=mm&r=g","contentUrl":"https:\/\/secure.gravatar.com\/avatar\/137bae7398ac3afb739b2fcea4266e889703e4bdaa4297b1c3b2d12cdf8f67a3?s=96&d=mm&r=g","caption":"adminbe"}}]}},"_links":{"self":[{"href":"https:\/\/www.escura.com\/es\/wp-json\/wp\/v2\/posts\/3088","targetHints":{"allow":["GET"]}}],"collection":[{"href":"https:\/\/www.escura.com\/es\/wp-json\/wp\/v2\/posts"}],"about":[{"href":"https:\/\/www.escura.com\/es\/wp-json\/wp\/v2\/types\/post"}],"author":[{"embeddable":true,"href":"https:\/\/www.escura.com\/es\/wp-json\/wp\/v2\/users\/1"}],"replies":[{"embeddable":true,"href":"https:\/\/www.escura.com\/es\/wp-json\/wp\/v2\/comments?post=3088"}],"version-history":[{"count":0,"href":"https:\/\/www.escura.com\/es\/wp-json\/wp\/v2\/posts\/3088\/revisions"}],"wp:attachment":[{"href":"https:\/\/www.escura.com\/es\/wp-json\/wp\/v2\/media?parent=3088"}],"wp:term":[{"taxonomy":"category","embeddable":true,"href":"https:\/\/www.escura.com\/es\/wp-json\/wp\/v2\/categories?post=3088"},{"taxonomy":"post_tag","embeddable":true,"href":"https:\/\/www.escura.com\/es\/wp-json\/wp\/v2\/tags?post=3088"}],"curies":[{"name":"wp","href":"https:\/\/api.w.org\/{rel}","templated":true}]}}