{"id":28601,"date":"2020-04-08T16:38:21","date_gmt":"2020-04-08T14:38:21","guid":{"rendered":"https:\/\/blog.escura.com\/?p=17575"},"modified":"2020-04-08T16:38:21","modified_gmt":"2020-04-08T14:38:21","slug":"responsabilidad-civil-y-penal-de-los-peritos-judiciales","status":"publish","type":"post","link":"https:\/\/www.escura.com\/es\/responsabilidad-civil-y-penal-de-los-peritos-judiciales\/","title":{"rendered":"Responsabilidad civil y penal de los peritos judiciales"},"content":{"rendered":"<div class=\"fusion-fullwidth fullwidth-box fusion-builder-row-1 nonhundred-percent-fullwidth non-hundred-percent-height-scrolling\" style=\"--awb-border-radius-top-left:0px;--awb-border-radius-top-right:0px;--awb-border-radius-bottom-right:0px;--awb-border-radius-bottom-left:0px;--awb-flex-wrap:wrap;\" ><div class=\"fusion-builder-row fusion-row\"><div class=\"fusion-layout-column fusion_builder_column fusion-builder-column-0 fusion_builder_column_1_1 1_1 fusion-one-full fusion-column-first fusion-column-last\" style=\"--awb-bg-size:cover;--awb-margin-bottom:0px;\"><div class=\"fusion-column-wrapper fusion-flex-column-wrapper-legacy\"><div class=\"fusion-text fusion-text-1\"><h3 style=\"text-align: right;\"><a href=\"http:\/\/blog.escura.com\/wp-content\/uploads\/2020\/04\/81-20-responsabilidad-civil-y-penal-peritos-judiciales.pdf\">Consulte el PDF<\/a><\/h3>\n<p><img decoding=\"async\" class=\"alignleft size-thumbnail wp-image-17576\" src=\"http:\/\/blog.escura.com\/wp-content\/uploads\/2020\/04\/CC0-467-min-150x150.jpg\" alt=\"\" width=\"150\" height=\"150\" \/>Nuestra normativa procesal civil parte de la valoraci\u00f3n libre y conjunta de la prueba practicada (art\u00edculo 218 LEC) y de la aplicaci\u00f3n de las reglas de la sana cr\u00edtica a los diversos medios probatorios (con referencias a la misma, por ejemplo, en los art\u00edculos 348, 376 y 382). Pese a esta valoraci\u00f3n conjunta hay un medio probatorio que tiene especial trascendencia y peso en la resoluci\u00f3n de muchos de los pleitos que se tramitan ante los \u00f3rganos judiciales, sobre todo aqu\u00e9llos que tratan de aspectos eminentemente t\u00e9cnicos.<\/p>\n<p>En estos asuntos es fundamental que la tesis de las litigantes est\u00e9 respaldada por un informe pericial (de parte o judicial) completo, concreto y claro, as\u00ed como que el perito sepa defender su informe en sede judicial. La pr\u00e1ctica forense demuestra que es tan o m\u00e1s importante la capacidad del perito de emitir un informe claro y entendible y su experiencia y facilidad expositiva en sala que sus propios conocimientos t\u00e9cnicos.<\/p>\n<p>La actuaci\u00f3n de los peritos, como la de cualquier otro profesional, est\u00e1 sujeta a responsabilidad en caso de que se aparten de la lex artis propia de la actividad pericial y causen un da\u00f1o a alguna de las partes.<\/p>\n<p>En el presente art\u00edculo analizamos los requisitos de dicha responsabilidad en los \u00e1mbitos:<\/p>\n<p style=\"padding-left: 40px;\"><strong>1.- Responsabilidad civil.<\/strong><\/p>\n<p style=\"padding-left: 80px;\">1.-a.- Incumplimientos relativos a la emisi\u00f3n del dictamen.<br \/>\n1.-b.- Incumplimientos en fase de juicio y ratificaci\u00f3n.<\/p>\n<p style=\"padding-left: 40px;\"><strong>2.- Responsabilidad penal.<\/strong><\/p>\n<p><strong>1.- Responsabilidad civil.<\/strong><\/p>\n<p>No hay ninguna normativa que regule espec\u00edficamente la responsabilidad civil de los peritos, por lo que para determinar si se ha incurrido en responsabilidad, habr\u00e1 que acudir a las normas generales de la responsabilidad civil, as\u00ed como a la jurisprudencia, escasa, relativa al particular.<\/p>\n<p>La obligaci\u00f3n del perito es de medios, por lo que no garantiza ni viene obligado a obtener un determinado resultado como una conclusi\u00f3n favorable a quien le hizo el encargo o una sentencia que beneficie a \u00e9ste. La obligaci\u00f3n que asume el perito consiste en la emisi\u00f3n de un dictamen relativo a una materia concreta de la que es especialista y la exposici\u00f3n del mismo en sede judicial. El t\u00e9cnico vendr\u00e1 obligado a realizar todas las comprobaciones, mediciones y estudios necesarios para dar una respuesta lo m\u00e1s objetiva posible a los extremos planteados por la parte o partes procesales.<\/p>\n<p>Sobre las obligaciones asumidas por el perito y el alcance de su trabajo es interesante la Sentencia de la Audiencia Provincial de C\u00f3rdoba, Secci\u00f3n 2\u00aa (299\/1999) de 3 de diciembre 1999 que concluy\u00f3 que \u201cel perito tiene como principal deber el desempe\u00f1ar bien el cargo, para lo cual deber\u00e1 utilizar de la mejor manera las m\u00e1ximas de experiencia especializadas sin que concreten sus conocimientos cient\u00edficos, art\u00edsticos o pl\u00e1sticos y que han motivado su llamada al proceso, y el dictamen debe ser congruente, esto es ajustado a lo solicitado por el Juez al acordar la pr\u00e1ctica de esta prueba, y debe estar basado para fijar su valoraci\u00f3n, en los conocimientos cient\u00edficos de su t\u00edtulo o profesi\u00f3n que justificaron su nombramiento, no en hechos y consideraciones ajenas a la mismos que debieron ser probados en el proceso por otros medios de prueba (ver SS T.S. 19-11 y 22-12-80)\u201d.<\/p>\n<p>De esta forma, el perito deber\u00e1 tener los conocimientos necesarios para resolver los extremos que le han sido planteados y realizar todos los estudios y an\u00e1lisis que resulten necesarios conforme al estado de la ciencia para dar respuesta a aqu\u00e9llos.<\/p>\n<p>La naturaleza de la responsabilidad civil del perito depende de si es designado por la parte o perito judicial.<\/p>\n<p>En el caso del perito de parte es indudable que existe una relaci\u00f3n contractual con \u00e9sta, puesto que el cliente contrata a un profesional para que emita un dictamen y lo ratifique en la vista de juicio a cambio de un precio previamente acordado. Su actuaci\u00f3n y responsabilidad deber\u00e1 analizarse al amparo de lo establecido en el art\u00edculo 1101 del C\u00f3digo Civil, relativo al incumplimiento de las obligaciones contractuales.<\/p>\n<p>M\u00e1s discutible es la naturaleza de la responsabilidad del perito cuando ha sido designado judicialmente. En estos casos no hay consenso sobre si estamos ante una responsabilidad contractual o extracontractual.<\/p>\n<p>Los argumentos que sostienen que la responsabilidad es extracontractual se basan en que el perito no es escogido por el cliente, que el importe a pagar lo decide el juzgado y que es posible que el precio no lo abone la parte solicitante, en funci\u00f3n de la condena en costas. Un ejemplo de la teor\u00eda de la responsabilidad extracontractual es la Sentencia de la Audiencia Provincial de C\u00e1ceres, Secci\u00f3n 1\u00aa (369\/2015) de 9 de 9 de diciembre de 2015.<\/p>\n<p>La postura de la naturaleza contractual de la relaci\u00f3n sostiene que el perito, al inscribirse en la lista como elegible por el juzgado, asume el encargo de la parte igual que \u00e9sta asume la relaci\u00f3n al pedir su designaci\u00f3n a trav\u00e9s del juzgado y paga el precio solicitado.<\/p>\n<p>A pesar de que nos inclinamos por la relaci\u00f3n extracontractual en el caso del perito judicial, en ambos supuestos los requisitos para la concurrencia de responsabilidad son la existencia de una acci\u00f3n u omisi\u00f3n negligente por parte del perito, la existencia de un da\u00f1o y la relaci\u00f3n de causalidad entre ambos. La principal diferencia derivada de la naturaleza de la obligaci\u00f3n ser\u00eda el plazo de prescripci\u00f3n de la responsabilidad.<\/p>\n<p>Como hemos expuesto, la obligaci\u00f3n del perito es de medios, no de resultados. Por esta raz\u00f3n no deber\u00e1 responder en supuestos como no alcanzar una determinada conclusi\u00f3n que interese al solicitante, que su informe no haya sido tomado en cuenta en la sentencia o que \u00e9sta sea contraria a los intereses de su cliente.<\/p>\n<p>El perito deber\u00e1 responder cuando act\u00fae con negligencia y apart\u00e1ndose de las m\u00e1s elementales normas de la lex artis de su profesi\u00f3n. El incumplimiento del perito puede dividirse en dos bloques, en funci\u00f3n del momento en que se haya producido. Detallamos algunas de las conductas que suponen un incumplimiento del perito, sin que se trate de un listado cerrado, sino que al no haber una regulaci\u00f3n espec\u00edfica habr\u00e1 que analizar individualmente cada supuesto.<\/p>\n<p>1.-a.- Incumplimientos relativos a la emisi\u00f3n del dictamen:<\/p>\n<p>Son aquellas conductas contrarias a la conducta propia del perito que se reflejan en el informe pericial. Algunos de los incumplimientos en la fase de emisi\u00f3n del dictamen son:<\/p>\n<p>\u00bb\u00a0No entregar el dictamen en el plazo pactado.<br \/>\n\u00bb\u00a0No disponer de la titulaci\u00f3n requerida para la emisi\u00f3n del informe.<br \/>\n\u00bb\u00a0P\u00e9rdida o rotura del objeto que deb\u00eda ser peritado.<br \/>\n\u00bb\u00a0No dar respuesta a los extremos planteados.<br \/>\n\u00bb\u00a0Realizar comprobaciones inadecuadas para el objeto de la pericia o no hacer pruebas que, conforme al estado de la ciencia, sean necesarias o pertinentes para resolver los extremos planteados.<br \/>\n\u00bb Incluir afirmaciones o conclusiones manifiesta y objetivamente contrarios a la realidad.<\/p>\n<p>1.-b.- Incumplimientos en fase de juicio y ratificaci\u00f3n:<\/p>\n<p>En este segundo bloque se incluyen aquellos incumplimientos producidos en el momento de la ratificaci\u00f3n judicial del informe previamente emitido. Entre las conductas que pueden generar responsabilidad podemos incluir:<\/p>\n<p>\u00bb\u00a0Incomparecencia del perito al acto de la vista, siempre que haya sido debidamente citado.<br \/>\n\u00bb\u00a0No ratificar el contenido del informe o sostener conclusiones contrarias a las afirmadas en el dictamen.<br \/>\n\u00bb\u00a0Incapacidad manifiesta de explicar su propio informe o los razonamientos realizados para alcanzar las conclusiones del mismo.<\/p>\n<p>Las conductas indicadas son algunas de las que pueden provocar responsabilidad civil a cargo del perito, si bien para que concurra dicha responsabilidad es necesario que se haya producido un da\u00f1o, que se materializa en una sentencia firme.<\/p>\n<p>La sentencia dictada en el proceso en que intervino el perito tiene efectos de cosa juzgada conforme al art\u00edculo 222 de la Ley de Enjuiciamiento Civil, por lo que el objeto de la reclamaci\u00f3n que pretenda la responsabilidad del perito no puede ser el resultado del primer pleito ni intentar convencer al \u00f3rgano judicial que debi\u00f3 ser distinto, sino que debe centrarse en si el perito actu\u00f3 conforme a la lex artis o si, por el contrario, lo hizo de forma negligente. Sin perjuicio de las cuestiones relativas a la determinaci\u00f3n del da\u00f1o, el foco debe ponerse en la actuaci\u00f3n del perito, no en volver a enjuiciar el primer pleito.<\/p>\n<p>Para que el perito responda de su conducta negligente es necesario que \u00e9sta haya producido un da\u00f1o. Mientras en el caso del perito judicial ambas partes pueden ser perjudicadas y reclamar, si el perito es de parte estar\u00e1 legitimada para reclamar la parte que lo contrat\u00f3. Salvo en los supuestos de responsabilidad penal, que merecen consideraci\u00f3n a parte, si la parte que no propuso al perito entiende que \u00e9ste actu\u00f3 de forma negligente, omiti\u00f3 alg\u00fan hecho relevante o parti\u00f3 de una premisa a todas luces equivocada, debe ponerlo de manifiesto a trav\u00e9s de su defensa letrada o mediante la aportaci\u00f3n de un dictamen contradictorio y para que en ese primer proceso se resuelvan estas cuestiones.<\/p>\n<p>Finalmente, para que el perito responda de su actuaci\u00f3n, adem\u00e1s de la acci\u00f3n u omisi\u00f3n negligente y el da\u00f1o, debe haber un nexo causal entre ambos, sin el cual no puede ser condenado. Esta relaci\u00f3n de causalidad, es exigida constantemente por la jurisprudencia relativa a la responsabilidad civil en general y tambi\u00e9n en materia de responsabilidad de peritos por el Auto del Tribunal Supremo, Sala Primera, de 4 de noviembre de 2015 y por la Sentencia de la Audiencia Provincial de C\u00e1ceres, Secci\u00f3n 1\u00aa (369\/2015) de 9 de diciembre de 2015. Para determinar la relaci\u00f3n de causalidad debe realizarse el juicio sobre la incidencia que la negligencia del perito tuvo sobre el pleito y las opciones de que, sin ella, su resultado hubiera sido diferente.<\/p>\n<p>Este mismo juicio debe realizarse para la determinaci\u00f3n del da\u00f1o causado por la actuaci\u00f3n negligente del perito. Igual que ocurre en los supuestos de responsabilidad civil de otros profesionales que intervienen en procedimientos judiciales habr\u00e1 que analizar la conducta concreta imputada al perito y su trascendencia en el resultado final del pleito .<\/p>\n<p>De este modo, igual que cuando se exige responsabilidad de abogados o procuradores, deber\u00e1 hacerse el denominado juicio de razonabilidad para determinar hasta qu\u00e9 punto si el perito hubiera actuado con diligencia el resultado del pleito habr\u00eda sido distinto. El quantum de la indemnizaci\u00f3n depender\u00e1 del resultado de este juicio, de la razonable certidumbre de que el resultado habr\u00eda cambiado. Este criterio indemnizatorio es que viene manteniendo la jurisprudencia desde hace a\u00f1os para los supuestos de negligencia profesional de letrados. Como ejemplo nos remitimos a la Sentencia del Tribunal Supremo, Sala Primera, de lo Civil (50\/2020) de 22 de enero de 2020, Sentencia de la Audiencia Provincial de Madrid, Secci\u00f3n 14\u00aa (26\/2018) de 12 de febrero de 2018 o la Sentencia de la Audiencia Provincial de Barcelona, Secci\u00f3n 16\u00aa (422\/2019) de 24 de octubre de 2019.<\/p>\n<p>El objeto del procedimiento contra el perito ser\u00e1, por lo tanto, analizar la posible negligencia en su actuaci\u00f3n en el primer pleito, no volver a juzgar lo que fue objeto de aqu\u00e9l, pero s\u00ed que deber\u00e1 analizarse si su resultado habr\u00eda sido diferente a los efectos de cuantificar la eventual indemnizaci\u00f3n que pudiere derivarse de dicha conducta.<\/p>\n<p><strong>2.- Responsabilidad penal:<\/strong><\/p>\n<p>El C\u00f3digo Penal prev\u00e9 dos tipos delictivos espec\u00edficos relativos a la actuaci\u00f3n del perito en sede judicial. Se trata de los art\u00edculos 459 y 460, que regulan dos tipos agravados del falso testimonio.<\/p>\n<p>El primero de los preceptos, el art\u00edculo 459, se ocupa de los supuestos en los que el perito falte maliciosamente a la verdad en su dictamen; mientras que el 460 tipifica el supuesto en el que, sin faltar sustancialmente a la verdad, la altera o silencia datos importantes. En este segundo supuesto, el delito no consiste en mentir sino en \u201cdisfrazar\u201d la realidad mediante la ocultaci\u00f3n de datos relevantes y conocidos por \u00e9l que llevar\u00edan a conclusiones distintas.<\/p>\n<p>En ambos casos se trata de delitos de mera actividad que no exigen un resultado determinado. Esto supone que para la comisi\u00f3n del delito no es necesario que su dictamen haya sido tenido en cuenta para la resoluci\u00f3n del pleito.<\/p>\n<p>La pena por la comisi\u00f3n de dichos delitos incluye adem\u00e1s la inhabilitaci\u00f3n para el ejercicio de su profesi\u00f3n.<\/p>\n<p>El bien jur\u00eddico protegido del delito es la Administraci\u00f3n de Justicia, puesto que se encuadra en el t\u00edtulo XX del C\u00f3digo Penal (\u201cdelitos contra la administraci\u00f3n de justicia\u201d), por lo que para su comisi\u00f3n es necesario que el dictamen se utilice en un proceso judicial. La mera elaboraci\u00f3n de un dictamen en el que se falte a la verdad no encajar\u00eda en el tipo. Al tratarse de un delito cuya comisi\u00f3n solo puede ser dolosa, para su comisi\u00f3n es necesario que el perito sepa que el objetivo del dictamen es presentarlo en un procedimiento judicial.<\/p>\n<p>La emisi\u00f3n de un dictamen err\u00f3neo, incompleto, con conclusiones t\u00e9cnicas discutibles o incluso con datos falsos no supone la comisi\u00f3n del delito, sino que debe acreditarse la falsedad de los datos, hechos o conclusiones contenidos en el mismo y el conocimiento por parte del perito. Solamente puede cometerse si el perito incluye las falsedades de forma voluntaria. En palabras de la Sentencia de la Audiencia Provincial de Castell\u00f3n, Secci\u00f3n 2\u00aa (247\/2019) de 21 de junio 2019 \u201cEl elemento subjetivo exige que la actuaci\u00f3n del perito sea \u00abmaliciosa\u00bb, o sea, que el dictamen sea dolosamente emitido, conscientemente falso\u201d.<\/p>\n<p>Para la comisi\u00f3n del delito no basta la existencia de discrepancias entre opiniones, sino que ser\u00e1 necesario bien que la opini\u00f3n objeto de la denuncia carezca de suficiente motivaci\u00f3n, sea arbitraria, o bien que hayan sido tergiversadas las bases f\u00e1cticas del informe. Y el tipo subjetivo exige el dolo directo de estar dictaminado falsamente, maliciosamente. En este sentido se pronunci\u00f3 el Tribunal Supremo en Sentencias de 28 de mayo de 1992, 3 de enero y 3 de abril de 1998, 2 de noviembre de 2005 y 5 de junio de 2007.<\/p>\n<p>Son diversas las sentencias que destacan la mayor dificultad para detectar y acreditar la falsedad del dictamen que el falso testimonio, puesto el testigo declara sobre hechos, cuya acreditaci\u00f3n objetiva es m\u00e1s sencilla, mientras que se requieren conocimientos t\u00e9cnicos para apreciar la eventual falsedad del dictamen pericial. Esta conclusi\u00f3n se contiene, entre otras, en la Sentencia de la Audiencia Provincial de Zaragoza, Secci\u00f3n 1\u00aa (167\/2005) de 13 de mayo de 2005.<\/p>\n<p>El C\u00f3digo Penal regula otro delito cuyo sujeto activo puede ser el perito judicial. Su regulaci\u00f3n se contiene en el art\u00edculo 423 y, por remisi\u00f3n, en los art\u00edculos 420, 421 y 422 del mismo cuerpo legal. Se trata del delito de cohecho, cuya comisi\u00f3n requiere que el perito solicite o admita alg\u00fan regalo o retribuci\u00f3n (a favor suyo o de un tercero) por la realizaci\u00f3n de las funciones que le son previas (en este caso, la emisi\u00f3n o ratificaci\u00f3n del dictamen), o como recompensa por ello.<\/p>\n<p>El art\u00edculo 423 solamente prev\u00e9 la comisi\u00f3n de este delito a los peritos \u201cdesignados judicialmente\u201d, a los que (junto a otros profesionales) considera funci\u00f3n p\u00fablica a los efectos de este tipo delictivo concreto, por lo que un perito de parte no puede cometerlo.<\/p>\n<p>Finalmente, y aunque esta cuesti\u00f3n deber\u00eda ser objeto de estudio separado debemos hacer una breve menci\u00f3n a las consecuencias de la comisi\u00f3n de alguno de estos delitos por parte del perito en relaci\u00f3n con el seguro de responsabilidad civil que pudiere tener contratado. En el caso que la p\u00f3liza excluya la cobertura de las conductas dolosas ser\u00e1 el propio perito quien asuma, en su caso, la responsabilidad civil derivada del delito. Esta exclusi\u00f3n se traducir\u00e1 bien en la absoluci\u00f3n de la compa\u00f1\u00eda aseguradora (en la l\u00ednea, entre otras, de las Sentencias de la Audiencia Provincial de Barcelona, Secci\u00f3n 3\u00aa de fecha 2 de junio de 2010 y de la Secci\u00f3n 16\u00aa de 12 de enero de 2010 y de la Secci\u00f3n 5\u00aa de 17 de febrero de 2010), bien en la acci\u00f3n de repetici\u00f3n que \u00e9sta ejercitar\u00eda contra el perito asegurado.<\/p>\n<p>\u00a9 La presente informaci\u00f3n es propiedad de <strong>Escura<\/strong>, <strong>abogados<\/strong> y <strong>economistas<\/strong>, quedando prohibida su reproducci\u00f3n sin permiso expreso.<\/p>\n<\/div><div class=\"fusion-clearfix\"><\/div><\/div><\/div><div class=\"fusion-layout-column fusion_builder_column fusion-builder-column-1 fusion_builder_column_1_1 1_1 fusion-one-full fusion-column-first fusion-column-last banner\" style=\"--awb-padding-top:20px;--awb-padding-right:20px;--awb-padding-bottom:20px;--awb-padding-left:20px;--awb-bg-image:url(&#039;http:\/\/blog.escura.com\/wp-content\/uploads\/2019\/03\/area_litigios_arbitraje.jpg&#039;);--awb-bg-size:cover;--awb-margin-top:40px;\"><div class=\"fusion-column-wrapper fusion-flex-column-wrapper-legacy fusion-column-has-bg-image\" data-bg-url=\"http:\/\/blog.escura.com\/wp-content\/uploads\/2019\/03\/area_litigios_arbitraje.jpg\"><div class=\"fusion-text fusion-text-2\"><h3><a href=\"https:\/\/www.escura.com\/es\/litigios-y-arbitraje\/\" target=\"_blank\" rel=\"noopener noreferrer\">Consulta nuestra \u00e1rea de <strong>Litigios y Arbitraje<\/strong><\/a><\/h3>\n<\/div><div class=\"fusion-clearfix\"><\/div><\/div><\/div><\/div><\/div>\n","protected":false},"excerpt":{"rendered":"","protected":false},"author":2,"featured_media":28529,"comment_status":"open","ping_status":"open","sticky":false,"template":"","format":"standard","meta":{"footnotes":""},"categories":[33],"tags":[],"class_list":["post-28601","post","type-post","status-publish","format-standard","has-post-thumbnail","hentry","category-litigios-arbitraje"],"yoast_head":"<!-- This site is optimized with the Yoast SEO Premium plugin v26.6 (Yoast SEO v27.4) - https:\/\/yoast.com\/product\/yoast-seo-premium-wordpress\/ -->\n<title>Escura. Abogados y Economistas<\/title>\n<meta name=\"description\" content=\"Bufete de abogados y economistas. Conoce nuestras areas y nuestro blog, uno de los de referencia en el asesoramiento legal de empresas. Calidad certificada en ISO y por las principales gu\u00edas jur\u00eddicas internacionales\" \/>\n<meta name=\"robots\" content=\"index, follow, max-snippet:-1, max-image-preview:large, max-video-preview:-1\" \/>\n<link rel=\"canonical\" href=\"https:\/\/www.escura.com\/es\/responsabilidad-civil-y-penal-de-los-peritos-judiciales\/\" \/>\n<meta property=\"og:locale\" content=\"es_ES\" \/>\n<meta property=\"og:type\" content=\"article\" \/>\n<meta property=\"og:title\" content=\"Responsabilidad civil y penal de los peritos judiciales\" \/>\n<meta property=\"og:description\" content=\"Bufete de abogados y economistas. Conoce nuestras areas y nuestro blog, uno de los de referencia en el asesoramiento legal de empresas. Calidad certificada en ISO y por las principales gu\u00edas jur\u00eddicas internacionales\" \/>\n<meta property=\"og:url\" content=\"https:\/\/www.escura.com\/es\/responsabilidad-civil-y-penal-de-los-peritos-judiciales\/\" \/>\n<meta property=\"og:site_name\" content=\"Escura | Abogados y Economistas\" \/>\n<meta property=\"article:publisher\" content=\"https:\/\/www.facebook.com\/escura.abogados\" \/>\n<meta property=\"article:published_time\" content=\"2020-04-08T14:38:21+00:00\" \/>\n<meta property=\"og:image\" content=\"https:\/\/www.escura.com\/wp-content\/uploads\/2020\/04\/CC0-467-min-scaled.jpg\" \/>\n\t<meta property=\"og:image:width\" content=\"2560\" \/>\n\t<meta property=\"og:image:height\" content=\"1707\" \/>\n\t<meta property=\"og:image:type\" content=\"image\/jpeg\" \/>\n<meta name=\"author\" content=\"escura\" \/>\n<meta name=\"twitter:card\" content=\"summary_large_image\" \/>\n<meta name=\"twitter:creator\" content=\"@escura_abogados\" \/>\n<meta name=\"twitter:site\" content=\"@escura_abogados\" \/>\n<meta name=\"twitter:label1\" content=\"Escrito por\" \/>\n\t<meta name=\"twitter:data1\" content=\"escura\" \/>\n\t<meta name=\"twitter:label2\" content=\"Tiempo de lectura\" \/>\n\t<meta name=\"twitter:data2\" content=\"15 minutos\" \/>\n<script type=\"application\/ld+json\" class=\"yoast-schema-graph\">{\"@context\":\"https:\\\/\\\/schema.org\",\"@graph\":[{\"@type\":\"Article\",\"@id\":\"https:\\\/\\\/www.escura.com\\\/es\\\/responsabilidad-civil-y-penal-de-los-peritos-judiciales\\\/#article\",\"isPartOf\":{\"@id\":\"https:\\\/\\\/www.escura.com\\\/es\\\/responsabilidad-civil-y-penal-de-los-peritos-judiciales\\\/\"},\"author\":{\"name\":\"escura\",\"@id\":\"https:\\\/\\\/www.escura.com\\\/es\\\/#\\\/schema\\\/person\\\/4edd59e125b9654539921a4ec1da53b1\"},\"headline\":\"Responsabilidad civil y penal de los peritos judiciales\",\"datePublished\":\"2020-04-08T14:38:21+00:00\",\"mainEntityOfPage\":{\"@id\":\"https:\\\/\\\/www.escura.com\\\/es\\\/responsabilidad-civil-y-penal-de-los-peritos-judiciales\\\/\"},\"wordCount\":3076,\"commentCount\":0,\"publisher\":{\"@id\":\"https:\\\/\\\/www.escura.com\\\/es\\\/#organization\"},\"image\":{\"@id\":\"https:\\\/\\\/www.escura.com\\\/es\\\/responsabilidad-civil-y-penal-de-los-peritos-judiciales\\\/#primaryimage\"},\"thumbnailUrl\":\"https:\\\/\\\/www.escura.com\\\/wp-content\\\/uploads\\\/2020\\\/04\\\/CC0-467-min-scaled.jpg\",\"articleSection\":[\"Litigios\"],\"inLanguage\":\"es\",\"potentialAction\":[{\"@type\":\"CommentAction\",\"name\":\"Comment\",\"target\":[\"https:\\\/\\\/www.escura.com\\\/es\\\/responsabilidad-civil-y-penal-de-los-peritos-judiciales\\\/#respond\"]}]},{\"@type\":\"WebPage\",\"@id\":\"https:\\\/\\\/www.escura.com\\\/es\\\/responsabilidad-civil-y-penal-de-los-peritos-judiciales\\\/\",\"url\":\"https:\\\/\\\/www.escura.com\\\/es\\\/responsabilidad-civil-y-penal-de-los-peritos-judiciales\\\/\",\"name\":\"Escura. Abogados y Economistas\",\"isPartOf\":{\"@id\":\"https:\\\/\\\/www.escura.com\\\/es\\\/#website\"},\"primaryImageOfPage\":{\"@id\":\"https:\\\/\\\/www.escura.com\\\/es\\\/responsabilidad-civil-y-penal-de-los-peritos-judiciales\\\/#primaryimage\"},\"image\":{\"@id\":\"https:\\\/\\\/www.escura.com\\\/es\\\/responsabilidad-civil-y-penal-de-los-peritos-judiciales\\\/#primaryimage\"},\"thumbnailUrl\":\"https:\\\/\\\/www.escura.com\\\/wp-content\\\/uploads\\\/2020\\\/04\\\/CC0-467-min-scaled.jpg\",\"datePublished\":\"2020-04-08T14:38:21+00:00\",\"description\":\"Bufete de abogados y economistas. Conoce nuestras areas y nuestro blog, uno de los de referencia en el asesoramiento legal de empresas. Calidad certificada en ISO y por las principales gu\u00edas jur\u00eddicas internacionales\",\"breadcrumb\":{\"@id\":\"https:\\\/\\\/www.escura.com\\\/es\\\/responsabilidad-civil-y-penal-de-los-peritos-judiciales\\\/#breadcrumb\"},\"inLanguage\":\"es\",\"potentialAction\":[{\"@type\":\"ReadAction\",\"target\":[\"https:\\\/\\\/www.escura.com\\\/es\\\/responsabilidad-civil-y-penal-de-los-peritos-judiciales\\\/\"]}]},{\"@type\":\"ImageObject\",\"inLanguage\":\"es\",\"@id\":\"https:\\\/\\\/www.escura.com\\\/es\\\/responsabilidad-civil-y-penal-de-los-peritos-judiciales\\\/#primaryimage\",\"url\":\"https:\\\/\\\/www.escura.com\\\/wp-content\\\/uploads\\\/2020\\\/04\\\/CC0-467-min-scaled.jpg\",\"contentUrl\":\"https:\\\/\\\/www.escura.com\\\/wp-content\\\/uploads\\\/2020\\\/04\\\/CC0-467-min-scaled.jpg\",\"width\":2560,\"height\":1707},{\"@type\":\"BreadcrumbList\",\"@id\":\"https:\\\/\\\/www.escura.com\\\/es\\\/responsabilidad-civil-y-penal-de-los-peritos-judiciales\\\/#breadcrumb\",\"itemListElement\":[{\"@type\":\"ListItem\",\"position\":1,\"name\":\"Portada\",\"item\":\"https:\\\/\\\/www.escura.com\\\/es\\\/\"},{\"@type\":\"ListItem\",\"position\":2,\"name\":\"Responsabilidad civil y penal de los peritos judiciales\"}]},{\"@type\":\"WebSite\",\"@id\":\"https:\\\/\\\/www.escura.com\\\/es\\\/#website\",\"url\":\"https:\\\/\\\/www.escura.com\\\/es\\\/\",\"name\":\"Escura | Abogados y Economistas\",\"description\":\"Escura es uno de los despachos de abogados de mayor prestigio en Barcelona, Madrid y Tarragona\",\"publisher\":{\"@id\":\"https:\\\/\\\/www.escura.com\\\/es\\\/#organization\"},\"potentialAction\":[{\"@type\":\"SearchAction\",\"target\":{\"@type\":\"EntryPoint\",\"urlTemplate\":\"https:\\\/\\\/www.escura.com\\\/es\\\/?s={search_term_string}\"},\"query-input\":{\"@type\":\"PropertyValueSpecification\",\"valueRequired\":true,\"valueName\":\"search_term_string\"}}],\"inLanguage\":\"es\"},{\"@type\":\"Organization\",\"@id\":\"https:\\\/\\\/www.escura.com\\\/es\\\/#organization\",\"name\":\"Escura. Abogados y economistas\",\"url\":\"https:\\\/\\\/www.escura.com\\\/es\\\/\",\"logo\":{\"@type\":\"ImageObject\",\"inLanguage\":\"es\",\"@id\":\"https:\\\/\\\/www.escura.com\\\/es\\\/#\\\/schema\\\/logo\\\/image\\\/\",\"url\":\"\",\"contentUrl\":\"\",\"caption\":\"Escura. Abogados y economistas\"},\"image\":{\"@id\":\"https:\\\/\\\/www.escura.com\\\/es\\\/#\\\/schema\\\/logo\\\/image\\\/\"},\"sameAs\":[\"https:\\\/\\\/www.facebook.com\\\/escura.abogados\",\"https:\\\/\\\/x.com\\\/escura_abogados\",\"https:\\\/\\\/www.instagram.com\\\/escura_abogados\\\/\",\"https:\\\/\\\/www.linkedin.com\\\/company\\\/bufete-escura\",\"https:\\\/\\\/www.youtube.com\\\/user\\\/BufeteEscura\\\/videos\"]},{\"@type\":\"Person\",\"@id\":\"https:\\\/\\\/www.escura.com\\\/es\\\/#\\\/schema\\\/person\\\/4edd59e125b9654539921a4ec1da53b1\",\"name\":\"escura\",\"image\":{\"@type\":\"ImageObject\",\"inLanguage\":\"es\",\"@id\":\"https:\\\/\\\/secure.gravatar.com\\\/avatar\\\/8a721c427419b1a5c865549a2d42be09e26988a9b2c8088a346d420663fa98dd?s=96&d=mm&r=g\",\"url\":\"https:\\\/\\\/secure.gravatar.com\\\/avatar\\\/8a721c427419b1a5c865549a2d42be09e26988a9b2c8088a346d420663fa98dd?s=96&d=mm&r=g\",\"contentUrl\":\"https:\\\/\\\/secure.gravatar.com\\\/avatar\\\/8a721c427419b1a5c865549a2d42be09e26988a9b2c8088a346d420663fa98dd?s=96&d=mm&r=g\",\"caption\":\"escura\"}}]}<\/script>\n<!-- \/ Yoast SEO Premium plugin. -->","yoast_head_json":{"title":"Escura. Abogados y Economistas","description":"Bufete de abogados y economistas. Conoce nuestras areas y nuestro blog, uno de los de referencia en el asesoramiento legal de empresas. Calidad certificada en ISO y por las principales gu\u00edas jur\u00eddicas internacionales","robots":{"index":"index","follow":"follow","max-snippet":"max-snippet:-1","max-image-preview":"max-image-preview:large","max-video-preview":"max-video-preview:-1"},"canonical":"https:\/\/www.escura.com\/es\/responsabilidad-civil-y-penal-de-los-peritos-judiciales\/","og_locale":"es_ES","og_type":"article","og_title":"Responsabilidad civil y penal de los peritos judiciales","og_description":"Bufete de abogados y economistas. Conoce nuestras areas y nuestro blog, uno de los de referencia en el asesoramiento legal de empresas. Calidad certificada en ISO y por las principales gu\u00edas jur\u00eddicas internacionales","og_url":"https:\/\/www.escura.com\/es\/responsabilidad-civil-y-penal-de-los-peritos-judiciales\/","og_site_name":"Escura | Abogados y Economistas","article_publisher":"https:\/\/www.facebook.com\/escura.abogados","article_published_time":"2020-04-08T14:38:21+00:00","og_image":[{"width":2560,"height":1707,"url":"https:\/\/www.escura.com\/wp-content\/uploads\/2020\/04\/CC0-467-min-scaled.jpg","type":"image\/jpeg"}],"author":"escura","twitter_card":"summary_large_image","twitter_creator":"@escura_abogados","twitter_site":"@escura_abogados","twitter_misc":{"Escrito por":"escura","Tiempo de lectura":"15 minutos"},"schema":{"@context":"https:\/\/schema.org","@graph":[{"@type":"Article","@id":"https:\/\/www.escura.com\/es\/responsabilidad-civil-y-penal-de-los-peritos-judiciales\/#article","isPartOf":{"@id":"https:\/\/www.escura.com\/es\/responsabilidad-civil-y-penal-de-los-peritos-judiciales\/"},"author":{"name":"escura","@id":"https:\/\/www.escura.com\/es\/#\/schema\/person\/4edd59e125b9654539921a4ec1da53b1"},"headline":"Responsabilidad civil y penal de los peritos judiciales","datePublished":"2020-04-08T14:38:21+00:00","mainEntityOfPage":{"@id":"https:\/\/www.escura.com\/es\/responsabilidad-civil-y-penal-de-los-peritos-judiciales\/"},"wordCount":3076,"commentCount":0,"publisher":{"@id":"https:\/\/www.escura.com\/es\/#organization"},"image":{"@id":"https:\/\/www.escura.com\/es\/responsabilidad-civil-y-penal-de-los-peritos-judiciales\/#primaryimage"},"thumbnailUrl":"https:\/\/www.escura.com\/wp-content\/uploads\/2020\/04\/CC0-467-min-scaled.jpg","articleSection":["Litigios"],"inLanguage":"es","potentialAction":[{"@type":"CommentAction","name":"Comment","target":["https:\/\/www.escura.com\/es\/responsabilidad-civil-y-penal-de-los-peritos-judiciales\/#respond"]}]},{"@type":"WebPage","@id":"https:\/\/www.escura.com\/es\/responsabilidad-civil-y-penal-de-los-peritos-judiciales\/","url":"https:\/\/www.escura.com\/es\/responsabilidad-civil-y-penal-de-los-peritos-judiciales\/","name":"Escura. Abogados y Economistas","isPartOf":{"@id":"https:\/\/www.escura.com\/es\/#website"},"primaryImageOfPage":{"@id":"https:\/\/www.escura.com\/es\/responsabilidad-civil-y-penal-de-los-peritos-judiciales\/#primaryimage"},"image":{"@id":"https:\/\/www.escura.com\/es\/responsabilidad-civil-y-penal-de-los-peritos-judiciales\/#primaryimage"},"thumbnailUrl":"https:\/\/www.escura.com\/wp-content\/uploads\/2020\/04\/CC0-467-min-scaled.jpg","datePublished":"2020-04-08T14:38:21+00:00","description":"Bufete de abogados y economistas. Conoce nuestras areas y nuestro blog, uno de los de referencia en el asesoramiento legal de empresas. Calidad certificada en ISO y por las principales gu\u00edas jur\u00eddicas internacionales","breadcrumb":{"@id":"https:\/\/www.escura.com\/es\/responsabilidad-civil-y-penal-de-los-peritos-judiciales\/#breadcrumb"},"inLanguage":"es","potentialAction":[{"@type":"ReadAction","target":["https:\/\/www.escura.com\/es\/responsabilidad-civil-y-penal-de-los-peritos-judiciales\/"]}]},{"@type":"ImageObject","inLanguage":"es","@id":"https:\/\/www.escura.com\/es\/responsabilidad-civil-y-penal-de-los-peritos-judiciales\/#primaryimage","url":"https:\/\/www.escura.com\/wp-content\/uploads\/2020\/04\/CC0-467-min-scaled.jpg","contentUrl":"https:\/\/www.escura.com\/wp-content\/uploads\/2020\/04\/CC0-467-min-scaled.jpg","width":2560,"height":1707},{"@type":"BreadcrumbList","@id":"https:\/\/www.escura.com\/es\/responsabilidad-civil-y-penal-de-los-peritos-judiciales\/#breadcrumb","itemListElement":[{"@type":"ListItem","position":1,"name":"Portada","item":"https:\/\/www.escura.com\/es\/"},{"@type":"ListItem","position":2,"name":"Responsabilidad civil y penal de los peritos judiciales"}]},{"@type":"WebSite","@id":"https:\/\/www.escura.com\/es\/#website","url":"https:\/\/www.escura.com\/es\/","name":"Escura | Abogados y Economistas","description":"Escura es uno de los despachos de abogados de mayor prestigio en Barcelona, Madrid y Tarragona","publisher":{"@id":"https:\/\/www.escura.com\/es\/#organization"},"potentialAction":[{"@type":"SearchAction","target":{"@type":"EntryPoint","urlTemplate":"https:\/\/www.escura.com\/es\/?s={search_term_string}"},"query-input":{"@type":"PropertyValueSpecification","valueRequired":true,"valueName":"search_term_string"}}],"inLanguage":"es"},{"@type":"Organization","@id":"https:\/\/www.escura.com\/es\/#organization","name":"Escura. Abogados y economistas","url":"https:\/\/www.escura.com\/es\/","logo":{"@type":"ImageObject","inLanguage":"es","@id":"https:\/\/www.escura.com\/es\/#\/schema\/logo\/image\/","url":"","contentUrl":"","caption":"Escura. Abogados y economistas"},"image":{"@id":"https:\/\/www.escura.com\/es\/#\/schema\/logo\/image\/"},"sameAs":["https:\/\/www.facebook.com\/escura.abogados","https:\/\/x.com\/escura_abogados","https:\/\/www.instagram.com\/escura_abogados\/","https:\/\/www.linkedin.com\/company\/bufete-escura","https:\/\/www.youtube.com\/user\/BufeteEscura\/videos"]},{"@type":"Person","@id":"https:\/\/www.escura.com\/es\/#\/schema\/person\/4edd59e125b9654539921a4ec1da53b1","name":"escura","image":{"@type":"ImageObject","inLanguage":"es","@id":"https:\/\/secure.gravatar.com\/avatar\/8a721c427419b1a5c865549a2d42be09e26988a9b2c8088a346d420663fa98dd?s=96&d=mm&r=g","url":"https:\/\/secure.gravatar.com\/avatar\/8a721c427419b1a5c865549a2d42be09e26988a9b2c8088a346d420663fa98dd?s=96&d=mm&r=g","contentUrl":"https:\/\/secure.gravatar.com\/avatar\/8a721c427419b1a5c865549a2d42be09e26988a9b2c8088a346d420663fa98dd?s=96&d=mm&r=g","caption":"escura"}}]}},"_links":{"self":[{"href":"https:\/\/www.escura.com\/es\/wp-json\/wp\/v2\/posts\/28601","targetHints":{"allow":["GET"]}}],"collection":[{"href":"https:\/\/www.escura.com\/es\/wp-json\/wp\/v2\/posts"}],"about":[{"href":"https:\/\/www.escura.com\/es\/wp-json\/wp\/v2\/types\/post"}],"author":[{"embeddable":true,"href":"https:\/\/www.escura.com\/es\/wp-json\/wp\/v2\/users\/2"}],"replies":[{"embeddable":true,"href":"https:\/\/www.escura.com\/es\/wp-json\/wp\/v2\/comments?post=28601"}],"version-history":[{"count":0,"href":"https:\/\/www.escura.com\/es\/wp-json\/wp\/v2\/posts\/28601\/revisions"}],"wp:featuredmedia":[{"embeddable":true,"href":"https:\/\/www.escura.com\/es\/wp-json\/wp\/v2\/media\/28529"}],"wp:attachment":[{"href":"https:\/\/www.escura.com\/es\/wp-json\/wp\/v2\/media?parent=28601"}],"wp:term":[{"taxonomy":"category","embeddable":true,"href":"https:\/\/www.escura.com\/es\/wp-json\/wp\/v2\/categories?post=28601"},{"taxonomy":"post_tag","embeddable":true,"href":"https:\/\/www.escura.com\/es\/wp-json\/wp\/v2\/tags?post=28601"}],"curies":[{"name":"wp","href":"https:\/\/api.w.org\/{rel}","templated":true}]}}