{"id":28147,"date":"2021-10-25T10:51:05","date_gmt":"2021-10-25T08:51:05","guid":{"rendered":"https:\/\/blog.escura.com\/?p=18849"},"modified":"2021-10-25T10:51:05","modified_gmt":"2021-10-25T08:51:05","slug":"precios-de-transferencia-la-aplicacion-del-gasto-repercutido-entre-grupo-tiene-como-limite-la-normativa-fiscal","status":"publish","type":"post","link":"https:\/\/www.escura.com\/es\/precios-de-transferencia-la-aplicacion-del-gasto-repercutido-entre-grupo-tiene-como-limite-la-normativa-fiscal\/","title":{"rendered":"Precios de Transferencia: la aplicaci\u00f3n del gasto repercutido entre grupo tiene como l\u00edmite la normativa fiscal"},"content":{"rendered":"<div class=\"fusion-fullwidth fullwidth-box fusion-builder-row-1 nonhundred-percent-fullwidth non-hundred-percent-height-scrolling\" style=\"--awb-border-radius-top-left:0px;--awb-border-radius-top-right:0px;--awb-border-radius-bottom-right:0px;--awb-border-radius-bottom-left:0px;--awb-flex-wrap:wrap;\" ><div class=\"fusion-builder-row fusion-row\"><div class=\"fusion-layout-column fusion_builder_column fusion-builder-column-0 fusion_builder_column_1_1 1_1 fusion-one-full fusion-column-first fusion-column-last\" style=\"--awb-bg-size:cover;--awb-margin-bottom:0px;\"><div class=\"fusion-column-wrapper fusion-flex-column-wrapper-legacy\"><div class=\"fusion-text fusion-text-1\"><h3 style=\"text-align: right;\"><a href=\"http:\/\/www.escura.com\/wp-content\/uploads\/2021\/10\/102-21-precios-transferencia-aplicacion-gasto-repercutido-entre-grupo.pdf\">Consulte el PDF<\/a><\/h3>\n<p><strong><em><img decoding=\"async\" class=\"alignleft size-thumbnail wp-image-18850\" src=\"http:\/\/www.escura.com\/wp-content\/uploads\/2021\/10\/pin-map-150x150.jpg\" alt=\"\" width=\"150\" height=\"150\" \/>La Sala de lo Contencioso-Administrativo (Secc. 2\u00aa) del Tribunal Supremo ha resuelto que la inspecci\u00f3n tributaria no est\u00e1 obligada a tener en consideraci\u00f3n la pol\u00edtica de precios de transferencia del grupo empresarial a la hora de regularizar operaciones que afectan a sociedades del mismo grupo multinacional, cuando no sea posible realizar el pertinente ajuste bilateral, para proceder a una regularizaci\u00f3n \u00edntegra de la situaci\u00f3n del obligado tributario.<\/em><\/strong><\/p>\n<p>El origen de la reclamaci\u00f3n y posterior litigio es la compensaci\u00f3n \u00edntegra que realiz\u00f3 la matriz -con sede en Pa\u00edses Bajos- de un grupo multinacional con motivo de la potencial deducibilidad de las aportaciones de la entidad con sede en Espa\u00f1a a un Plan de Pensiones de un antiguo administrador de la misma. La deducci\u00f3n efectiva de las aportaciones afectaba la relaci\u00f3n de los ingresos y gastos que determinar\u00edan la base imponible del Impuesto sobre Sociedades.<\/p>\n<p>En definitiva, <strong>la clave del conflicto era el reparto de los costes entre la entidad espa\u00f1ola y su matriz <\/strong>holandesa, tal y como se\u00f1ala la sentencia.<\/p>\n<p>La mencionada compensaci\u00f3n fue objeto de investigaci\u00f3n y ulterior regularizaci\u00f3n.<\/p>\n<p>Dicha regularizaci\u00f3n incumb\u00eda la pol\u00edtica de Precios de Transferencia del grupo, en este caso, el m\u00e9todo del margen neto del conjunto de operaciones (TNMM). Esto es as\u00ed en tanto que, en virtud de la aplicaci\u00f3n de este m\u00e9todo, todo ajuste al valor de las transacciones intragrupo debe neutralizarse a fin de ajustarse al margen neto.<\/p>\n<p>Pues bien, la regularizaci\u00f3n acordada por la inspecci\u00f3n tributaria fue parcial, no \u00edntegra ni bilateral, alterando as\u00ed las reglas del m\u00e9todo de valoraci\u00f3n TNMM.<\/p>\n<p>En este sentido, la Administraci\u00f3n Tributaria reconoc\u00eda que la regularizaci\u00f3n no pod\u00eda tener en cuenta la pol\u00edtica de Precios de Transferencia del grupo empresarial (las reglas del m\u00e9todo TNMM) porque el Convenio de Doble Imposici\u00f3n de Espa\u00f1a con Pa\u00edses Bajos no prev\u00e9 el ajuste bilateral, que habr\u00eda permitido la neutralizaci\u00f3n del ajuste primario, y respetar as\u00ed las reglas de valoraci\u00f3n del m\u00e9todo TNMM.<\/p>\n<p>Finalmente, el Tribunal Supremo fija como criterio interpretativo en su sentencia 390\/2021 (Sala de lo Contencioso, Secci\u00f3n 2\u00aa) de 18 marzo de 2021 (recurso 6428\/2018) que la inspecci\u00f3n tributaria no est\u00e1 obligada a tener en consideraci\u00f3n la pol\u00edtica de precios de transferencia del grupo empresarial a la hora de regularizar operaciones que afectan a sociedades del mismo grupo multinacional, cuando no sea posible realizar el pertinente ajuste bilateral, para proceder a una regularizaci\u00f3n \u00edntegra de la situaci\u00f3n del obligado tributario.<\/p>\n<p>Por todo ello, la referida Sentencia establece la primac\u00eda de la normativa fiscal a la normativa en materia de precios de transferencia y en concreto al l\u00edmite de la repercusi\u00f3n de gastos entre grupo.<\/p>\n<p>\u00a9 La presente informaci\u00f3n es propiedad de <strong>Escura<\/strong>, <strong>abogados<\/strong> y <strong>economistas<\/strong>, quedando prohibida su reproducci\u00f3n sin permiso expreso.<\/p>\n<\/div><div class=\"fusion-clearfix\"><\/div><\/div><\/div><div class=\"fusion-layout-column fusion_builder_column fusion-builder-column-1 fusion_builder_column_1_1 1_1 fusion-one-full fusion-column-first fusion-column-last banner\" style=\"--awb-padding-top:20px;--awb-padding-right:20px;--awb-padding-bottom:20px;--awb-padding-left:20px;--awb-bg-image:url(&#039;http:\/\/blog.escura.com\/wp-content\/uploads\/2019\/03\/area_precios_transferencia.jpg&#039;);--awb-bg-size:cover;--awb-margin-top:40px;\"><div class=\"fusion-column-wrapper fusion-flex-column-wrapper-legacy fusion-column-has-bg-image\" data-bg-url=\"http:\/\/blog.escura.com\/wp-content\/uploads\/2019\/03\/area_precios_transferencia.jpg\"><div class=\"fusion-text fusion-text-2\"><h3><a href=\"https:\/\/www.escura.com\/es\/precios-de-transferencia\/\" target=\"_blank\" rel=\"noopener\">Consulta nuestra \u00e1rea de <strong>de Precios de Transferencia<\/strong><\/a><\/h3>\n<\/div><div class=\"fusion-clearfix\"><\/div><\/div><\/div><\/div><\/div>\n","protected":false},"excerpt":{"rendered":"","protected":false},"author":2,"featured_media":0,"comment_status":"open","ping_status":"open","sticky":false,"template":"","format":"standard","meta":{"footnotes":""},"categories":[29],"tags":[],"class_list":["post-28147","post","type-post","status-publish","format-standard","hentry","category-precios-de-transferencia"],"yoast_head":"<!-- This site is optimized with the Yoast SEO Premium plugin v26.6 (Yoast SEO v27.4) - https:\/\/yoast.com\/product\/yoast-seo-premium-wordpress\/ -->\n<title>Escura. Abogados y Economistas<\/title>\n<meta name=\"description\" content=\"Bufete de abogados y economistas. Conoce nuestras areas y nuestro blog, uno de los de referencia en el asesoramiento legal de empresas. Calidad certificada en ISO y por las principales gu\u00edas jur\u00eddicas internacionales\" \/>\n<meta name=\"robots\" content=\"index, follow, max-snippet:-1, max-image-preview:large, max-video-preview:-1\" \/>\n<link rel=\"canonical\" href=\"https:\/\/www.35-181-91-225.plesk.page\/es\/precios-de-transferencia-la-aplicacion-del-gasto-repercutido-entre-grupo-tiene-como-limite-la-normativa-fiscal\/\" \/>\n<meta property=\"og:locale\" content=\"es_ES\" \/>\n<meta property=\"og:type\" content=\"article\" \/>\n<meta property=\"og:title\" content=\"Precios de Transferencia: la aplicaci\u00f3n del gasto repercutido entre grupo tiene como l\u00edmite la normativa fiscal\" \/>\n<meta property=\"og:description\" content=\"Bufete de abogados y economistas. Conoce nuestras areas y nuestro blog, uno de los de referencia en el asesoramiento legal de empresas. Calidad certificada en ISO y por las principales gu\u00edas jur\u00eddicas internacionales\" \/>\n<meta property=\"og:url\" content=\"https:\/\/www.35-181-91-225.plesk.page\/es\/precios-de-transferencia-la-aplicacion-del-gasto-repercutido-entre-grupo-tiene-como-limite-la-normativa-fiscal\/\" \/>\n<meta property=\"og:site_name\" content=\"Escura | Abogados y Economistas\" \/>\n<meta property=\"article:publisher\" content=\"https:\/\/www.facebook.com\/escura.abogados\" \/>\n<meta property=\"article:published_time\" content=\"2021-10-25T08:51:05+00:00\" \/>\n<meta property=\"og:image\" content=\"http:\/\/www.escura.com\/wp-content\/uploads\/2021\/10\/pin-map-150x150.jpg\" \/>\n<meta name=\"author\" content=\"escura\" \/>\n<meta name=\"twitter:card\" content=\"summary_large_image\" \/>\n<meta name=\"twitter:creator\" content=\"@escura_abogados\" \/>\n<meta name=\"twitter:site\" content=\"@escura_abogados\" \/>\n<meta name=\"twitter:label1\" content=\"Escrito por\" \/>\n\t<meta name=\"twitter:data1\" content=\"escura\" \/>\n\t<meta name=\"twitter:label2\" content=\"Tiempo de lectura\" \/>\n\t<meta name=\"twitter:data2\" content=\"2 minutos\" \/>\n<script type=\"application\/ld+json\" class=\"yoast-schema-graph\">{\"@context\":\"https:\\\/\\\/schema.org\",\"@graph\":[{\"@type\":\"Article\",\"@id\":\"https:\\\/\\\/www.35-181-91-225.plesk.page\\\/es\\\/precios-de-transferencia-la-aplicacion-del-gasto-repercutido-entre-grupo-tiene-como-limite-la-normativa-fiscal\\\/#article\",\"isPartOf\":{\"@id\":\"https:\\\/\\\/www.35-181-91-225.plesk.page\\\/es\\\/precios-de-transferencia-la-aplicacion-del-gasto-repercutido-entre-grupo-tiene-como-limite-la-normativa-fiscal\\\/\"},\"author\":{\"name\":\"escura\",\"@id\":\"https:\\\/\\\/www.escura.com\\\/es\\\/#\\\/schema\\\/person\\\/4edd59e125b9654539921a4ec1da53b1\"},\"headline\":\"Precios de Transferencia: la aplicaci\u00f3n del gasto repercutido entre grupo tiene como l\u00edmite la normativa fiscal\",\"datePublished\":\"2021-10-25T08:51:05+00:00\",\"mainEntityOfPage\":{\"@id\":\"https:\\\/\\\/www.35-181-91-225.plesk.page\\\/es\\\/precios-de-transferencia-la-aplicacion-del-gasto-repercutido-entre-grupo-tiene-como-limite-la-normativa-fiscal\\\/\"},\"wordCount\":877,\"commentCount\":0,\"publisher\":{\"@id\":\"https:\\\/\\\/www.escura.com\\\/es\\\/#organization\"},\"image\":{\"@id\":\"https:\\\/\\\/www.35-181-91-225.plesk.page\\\/es\\\/precios-de-transferencia-la-aplicacion-del-gasto-repercutido-entre-grupo-tiene-como-limite-la-normativa-fiscal\\\/#primaryimage\"},\"thumbnailUrl\":\"http:\\\/\\\/www.escura.com\\\/wp-content\\\/uploads\\\/2021\\\/10\\\/pin-map-150x150.jpg\",\"articleSection\":[\"Precios de Transferencia\"],\"inLanguage\":\"es\",\"potentialAction\":[{\"@type\":\"CommentAction\",\"name\":\"Comment\",\"target\":[\"https:\\\/\\\/www.35-181-91-225.plesk.page\\\/es\\\/precios-de-transferencia-la-aplicacion-del-gasto-repercutido-entre-grupo-tiene-como-limite-la-normativa-fiscal\\\/#respond\"]}]},{\"@type\":\"WebPage\",\"@id\":\"https:\\\/\\\/www.35-181-91-225.plesk.page\\\/es\\\/precios-de-transferencia-la-aplicacion-del-gasto-repercutido-entre-grupo-tiene-como-limite-la-normativa-fiscal\\\/\",\"url\":\"https:\\\/\\\/www.35-181-91-225.plesk.page\\\/es\\\/precios-de-transferencia-la-aplicacion-del-gasto-repercutido-entre-grupo-tiene-como-limite-la-normativa-fiscal\\\/\",\"name\":\"Escura. Abogados y Economistas\",\"isPartOf\":{\"@id\":\"https:\\\/\\\/www.escura.com\\\/es\\\/#website\"},\"primaryImageOfPage\":{\"@id\":\"https:\\\/\\\/www.35-181-91-225.plesk.page\\\/es\\\/precios-de-transferencia-la-aplicacion-del-gasto-repercutido-entre-grupo-tiene-como-limite-la-normativa-fiscal\\\/#primaryimage\"},\"image\":{\"@id\":\"https:\\\/\\\/www.35-181-91-225.plesk.page\\\/es\\\/precios-de-transferencia-la-aplicacion-del-gasto-repercutido-entre-grupo-tiene-como-limite-la-normativa-fiscal\\\/#primaryimage\"},\"thumbnailUrl\":\"http:\\\/\\\/www.escura.com\\\/wp-content\\\/uploads\\\/2021\\\/10\\\/pin-map-150x150.jpg\",\"datePublished\":\"2021-10-25T08:51:05+00:00\",\"description\":\"Bufete de abogados y economistas. Conoce nuestras areas y nuestro blog, uno de los de referencia en el asesoramiento legal de empresas. Calidad certificada en ISO y por las principales gu\u00edas jur\u00eddicas internacionales\",\"breadcrumb\":{\"@id\":\"https:\\\/\\\/www.35-181-91-225.plesk.page\\\/es\\\/precios-de-transferencia-la-aplicacion-del-gasto-repercutido-entre-grupo-tiene-como-limite-la-normativa-fiscal\\\/#breadcrumb\"},\"inLanguage\":\"es\",\"potentialAction\":[{\"@type\":\"ReadAction\",\"target\":[\"https:\\\/\\\/www.35-181-91-225.plesk.page\\\/es\\\/precios-de-transferencia-la-aplicacion-del-gasto-repercutido-entre-grupo-tiene-como-limite-la-normativa-fiscal\\\/\"]}]},{\"@type\":\"ImageObject\",\"inLanguage\":\"es\",\"@id\":\"https:\\\/\\\/www.35-181-91-225.plesk.page\\\/es\\\/precios-de-transferencia-la-aplicacion-del-gasto-repercutido-entre-grupo-tiene-como-limite-la-normativa-fiscal\\\/#primaryimage\",\"url\":\"http:\\\/\\\/www.escura.com\\\/wp-content\\\/uploads\\\/2021\\\/10\\\/pin-map-150x150.jpg\",\"contentUrl\":\"http:\\\/\\\/www.escura.com\\\/wp-content\\\/uploads\\\/2021\\\/10\\\/pin-map-150x150.jpg\"},{\"@type\":\"BreadcrumbList\",\"@id\":\"https:\\\/\\\/www.35-181-91-225.plesk.page\\\/es\\\/precios-de-transferencia-la-aplicacion-del-gasto-repercutido-entre-grupo-tiene-como-limite-la-normativa-fiscal\\\/#breadcrumb\",\"itemListElement\":[{\"@type\":\"ListItem\",\"position\":1,\"name\":\"Portada\",\"item\":\"https:\\\/\\\/www.escura.com\\\/es\\\/\"},{\"@type\":\"ListItem\",\"position\":2,\"name\":\"Precios de Transferencia: la aplicaci\u00f3n del gasto repercutido entre grupo tiene como l\u00edmite la normativa fiscal\"}]},{\"@type\":\"WebSite\",\"@id\":\"https:\\\/\\\/www.escura.com\\\/es\\\/#website\",\"url\":\"https:\\\/\\\/www.escura.com\\\/es\\\/\",\"name\":\"Escura | Abogados y Economistas\",\"description\":\"Escura es uno de los despachos de abogados de mayor prestigio en Barcelona, Madrid y Tarragona\",\"publisher\":{\"@id\":\"https:\\\/\\\/www.escura.com\\\/es\\\/#organization\"},\"potentialAction\":[{\"@type\":\"SearchAction\",\"target\":{\"@type\":\"EntryPoint\",\"urlTemplate\":\"https:\\\/\\\/www.escura.com\\\/es\\\/?s={search_term_string}\"},\"query-input\":{\"@type\":\"PropertyValueSpecification\",\"valueRequired\":true,\"valueName\":\"search_term_string\"}}],\"inLanguage\":\"es\"},{\"@type\":\"Organization\",\"@id\":\"https:\\\/\\\/www.escura.com\\\/es\\\/#organization\",\"name\":\"Escura. Abogados y economistas\",\"url\":\"https:\\\/\\\/www.escura.com\\\/es\\\/\",\"logo\":{\"@type\":\"ImageObject\",\"inLanguage\":\"es\",\"@id\":\"https:\\\/\\\/www.escura.com\\\/es\\\/#\\\/schema\\\/logo\\\/image\\\/\",\"url\":\"\",\"contentUrl\":\"\",\"caption\":\"Escura. Abogados y economistas\"},\"image\":{\"@id\":\"https:\\\/\\\/www.escura.com\\\/es\\\/#\\\/schema\\\/logo\\\/image\\\/\"},\"sameAs\":[\"https:\\\/\\\/www.facebook.com\\\/escura.abogados\",\"https:\\\/\\\/x.com\\\/escura_abogados\",\"https:\\\/\\\/www.instagram.com\\\/escura_abogados\\\/\",\"https:\\\/\\\/www.linkedin.com\\\/company\\\/bufete-escura\",\"https:\\\/\\\/www.youtube.com\\\/user\\\/BufeteEscura\\\/videos\"]},{\"@type\":\"Person\",\"@id\":\"https:\\\/\\\/www.escura.com\\\/es\\\/#\\\/schema\\\/person\\\/4edd59e125b9654539921a4ec1da53b1\",\"name\":\"escura\",\"image\":{\"@type\":\"ImageObject\",\"inLanguage\":\"es\",\"@id\":\"https:\\\/\\\/secure.gravatar.com\\\/avatar\\\/8a721c427419b1a5c865549a2d42be09e26988a9b2c8088a346d420663fa98dd?s=96&d=mm&r=g\",\"url\":\"https:\\\/\\\/secure.gravatar.com\\\/avatar\\\/8a721c427419b1a5c865549a2d42be09e26988a9b2c8088a346d420663fa98dd?s=96&d=mm&r=g\",\"contentUrl\":\"https:\\\/\\\/secure.gravatar.com\\\/avatar\\\/8a721c427419b1a5c865549a2d42be09e26988a9b2c8088a346d420663fa98dd?s=96&d=mm&r=g\",\"caption\":\"escura\"}}]}<\/script>\n<!-- \/ Yoast SEO Premium plugin. -->","yoast_head_json":{"title":"Escura. Abogados y Economistas","description":"Bufete de abogados y economistas. Conoce nuestras areas y nuestro blog, uno de los de referencia en el asesoramiento legal de empresas. Calidad certificada en ISO y por las principales gu\u00edas jur\u00eddicas internacionales","robots":{"index":"index","follow":"follow","max-snippet":"max-snippet:-1","max-image-preview":"max-image-preview:large","max-video-preview":"max-video-preview:-1"},"canonical":"https:\/\/www.35-181-91-225.plesk.page\/es\/precios-de-transferencia-la-aplicacion-del-gasto-repercutido-entre-grupo-tiene-como-limite-la-normativa-fiscal\/","og_locale":"es_ES","og_type":"article","og_title":"Precios de Transferencia: la aplicaci\u00f3n del gasto repercutido entre grupo tiene como l\u00edmite la normativa fiscal","og_description":"Bufete de abogados y economistas. Conoce nuestras areas y nuestro blog, uno de los de referencia en el asesoramiento legal de empresas. Calidad certificada en ISO y por las principales gu\u00edas jur\u00eddicas internacionales","og_url":"https:\/\/www.35-181-91-225.plesk.page\/es\/precios-de-transferencia-la-aplicacion-del-gasto-repercutido-entre-grupo-tiene-como-limite-la-normativa-fiscal\/","og_site_name":"Escura | Abogados y Economistas","article_publisher":"https:\/\/www.facebook.com\/escura.abogados","article_published_time":"2021-10-25T08:51:05+00:00","og_image":[{"url":"http:\/\/www.escura.com\/wp-content\/uploads\/2021\/10\/pin-map-150x150.jpg","type":"","width":"","height":""}],"author":"escura","twitter_card":"summary_large_image","twitter_creator":"@escura_abogados","twitter_site":"@escura_abogados","twitter_misc":{"Escrito por":"escura","Tiempo de lectura":"2 minutos"},"schema":{"@context":"https:\/\/schema.org","@graph":[{"@type":"Article","@id":"https:\/\/www.35-181-91-225.plesk.page\/es\/precios-de-transferencia-la-aplicacion-del-gasto-repercutido-entre-grupo-tiene-como-limite-la-normativa-fiscal\/#article","isPartOf":{"@id":"https:\/\/www.35-181-91-225.plesk.page\/es\/precios-de-transferencia-la-aplicacion-del-gasto-repercutido-entre-grupo-tiene-como-limite-la-normativa-fiscal\/"},"author":{"name":"escura","@id":"https:\/\/www.escura.com\/es\/#\/schema\/person\/4edd59e125b9654539921a4ec1da53b1"},"headline":"Precios de Transferencia: la aplicaci\u00f3n del gasto repercutido entre grupo tiene como l\u00edmite la normativa fiscal","datePublished":"2021-10-25T08:51:05+00:00","mainEntityOfPage":{"@id":"https:\/\/www.35-181-91-225.plesk.page\/es\/precios-de-transferencia-la-aplicacion-del-gasto-repercutido-entre-grupo-tiene-como-limite-la-normativa-fiscal\/"},"wordCount":877,"commentCount":0,"publisher":{"@id":"https:\/\/www.escura.com\/es\/#organization"},"image":{"@id":"https:\/\/www.35-181-91-225.plesk.page\/es\/precios-de-transferencia-la-aplicacion-del-gasto-repercutido-entre-grupo-tiene-como-limite-la-normativa-fiscal\/#primaryimage"},"thumbnailUrl":"http:\/\/www.escura.com\/wp-content\/uploads\/2021\/10\/pin-map-150x150.jpg","articleSection":["Precios de Transferencia"],"inLanguage":"es","potentialAction":[{"@type":"CommentAction","name":"Comment","target":["https:\/\/www.35-181-91-225.plesk.page\/es\/precios-de-transferencia-la-aplicacion-del-gasto-repercutido-entre-grupo-tiene-como-limite-la-normativa-fiscal\/#respond"]}]},{"@type":"WebPage","@id":"https:\/\/www.35-181-91-225.plesk.page\/es\/precios-de-transferencia-la-aplicacion-del-gasto-repercutido-entre-grupo-tiene-como-limite-la-normativa-fiscal\/","url":"https:\/\/www.35-181-91-225.plesk.page\/es\/precios-de-transferencia-la-aplicacion-del-gasto-repercutido-entre-grupo-tiene-como-limite-la-normativa-fiscal\/","name":"Escura. Abogados y Economistas","isPartOf":{"@id":"https:\/\/www.escura.com\/es\/#website"},"primaryImageOfPage":{"@id":"https:\/\/www.35-181-91-225.plesk.page\/es\/precios-de-transferencia-la-aplicacion-del-gasto-repercutido-entre-grupo-tiene-como-limite-la-normativa-fiscal\/#primaryimage"},"image":{"@id":"https:\/\/www.35-181-91-225.plesk.page\/es\/precios-de-transferencia-la-aplicacion-del-gasto-repercutido-entre-grupo-tiene-como-limite-la-normativa-fiscal\/#primaryimage"},"thumbnailUrl":"http:\/\/www.escura.com\/wp-content\/uploads\/2021\/10\/pin-map-150x150.jpg","datePublished":"2021-10-25T08:51:05+00:00","description":"Bufete de abogados y economistas. Conoce nuestras areas y nuestro blog, uno de los de referencia en el asesoramiento legal de empresas. Calidad certificada en ISO y por las principales gu\u00edas jur\u00eddicas internacionales","breadcrumb":{"@id":"https:\/\/www.35-181-91-225.plesk.page\/es\/precios-de-transferencia-la-aplicacion-del-gasto-repercutido-entre-grupo-tiene-como-limite-la-normativa-fiscal\/#breadcrumb"},"inLanguage":"es","potentialAction":[{"@type":"ReadAction","target":["https:\/\/www.35-181-91-225.plesk.page\/es\/precios-de-transferencia-la-aplicacion-del-gasto-repercutido-entre-grupo-tiene-como-limite-la-normativa-fiscal\/"]}]},{"@type":"ImageObject","inLanguage":"es","@id":"https:\/\/www.35-181-91-225.plesk.page\/es\/precios-de-transferencia-la-aplicacion-del-gasto-repercutido-entre-grupo-tiene-como-limite-la-normativa-fiscal\/#primaryimage","url":"http:\/\/www.escura.com\/wp-content\/uploads\/2021\/10\/pin-map-150x150.jpg","contentUrl":"http:\/\/www.escura.com\/wp-content\/uploads\/2021\/10\/pin-map-150x150.jpg"},{"@type":"BreadcrumbList","@id":"https:\/\/www.35-181-91-225.plesk.page\/es\/precios-de-transferencia-la-aplicacion-del-gasto-repercutido-entre-grupo-tiene-como-limite-la-normativa-fiscal\/#breadcrumb","itemListElement":[{"@type":"ListItem","position":1,"name":"Portada","item":"https:\/\/www.escura.com\/es\/"},{"@type":"ListItem","position":2,"name":"Precios de Transferencia: la aplicaci\u00f3n del gasto repercutido entre grupo tiene como l\u00edmite la normativa fiscal"}]},{"@type":"WebSite","@id":"https:\/\/www.escura.com\/es\/#website","url":"https:\/\/www.escura.com\/es\/","name":"Escura | Abogados y Economistas","description":"Escura es uno de los despachos de abogados de mayor prestigio en Barcelona, Madrid y Tarragona","publisher":{"@id":"https:\/\/www.escura.com\/es\/#organization"},"potentialAction":[{"@type":"SearchAction","target":{"@type":"EntryPoint","urlTemplate":"https:\/\/www.escura.com\/es\/?s={search_term_string}"},"query-input":{"@type":"PropertyValueSpecification","valueRequired":true,"valueName":"search_term_string"}}],"inLanguage":"es"},{"@type":"Organization","@id":"https:\/\/www.escura.com\/es\/#organization","name":"Escura. Abogados y economistas","url":"https:\/\/www.escura.com\/es\/","logo":{"@type":"ImageObject","inLanguage":"es","@id":"https:\/\/www.escura.com\/es\/#\/schema\/logo\/image\/","url":"","contentUrl":"","caption":"Escura. Abogados y economistas"},"image":{"@id":"https:\/\/www.escura.com\/es\/#\/schema\/logo\/image\/"},"sameAs":["https:\/\/www.facebook.com\/escura.abogados","https:\/\/x.com\/escura_abogados","https:\/\/www.instagram.com\/escura_abogados\/","https:\/\/www.linkedin.com\/company\/bufete-escura","https:\/\/www.youtube.com\/user\/BufeteEscura\/videos"]},{"@type":"Person","@id":"https:\/\/www.escura.com\/es\/#\/schema\/person\/4edd59e125b9654539921a4ec1da53b1","name":"escura","image":{"@type":"ImageObject","inLanguage":"es","@id":"https:\/\/secure.gravatar.com\/avatar\/8a721c427419b1a5c865549a2d42be09e26988a9b2c8088a346d420663fa98dd?s=96&d=mm&r=g","url":"https:\/\/secure.gravatar.com\/avatar\/8a721c427419b1a5c865549a2d42be09e26988a9b2c8088a346d420663fa98dd?s=96&d=mm&r=g","contentUrl":"https:\/\/secure.gravatar.com\/avatar\/8a721c427419b1a5c865549a2d42be09e26988a9b2c8088a346d420663fa98dd?s=96&d=mm&r=g","caption":"escura"}}]}},"_links":{"self":[{"href":"https:\/\/www.escura.com\/es\/wp-json\/wp\/v2\/posts\/28147","targetHints":{"allow":["GET"]}}],"collection":[{"href":"https:\/\/www.escura.com\/es\/wp-json\/wp\/v2\/posts"}],"about":[{"href":"https:\/\/www.escura.com\/es\/wp-json\/wp\/v2\/types\/post"}],"author":[{"embeddable":true,"href":"https:\/\/www.escura.com\/es\/wp-json\/wp\/v2\/users\/2"}],"replies":[{"embeddable":true,"href":"https:\/\/www.escura.com\/es\/wp-json\/wp\/v2\/comments?post=28147"}],"version-history":[{"count":0,"href":"https:\/\/www.escura.com\/es\/wp-json\/wp\/v2\/posts\/28147\/revisions"}],"wp:attachment":[{"href":"https:\/\/www.escura.com\/es\/wp-json\/wp\/v2\/media?parent=28147"}],"wp:term":[{"taxonomy":"category","embeddable":true,"href":"https:\/\/www.escura.com\/es\/wp-json\/wp\/v2\/categories?post=28147"},{"taxonomy":"post_tag","embeddable":true,"href":"https:\/\/www.escura.com\/es\/wp-json\/wp\/v2\/tags?post=28147"}],"curies":[{"name":"wp","href":"https:\/\/api.w.org\/{rel}","templated":true}]}}