{"id":2672,"date":"2016-02-09T13:04:17","date_gmt":"2016-02-09T13:04:17","guid":{"rendered":"https:\/\/www.escura.com\/blog-escura\/?p=2672"},"modified":"2016-02-09T13:04:17","modified_gmt":"2016-02-09T13:04:17","slug":"responsabilidad-penal-de-las-personas-juridicas-modelos-de-organizacion-y-gestion","status":"publish","type":"post","link":"https:\/\/www.escura.com\/es\/responsabilidad-penal-de-las-personas-juridicas-modelos-de-organizacion-y-gestion\/","title":{"rendered":"Responsabilidad penal de las personas jur\u00eddicas. Modelos de organizaci\u00f3n y gesti\u00f3n"},"content":{"rendered":"<p style=\"text-align: justify;\"><a href=\"https:\/\/www.escura.com\/blog-escura\/wp-content\/uploads\/2015\/05\/testificar.jpg\" rel=\"attachment wp-att-1714\"><img decoding=\"async\" class=\"size-thumbnail wp-image-1714 alignleft\" src=\"https:\/\/www.escura.com\/blog-escura\/wp-content\/uploads\/2015\/05\/testificar-150x150.jpg\" alt=\"testificar\" width=\"150\" height=\"150\" \/><\/a><a href=\"https:\/\/www.escura.com\/archivos\/pdf\/responsabilidad-penal-modelos-organizacion-28-2016.pdf\">Formato pdf<\/a><\/p>\n<p style=\"text-align: justify;\">Las circulares de Bufete Escura resumen disposiciones legales para el general conocimiento de sus clientes. \u00danicamente con car\u00e1cter excepcional efectuamos comentarios de art\u00edculos y\/o opiniones que consideramos que relevancia y de especial inter\u00e9s.<\/p>\n<p style=\"text-align: justify;\">Este es el caso de la presente circular que informa en relaci\u00f3n con la exenci\u00f3n prevista en el C\u00f3digo Penal en relaci\u00f3n con la responsabilidad penal de las empresas.\u00a0 Este tema est\u00e1 siendo objeto de gran debate, puesto que, la ley no establece ni formularios ni requisitos espec\u00edficos en relaci\u00f3n con los modelos de organizaci\u00f3n que deben implementar las empresas.<\/p>\n<p style=\"text-align: justify;\">Resulta evidente que la simple agrupaci\u00f3n de licencias y\/o procedimientos no constituyen modelos de organizaci\u00f3n que sirvan autom\u00e1ticamente para la aplicaci\u00f3n de la exenci\u00f3n de la responsabilidad penal de las empresas.<\/p>\n<p style=\"text-align: justify;\">El c\u00f3digo penal establece literalmente en su art\u00edculo 31 bis, apartado 2, 1\u00ba del C\u00f3digo Penal:<\/p>\n<p style=\"text-align: justify;\"><strong><em>\u201c2.\u00a0<\/em><\/strong><em>Si el delito fuere cometido por las personas indicadas en la letra a) del apartado anterior, <strong>la persona jur\u00eddica quedar\u00e1 exenta de responsabilidad<\/strong> si se cumplen las siguientes condiciones:<\/em><\/p>\n<ul style=\"text-align: justify;\">\n<li><strong><em>\u00aa\u00a0<\/em><\/strong><em>el \u00f3rgano de administraci\u00f3n ha adoptado y ejecutado con eficacia, antes de la comisi\u00f3n del delito, <strong>modelos de organizaci\u00f3n y gesti\u00f3n<\/strong> que incluyen las medidas de vigilancia y control id\u00f3neas para prevenir delitos de la misma naturaleza o para reducir de forma significativa el riesgo de su comisi\u00f3n;\u201d<\/em><\/li>\n<\/ul>\n<p style=\"text-align: justify;\">Los modelos de organizaci\u00f3n deben consistir \u00a0en la <strong><u>evaluaci\u00f3n<\/u><\/strong> de los procesos sensibles en la compa\u00f1\u00edas en relaci\u00f3n con el cumplimiento del C\u00f3digo Penal, \u00a0<strong><u>confecci\u00f3n<\/u><\/strong> de los modelos de prevenci\u00f3n, \u00a0la <strong><u>implantaci\u00f3n<\/u><\/strong> de procesos que puedan demostrar que en todo momento la empresa ha sido diligente en ganarse la eximente prevista en el indicado art\u00edculo 31 bis, el <strong><u>control<\/u><\/strong> y supervisi\u00f3n en todo momento del cumplimiento de las disposiciones legales y<\/p>\n<p style=\"text-align: justify;\">Recientemente la propia Fiscal\u00eda General del Estado ha confeccionado la circular 1\/2016 de la cual ya les hemos informado en nuestra circular 21\/2016. Asimismo responsables de la propia fiscal\u00eda han dejado constancia en diversos foros que la simple confecci\u00f3n de un compliance penal no constituye de hecho la aplicaci\u00f3n de la eximente prevista en el art\u00edculo 31 bis.<\/p>\n<p style=\"text-align: justify;\">Igualmente destacados juristas se han pronunciado en este sentido,\u00a0 el Profesor de Derecho Penal, D. Jose R. Agustina en su art\u00edculo publicado en la Vanguardia el pasado lunes 1 de febrero de 2016, \u201c <strong><em>no se trata de conseguir un sello m\u00e1s y hacerse con un programa est\u00e1ndar de prevenci\u00f3n de delitos para cubrir el expediente<\/em><\/strong><em>. Ni bastara para conseguir la eximente con haber nombrado como encargado de compliance a un empleado cualquiera, pues <strong><u>se va a requerir por los tribunales programas de compliance efectivos y encargados de implementarlos debidamente cualificados<\/u><\/strong><\/em> \u201c.<\/p>\n<p style=\"text-align: justify;\">Por todo ello, les recomendamos adoptar un modelo de prevenci\u00f3n que se adecue a los requisitos establecidos en la Ley, as\u00ed como consideramos muy conveniente la lectura de la circular de la Fiscal\u00eda General del Estado.<\/p>\n","protected":false},"excerpt":{"rendered":"<p>Formato pdf Las circulares de Bufete Escura resumen disposiciones legales para el general conocimiento de sus clientes. \u00danicamente con car\u00e1cter excepcional efectuamos comentarios de art\u00edculos y\/o opiniones que consideramos que relevancia y de especial inter\u00e9s. Este es el caso de la presente circular que informa en relaci\u00f3n con la exenci\u00f3n prevista en el C\u00f3digo Penal en relaci\u00f3n con la responsabilidad penal de las empresas.\u00a0 Este tema est\u00e1 siendo objeto de gran debate,  [&#8230;]<\/p>\n","protected":false},"author":1,"featured_media":0,"comment_status":"open","ping_status":"open","sticky":false,"template":"","format":"standard","meta":{"footnotes":""},"categories":[39],"tags":[],"class_list":["post-2672","post","type-post","status-publish","format-standard","hentry","category-compliance-penal"],"yoast_head":"<!-- This site is optimized with the Yoast SEO Premium plugin v26.6 (Yoast SEO v27.5) - https:\/\/yoast.com\/product\/yoast-seo-premium-wordpress\/ -->\n<title>Escura. Abogados y Economistas<\/title>\n<meta name=\"description\" content=\"Bufete de abogados y economistas. Conoce nuestras areas y nuestro blog, uno de los de referencia en el asesoramiento legal de empresas. Calidad certificada en ISO y por las principales gu\u00edas jur\u00eddicas internacionales\" \/>\n<meta name=\"robots\" content=\"index, follow, max-snippet:-1, max-image-preview:large, max-video-preview:-1\" \/>\n<link rel=\"canonical\" href=\"https:\/\/www.escura.com\/es\/responsabilidad-penal-de-las-personas-juridicas-modelos-de-organizacion-y-gestion\/\" \/>\n<meta property=\"og:locale\" content=\"es_ES\" \/>\n<meta property=\"og:type\" content=\"article\" \/>\n<meta property=\"og:title\" content=\"Responsabilidad penal de las personas jur\u00eddicas. Modelos de organizaci\u00f3n y gesti\u00f3n\" \/>\n<meta property=\"og:description\" content=\"Bufete de abogados y economistas. Conoce nuestras areas y nuestro blog, uno de los de referencia en el asesoramiento legal de empresas. Calidad certificada en ISO y por las principales gu\u00edas jur\u00eddicas internacionales\" \/>\n<meta property=\"og:url\" content=\"https:\/\/www.escura.com\/es\/responsabilidad-penal-de-las-personas-juridicas-modelos-de-organizacion-y-gestion\/\" \/>\n<meta property=\"og:site_name\" content=\"Escura | Abogados y Economistas\" \/>\n<meta property=\"article:publisher\" content=\"https:\/\/www.facebook.com\/escura.abogados\" \/>\n<meta property=\"article:published_time\" content=\"2016-02-09T13:04:17+00:00\" \/>\n<meta property=\"og:image\" content=\"https:\/\/www.escura.com\/blog-escura\/wp-content\/uploads\/2015\/05\/testificar-150x150.jpg\" \/>\n<meta name=\"author\" content=\"adminbe\" \/>\n<meta name=\"twitter:card\" content=\"summary_large_image\" \/>\n<meta name=\"twitter:creator\" content=\"@escura_abogados\" \/>\n<meta name=\"twitter:site\" content=\"@escura_abogados\" \/>\n<meta name=\"twitter:label1\" content=\"Escrito por\" \/>\n\t<meta name=\"twitter:data1\" content=\"adminbe\" \/>\n\t<meta name=\"twitter:label2\" content=\"Tiempo de lectura\" \/>\n\t<meta name=\"twitter:data2\" content=\"3 minutos\" \/>\n<script type=\"application\/ld+json\" class=\"yoast-schema-graph\">{\"@context\":\"https:\\\/\\\/schema.org\",\"@graph\":[{\"@type\":\"Article\",\"@id\":\"https:\\\/\\\/www.escura.com\\\/es\\\/responsabilidad-penal-de-las-personas-juridicas-modelos-de-organizacion-y-gestion\\\/#article\",\"isPartOf\":{\"@id\":\"https:\\\/\\\/www.escura.com\\\/es\\\/responsabilidad-penal-de-las-personas-juridicas-modelos-de-organizacion-y-gestion\\\/\"},\"author\":{\"name\":\"adminbe\",\"@id\":\"https:\\\/\\\/35.181.91.225\\\/es\\\/#\\\/schema\\\/person\\\/7a91eddf0c7dd9b28ddc69906b14e30e\"},\"headline\":\"Responsabilidad penal de las personas jur\u00eddicas. Modelos de organizaci\u00f3n y gesti\u00f3n\",\"datePublished\":\"2016-02-09T13:04:17+00:00\",\"mainEntityOfPage\":{\"@id\":\"https:\\\/\\\/www.escura.com\\\/es\\\/responsabilidad-penal-de-las-personas-juridicas-modelos-de-organizacion-y-gestion\\\/\"},\"wordCount\":527,\"commentCount\":0,\"publisher\":{\"@id\":\"https:\\\/\\\/35.181.91.225\\\/es\\\/#organization\"},\"image\":{\"@id\":\"https:\\\/\\\/www.escura.com\\\/es\\\/responsabilidad-penal-de-las-personas-juridicas-modelos-de-organizacion-y-gestion\\\/#primaryimage\"},\"thumbnailUrl\":\"https:\\\/\\\/www.escura.com\\\/blog-escura\\\/wp-content\\\/uploads\\\/2015\\\/05\\\/testificar-150x150.jpg\",\"articleSection\":[\"Compliance Penal\"],\"inLanguage\":\"es\",\"potentialAction\":[{\"@type\":\"CommentAction\",\"name\":\"Comment\",\"target\":[\"https:\\\/\\\/www.escura.com\\\/es\\\/responsabilidad-penal-de-las-personas-juridicas-modelos-de-organizacion-y-gestion\\\/#respond\"]}]},{\"@type\":\"WebPage\",\"@id\":\"https:\\\/\\\/www.escura.com\\\/es\\\/responsabilidad-penal-de-las-personas-juridicas-modelos-de-organizacion-y-gestion\\\/\",\"url\":\"https:\\\/\\\/www.escura.com\\\/es\\\/responsabilidad-penal-de-las-personas-juridicas-modelos-de-organizacion-y-gestion\\\/\",\"name\":\"Escura. Abogados y Economistas\",\"isPartOf\":{\"@id\":\"https:\\\/\\\/35.181.91.225\\\/es\\\/#website\"},\"primaryImageOfPage\":{\"@id\":\"https:\\\/\\\/www.escura.com\\\/es\\\/responsabilidad-penal-de-las-personas-juridicas-modelos-de-organizacion-y-gestion\\\/#primaryimage\"},\"image\":{\"@id\":\"https:\\\/\\\/www.escura.com\\\/es\\\/responsabilidad-penal-de-las-personas-juridicas-modelos-de-organizacion-y-gestion\\\/#primaryimage\"},\"thumbnailUrl\":\"https:\\\/\\\/www.escura.com\\\/blog-escura\\\/wp-content\\\/uploads\\\/2015\\\/05\\\/testificar-150x150.jpg\",\"datePublished\":\"2016-02-09T13:04:17+00:00\",\"description\":\"Bufete de abogados y economistas. Conoce nuestras areas y nuestro blog, uno de los de referencia en el asesoramiento legal de empresas. Calidad certificada en ISO y por las principales gu\u00edas jur\u00eddicas internacionales\",\"breadcrumb\":{\"@id\":\"https:\\\/\\\/www.escura.com\\\/es\\\/responsabilidad-penal-de-las-personas-juridicas-modelos-de-organizacion-y-gestion\\\/#breadcrumb\"},\"inLanguage\":\"es\",\"potentialAction\":[{\"@type\":\"ReadAction\",\"target\":[\"https:\\\/\\\/www.escura.com\\\/es\\\/responsabilidad-penal-de-las-personas-juridicas-modelos-de-organizacion-y-gestion\\\/\"]}]},{\"@type\":\"ImageObject\",\"inLanguage\":\"es\",\"@id\":\"https:\\\/\\\/www.escura.com\\\/es\\\/responsabilidad-penal-de-las-personas-juridicas-modelos-de-organizacion-y-gestion\\\/#primaryimage\",\"url\":\"https:\\\/\\\/www.escura.com\\\/blog-escura\\\/wp-content\\\/uploads\\\/2015\\\/05\\\/testificar-150x150.jpg\",\"contentUrl\":\"https:\\\/\\\/www.escura.com\\\/blog-escura\\\/wp-content\\\/uploads\\\/2015\\\/05\\\/testificar-150x150.jpg\"},{\"@type\":\"BreadcrumbList\",\"@id\":\"https:\\\/\\\/www.escura.com\\\/es\\\/responsabilidad-penal-de-las-personas-juridicas-modelos-de-organizacion-y-gestion\\\/#breadcrumb\",\"itemListElement\":[{\"@type\":\"ListItem\",\"position\":1,\"name\":\"Portada\",\"item\":\"https:\\\/\\\/www.35-181-91-225.plesk.page\\\/es\\\/\"},{\"@type\":\"ListItem\",\"position\":2,\"name\":\"Responsabilidad penal de las personas jur\u00eddicas. Modelos de organizaci\u00f3n y gesti\u00f3n\"}]},{\"@type\":\"WebSite\",\"@id\":\"https:\\\/\\\/35.181.91.225\\\/es\\\/#website\",\"url\":\"https:\\\/\\\/35.181.91.225\\\/es\\\/\",\"name\":\"Escura | Abogados y Economistas\",\"description\":\"Escura es uno de los despachos de abogados de mayor prestigio en Barcelona, Madrid y Tarragona\",\"publisher\":{\"@id\":\"https:\\\/\\\/35.181.91.225\\\/es\\\/#organization\"},\"potentialAction\":[{\"@type\":\"SearchAction\",\"target\":{\"@type\":\"EntryPoint\",\"urlTemplate\":\"https:\\\/\\\/35.181.91.225\\\/es\\\/?s={search_term_string}\"},\"query-input\":{\"@type\":\"PropertyValueSpecification\",\"valueRequired\":true,\"valueName\":\"search_term_string\"}}],\"inLanguage\":\"es\"},{\"@type\":\"Organization\",\"@id\":\"https:\\\/\\\/35.181.91.225\\\/es\\\/#organization\",\"name\":\"Escura. Abogados y economistas\",\"url\":\"https:\\\/\\\/35.181.91.225\\\/es\\\/\",\"logo\":{\"@type\":\"ImageObject\",\"inLanguage\":\"es\",\"@id\":\"https:\\\/\\\/35.181.91.225\\\/es\\\/#\\\/schema\\\/logo\\\/image\\\/\",\"url\":\"\",\"contentUrl\":\"\",\"caption\":\"Escura. Abogados y economistas\"},\"image\":{\"@id\":\"https:\\\/\\\/35.181.91.225\\\/es\\\/#\\\/schema\\\/logo\\\/image\\\/\"},\"sameAs\":[\"https:\\\/\\\/www.facebook.com\\\/escura.abogados\",\"https:\\\/\\\/x.com\\\/escura_abogados\",\"https:\\\/\\\/www.instagram.com\\\/escura_abogados\\\/\",\"https:\\\/\\\/www.linkedin.com\\\/company\\\/bufete-escura\",\"https:\\\/\\\/www.youtube.com\\\/user\\\/BufeteEscura\\\/videos\"]},{\"@type\":\"Person\",\"@id\":\"https:\\\/\\\/35.181.91.225\\\/es\\\/#\\\/schema\\\/person\\\/7a91eddf0c7dd9b28ddc69906b14e30e\",\"name\":\"adminbe\",\"image\":{\"@type\":\"ImageObject\",\"inLanguage\":\"es\",\"@id\":\"https:\\\/\\\/secure.gravatar.com\\\/avatar\\\/137bae7398ac3afb739b2fcea4266e889703e4bdaa4297b1c3b2d12cdf8f67a3?s=96&d=mm&r=g\",\"url\":\"https:\\\/\\\/secure.gravatar.com\\\/avatar\\\/137bae7398ac3afb739b2fcea4266e889703e4bdaa4297b1c3b2d12cdf8f67a3?s=96&d=mm&r=g\",\"contentUrl\":\"https:\\\/\\\/secure.gravatar.com\\\/avatar\\\/137bae7398ac3afb739b2fcea4266e889703e4bdaa4297b1c3b2d12cdf8f67a3?s=96&d=mm&r=g\",\"caption\":\"adminbe\"}}]}<\/script>\n<!-- \/ Yoast SEO Premium plugin. -->","yoast_head_json":{"title":"Escura. Abogados y Economistas","description":"Bufete de abogados y economistas. Conoce nuestras areas y nuestro blog, uno de los de referencia en el asesoramiento legal de empresas. Calidad certificada en ISO y por las principales gu\u00edas jur\u00eddicas internacionales","robots":{"index":"index","follow":"follow","max-snippet":"max-snippet:-1","max-image-preview":"max-image-preview:large","max-video-preview":"max-video-preview:-1"},"canonical":"https:\/\/www.escura.com\/es\/responsabilidad-penal-de-las-personas-juridicas-modelos-de-organizacion-y-gestion\/","og_locale":"es_ES","og_type":"article","og_title":"Responsabilidad penal de las personas jur\u00eddicas. Modelos de organizaci\u00f3n y gesti\u00f3n","og_description":"Bufete de abogados y economistas. Conoce nuestras areas y nuestro blog, uno de los de referencia en el asesoramiento legal de empresas. Calidad certificada en ISO y por las principales gu\u00edas jur\u00eddicas internacionales","og_url":"https:\/\/www.escura.com\/es\/responsabilidad-penal-de-las-personas-juridicas-modelos-de-organizacion-y-gestion\/","og_site_name":"Escura | Abogados y Economistas","article_publisher":"https:\/\/www.facebook.com\/escura.abogados","article_published_time":"2016-02-09T13:04:17+00:00","og_image":[{"url":"https:\/\/www.escura.com\/blog-escura\/wp-content\/uploads\/2015\/05\/testificar-150x150.jpg","type":"","width":"","height":""}],"author":"adminbe","twitter_card":"summary_large_image","twitter_creator":"@escura_abogados","twitter_site":"@escura_abogados","twitter_misc":{"Escrito por":"adminbe","Tiempo de lectura":"3 minutos"},"schema":{"@context":"https:\/\/schema.org","@graph":[{"@type":"Article","@id":"https:\/\/www.escura.com\/es\/responsabilidad-penal-de-las-personas-juridicas-modelos-de-organizacion-y-gestion\/#article","isPartOf":{"@id":"https:\/\/www.escura.com\/es\/responsabilidad-penal-de-las-personas-juridicas-modelos-de-organizacion-y-gestion\/"},"author":{"name":"adminbe","@id":"https:\/\/35.181.91.225\/es\/#\/schema\/person\/7a91eddf0c7dd9b28ddc69906b14e30e"},"headline":"Responsabilidad penal de las personas jur\u00eddicas. Modelos de organizaci\u00f3n y gesti\u00f3n","datePublished":"2016-02-09T13:04:17+00:00","mainEntityOfPage":{"@id":"https:\/\/www.escura.com\/es\/responsabilidad-penal-de-las-personas-juridicas-modelos-de-organizacion-y-gestion\/"},"wordCount":527,"commentCount":0,"publisher":{"@id":"https:\/\/35.181.91.225\/es\/#organization"},"image":{"@id":"https:\/\/www.escura.com\/es\/responsabilidad-penal-de-las-personas-juridicas-modelos-de-organizacion-y-gestion\/#primaryimage"},"thumbnailUrl":"https:\/\/www.escura.com\/blog-escura\/wp-content\/uploads\/2015\/05\/testificar-150x150.jpg","articleSection":["Compliance Penal"],"inLanguage":"es","potentialAction":[{"@type":"CommentAction","name":"Comment","target":["https:\/\/www.escura.com\/es\/responsabilidad-penal-de-las-personas-juridicas-modelos-de-organizacion-y-gestion\/#respond"]}]},{"@type":"WebPage","@id":"https:\/\/www.escura.com\/es\/responsabilidad-penal-de-las-personas-juridicas-modelos-de-organizacion-y-gestion\/","url":"https:\/\/www.escura.com\/es\/responsabilidad-penal-de-las-personas-juridicas-modelos-de-organizacion-y-gestion\/","name":"Escura. Abogados y Economistas","isPartOf":{"@id":"https:\/\/35.181.91.225\/es\/#website"},"primaryImageOfPage":{"@id":"https:\/\/www.escura.com\/es\/responsabilidad-penal-de-las-personas-juridicas-modelos-de-organizacion-y-gestion\/#primaryimage"},"image":{"@id":"https:\/\/www.escura.com\/es\/responsabilidad-penal-de-las-personas-juridicas-modelos-de-organizacion-y-gestion\/#primaryimage"},"thumbnailUrl":"https:\/\/www.escura.com\/blog-escura\/wp-content\/uploads\/2015\/05\/testificar-150x150.jpg","datePublished":"2016-02-09T13:04:17+00:00","description":"Bufete de abogados y economistas. Conoce nuestras areas y nuestro blog, uno de los de referencia en el asesoramiento legal de empresas. Calidad certificada en ISO y por las principales gu\u00edas jur\u00eddicas internacionales","breadcrumb":{"@id":"https:\/\/www.escura.com\/es\/responsabilidad-penal-de-las-personas-juridicas-modelos-de-organizacion-y-gestion\/#breadcrumb"},"inLanguage":"es","potentialAction":[{"@type":"ReadAction","target":["https:\/\/www.escura.com\/es\/responsabilidad-penal-de-las-personas-juridicas-modelos-de-organizacion-y-gestion\/"]}]},{"@type":"ImageObject","inLanguage":"es","@id":"https:\/\/www.escura.com\/es\/responsabilidad-penal-de-las-personas-juridicas-modelos-de-organizacion-y-gestion\/#primaryimage","url":"https:\/\/www.escura.com\/blog-escura\/wp-content\/uploads\/2015\/05\/testificar-150x150.jpg","contentUrl":"https:\/\/www.escura.com\/blog-escura\/wp-content\/uploads\/2015\/05\/testificar-150x150.jpg"},{"@type":"BreadcrumbList","@id":"https:\/\/www.escura.com\/es\/responsabilidad-penal-de-las-personas-juridicas-modelos-de-organizacion-y-gestion\/#breadcrumb","itemListElement":[{"@type":"ListItem","position":1,"name":"Portada","item":"https:\/\/www.35-181-91-225.plesk.page\/es\/"},{"@type":"ListItem","position":2,"name":"Responsabilidad penal de las personas jur\u00eddicas. Modelos de organizaci\u00f3n y gesti\u00f3n"}]},{"@type":"WebSite","@id":"https:\/\/35.181.91.225\/es\/#website","url":"https:\/\/35.181.91.225\/es\/","name":"Escura | Abogados y Economistas","description":"Escura es uno de los despachos de abogados de mayor prestigio en Barcelona, Madrid y Tarragona","publisher":{"@id":"https:\/\/35.181.91.225\/es\/#organization"},"potentialAction":[{"@type":"SearchAction","target":{"@type":"EntryPoint","urlTemplate":"https:\/\/35.181.91.225\/es\/?s={search_term_string}"},"query-input":{"@type":"PropertyValueSpecification","valueRequired":true,"valueName":"search_term_string"}}],"inLanguage":"es"},{"@type":"Organization","@id":"https:\/\/35.181.91.225\/es\/#organization","name":"Escura. Abogados y economistas","url":"https:\/\/35.181.91.225\/es\/","logo":{"@type":"ImageObject","inLanguage":"es","@id":"https:\/\/35.181.91.225\/es\/#\/schema\/logo\/image\/","url":"","contentUrl":"","caption":"Escura. Abogados y economistas"},"image":{"@id":"https:\/\/35.181.91.225\/es\/#\/schema\/logo\/image\/"},"sameAs":["https:\/\/www.facebook.com\/escura.abogados","https:\/\/x.com\/escura_abogados","https:\/\/www.instagram.com\/escura_abogados\/","https:\/\/www.linkedin.com\/company\/bufete-escura","https:\/\/www.youtube.com\/user\/BufeteEscura\/videos"]},{"@type":"Person","@id":"https:\/\/35.181.91.225\/es\/#\/schema\/person\/7a91eddf0c7dd9b28ddc69906b14e30e","name":"adminbe","image":{"@type":"ImageObject","inLanguage":"es","@id":"https:\/\/secure.gravatar.com\/avatar\/137bae7398ac3afb739b2fcea4266e889703e4bdaa4297b1c3b2d12cdf8f67a3?s=96&d=mm&r=g","url":"https:\/\/secure.gravatar.com\/avatar\/137bae7398ac3afb739b2fcea4266e889703e4bdaa4297b1c3b2d12cdf8f67a3?s=96&d=mm&r=g","contentUrl":"https:\/\/secure.gravatar.com\/avatar\/137bae7398ac3afb739b2fcea4266e889703e4bdaa4297b1c3b2d12cdf8f67a3?s=96&d=mm&r=g","caption":"adminbe"}}]}},"_links":{"self":[{"href":"https:\/\/www.escura.com\/es\/wp-json\/wp\/v2\/posts\/2672","targetHints":{"allow":["GET"]}}],"collection":[{"href":"https:\/\/www.escura.com\/es\/wp-json\/wp\/v2\/posts"}],"about":[{"href":"https:\/\/www.escura.com\/es\/wp-json\/wp\/v2\/types\/post"}],"author":[{"embeddable":true,"href":"https:\/\/www.escura.com\/es\/wp-json\/wp\/v2\/users\/1"}],"replies":[{"embeddable":true,"href":"https:\/\/www.escura.com\/es\/wp-json\/wp\/v2\/comments?post=2672"}],"version-history":[{"count":0,"href":"https:\/\/www.escura.com\/es\/wp-json\/wp\/v2\/posts\/2672\/revisions"}],"wp:attachment":[{"href":"https:\/\/www.escura.com\/es\/wp-json\/wp\/v2\/media?parent=2672"}],"wp:term":[{"taxonomy":"category","embeddable":true,"href":"https:\/\/www.escura.com\/es\/wp-json\/wp\/v2\/categories?post=2672"},{"taxonomy":"post_tag","embeddable":true,"href":"https:\/\/www.escura.com\/es\/wp-json\/wp\/v2\/tags?post=2672"}],"curies":[{"name":"wp","href":"https:\/\/api.w.org\/{rel}","templated":true}]}}