{"id":198,"date":"2013-07-08T08:24:53","date_gmt":"2013-07-08T08:24:53","guid":{"rendered":"https:\/\/www.escura.com\/blog-escura\/?p=198"},"modified":"2013-07-08T08:24:53","modified_gmt":"2013-07-08T08:24:53","slug":"ley-42013-de-4-de-junio-de-medidas-de-flexibilizacion-y-fomento-del-mercado-de-alquiler-de-viviendas","status":"publish","type":"post","link":"https:\/\/www.escura.com\/es\/ley-42013-de-4-de-junio-de-medidas-de-flexibilizacion-y-fomento-del-mercado-de-alquiler-de-viviendas\/","title":{"rendered":"Ley 4\/2013, de 4 de junio, de medidas de flexibilizaci\u00f3n y fomento del mercado de alquiler de viviendas"},"content":{"rendered":"<p>Con fecha 5 de junio de 2013 se public\u00f3 en el Bolet\u00edn Oficial del Estado (BOE) la Ley 4\/2013, de 4 de junio, de medidas de flexibilizaci\u00f3n y fomento del mercado del alquiler de viviendas.<\/p>\n<p>El objetivo fundamental de esta Ley es flexibilizar el mercado del alquiler para lograr su dinamizaci\u00f3n, por medio de la b\u00fasqueda del necesario equilibrio entre las necesidades de vivienda en alquiler y las garant\u00edas que deben ofrecerse a los arrendadores para su puesta a disposici\u00f3n del mercado arrendaticio.<\/p>\n<p>Para lograr la finalidad indicada se han modificado una serie de preceptos de la Ley 29\/1994, de 24 de noviembre, de Arrendamientos Urbanos (LAU); y adicionalmente, al objeto de abordar las cuestiones m\u00e1s puntuales que est\u00e1n generando problemas en los procesos de desahucio, se modifican determinados preceptos de la Ley 1\/2000, de 7 de enero, de Enjuiciamiento Civil (LEC).<\/p>\n<p><b>1) <span style=\"text-decoration: underline;\">Modificaciones a la Ley 29\/1994, de 24 de noviembre, de Arrendamientos Urbanos (LAU)<\/span>. <\/b><\/p>\n<p><b>(i) Prevalencia de la voluntad de las partes <\/b><\/p>\n<p>En cuanto al <strong>r\u00e9gimen jur\u00eddico aplicable a los contratos de alquiler de vivienda,<\/strong><b> se refuerza la libertad de pactos<\/b>, dando prioridad a la voluntad de las partes.<\/p>\n<p>Igualmente, en la l\u00ednea de potenciar la autonom\u00eda de la voluntad y la agilidad de este tipo de contratos as\u00ed como la resoluci\u00f3n de las controversias que los mismos pudieran suscitar, se incorpora la posibilidad de someter a <b>mediaci\u00f3n o arbitraje las controversias surgidas de los contratos de arrendamientos urbanos<\/b> y <b>se faculta a las partes para se\u00f1alar una direcci\u00f3n electr\u00f3nica a los efectos de realizar notificaciones<\/b>, siempre y cuando se garantice la autenticidad de la comunicaci\u00f3n, la integridad de su contenido y que quede constancia fehaciente de la remisi\u00f3n y recepci\u00f3n \u00edntegras y del momento en que se hicieron.<\/p>\n<p>Adicionalmente se a\u00f1ade la <b>posibilidad de que las partes puedan acordar reemplazar total o parcialmente la obligaci\u00f3n de pago de la renta por el compromiso del arrendatario de reformar o rehabilitar el inmueble<\/b> en los t\u00e9rminos y condiciones pactados, estableci\u00e9ndose la facultad de que el incumplimiento de dicha obligaci\u00f3n por parte del arrendatario podr\u00e1 ser causa de resoluci\u00f3n del contrato.<\/p>\n<p>Tambi\u00e9n se incorpora el <b>poder de disposici\u00f3n de las partes sobre la actualizaci\u00f3n de la renta arrendaticia<\/b>, estableci\u00e9ndose como r\u00e9gimen supletorio la actualizaci\u00f3n seg\u00fan la evoluci\u00f3n del IPC.<\/p>\n<p>Por \u00faltimo, se prev\u00e9 la <b>posibilidad de las partes de pactar la renuncia al derecho de adquisici\u00f3n preferente por parte del arrendatario<\/b> si bien se estipula la obligaci\u00f3n del arrendador de, en tales supuestos, comunicar al arrendatario su intenci\u00f3n de vender la vivienda con una antelaci\u00f3n m\u00ednima de 30 d\u00edas a la fecha de formalizaci\u00f3n del contrato de compraventa.<\/p>\n<p><b>(ii) Duraci\u00f3n del contrato de arrendamiento<\/b><\/p>\n<p>Se reduce el plazo de <b>pr\u00f3rroga forzosa de 5 a 3 a\u00f1os<\/b>, y <b>de 3 a 1 a\u00f1o el plazo de pr\u00f3rroga t\u00e1cita.<\/b><\/p>\n<p><a title=\"Leer m\u00e1s...\" href=\"https:\/\/www.escura.com\/archivos\/pdf\/32_13.pdf\" target=\"_blank\">Leer m\u00e1s&#8230;<\/a><\/p>\n","protected":false},"excerpt":{"rendered":"<p>Con fecha 5 de junio de 2013 se public\u00f3 en el Bolet\u00edn Oficial del Estado (BOE) la Ley 4\/2013, de 4 de junio, de medidas de flexibilizaci\u00f3n y fomento del mercado del alquiler de viviendas. El objetivo fundamental de esta Ley es flexibilizar el mercado del alquiler para lograr su dinamizaci\u00f3n, por medio de la b\u00fasqueda del necesario equilibrio entre las necesidades de vivienda en alquiler y las garant\u00edas que deben ofrecerse  [&#8230;]<\/p>\n","protected":false},"author":1,"featured_media":0,"comment_status":"open","ping_status":"open","sticky":false,"template":"","format":"standard","meta":{"footnotes":""},"categories":[30],"tags":[],"class_list":["post-198","post","type-post","status-publish","format-standard","hentry","category-empresa-corporate"],"yoast_head":"<!-- This site is optimized with the Yoast SEO Premium plugin v26.6 (Yoast SEO v27.5) - https:\/\/yoast.com\/product\/yoast-seo-premium-wordpress\/ -->\n<title>Escura. Abogados y Economistas<\/title>\n<meta name=\"description\" content=\"Bufete de abogados y economistas. Conoce nuestras areas y nuestro blog, uno de los de referencia en el asesoramiento legal de empresas. Calidad certificada en ISO y por las principales gu\u00edas jur\u00eddicas internacionales\" \/>\n<meta name=\"robots\" content=\"index, follow, max-snippet:-1, max-image-preview:large, max-video-preview:-1\" \/>\n<link rel=\"canonical\" href=\"https:\/\/www.escura.com\/es\/ley-42013-de-4-de-junio-de-medidas-de-flexibilizacion-y-fomento-del-mercado-de-alquiler-de-viviendas\/\" \/>\n<meta property=\"og:locale\" content=\"es_ES\" \/>\n<meta property=\"og:type\" content=\"article\" \/>\n<meta property=\"og:title\" content=\"Ley 4\/2013, de 4 de junio, de medidas de flexibilizaci\u00f3n y fomento del mercado de alquiler de viviendas\" \/>\n<meta property=\"og:description\" content=\"Bufete de abogados y economistas. Conoce nuestras areas y nuestro blog, uno de los de referencia en el asesoramiento legal de empresas. Calidad certificada en ISO y por las principales gu\u00edas jur\u00eddicas internacionales\" \/>\n<meta property=\"og:url\" content=\"https:\/\/www.escura.com\/es\/ley-42013-de-4-de-junio-de-medidas-de-flexibilizacion-y-fomento-del-mercado-de-alquiler-de-viviendas\/\" \/>\n<meta property=\"og:site_name\" content=\"Escura | Abogados y Economistas\" \/>\n<meta property=\"article:publisher\" content=\"https:\/\/www.facebook.com\/escura.abogados\" \/>\n<meta property=\"article:published_time\" content=\"2013-07-08T08:24:53+00:00\" \/>\n<meta name=\"author\" content=\"adminbe\" \/>\n<meta name=\"twitter:card\" content=\"summary_large_image\" \/>\n<meta name=\"twitter:creator\" content=\"@escura_abogados\" \/>\n<meta name=\"twitter:site\" content=\"@escura_abogados\" \/>\n<meta name=\"twitter:label1\" content=\"Escrito por\" \/>\n\t<meta name=\"twitter:data1\" content=\"adminbe\" \/>\n\t<meta name=\"twitter:label2\" content=\"Tiempo de lectura\" \/>\n\t<meta name=\"twitter:data2\" content=\"3 minutos\" \/>\n<script type=\"application\/ld+json\" class=\"yoast-schema-graph\">{\"@context\":\"https:\\\/\\\/schema.org\",\"@graph\":[{\"@type\":\"Article\",\"@id\":\"https:\\\/\\\/www.escura.com\\\/es\\\/ley-42013-de-4-de-junio-de-medidas-de-flexibilizacion-y-fomento-del-mercado-de-alquiler-de-viviendas\\\/#article\",\"isPartOf\":{\"@id\":\"https:\\\/\\\/www.escura.com\\\/es\\\/ley-42013-de-4-de-junio-de-medidas-de-flexibilizacion-y-fomento-del-mercado-de-alquiler-de-viviendas\\\/\"},\"author\":{\"name\":\"adminbe\",\"@id\":\"https:\\\/\\\/35.181.91.225\\\/es\\\/#\\\/schema\\\/person\\\/7a91eddf0c7dd9b28ddc69906b14e30e\"},\"headline\":\"Ley 4\\\/2013, de 4 de junio, de medidas de flexibilizaci\u00f3n y fomento del mercado de alquiler de viviendas\",\"datePublished\":\"2013-07-08T08:24:53+00:00\",\"mainEntityOfPage\":{\"@id\":\"https:\\\/\\\/www.escura.com\\\/es\\\/ley-42013-de-4-de-junio-de-medidas-de-flexibilizacion-y-fomento-del-mercado-de-alquiler-de-viviendas\\\/\"},\"wordCount\":518,\"commentCount\":0,\"publisher\":{\"@id\":\"https:\\\/\\\/35.181.91.225\\\/es\\\/#organization\"},\"articleSection\":[\"Derecho de empresa (Corporate)\"],\"inLanguage\":\"es\",\"potentialAction\":[{\"@type\":\"CommentAction\",\"name\":\"Comment\",\"target\":[\"https:\\\/\\\/www.escura.com\\\/es\\\/ley-42013-de-4-de-junio-de-medidas-de-flexibilizacion-y-fomento-del-mercado-de-alquiler-de-viviendas\\\/#respond\"]}]},{\"@type\":\"WebPage\",\"@id\":\"https:\\\/\\\/www.escura.com\\\/es\\\/ley-42013-de-4-de-junio-de-medidas-de-flexibilizacion-y-fomento-del-mercado-de-alquiler-de-viviendas\\\/\",\"url\":\"https:\\\/\\\/www.escura.com\\\/es\\\/ley-42013-de-4-de-junio-de-medidas-de-flexibilizacion-y-fomento-del-mercado-de-alquiler-de-viviendas\\\/\",\"name\":\"Escura. Abogados y Economistas\",\"isPartOf\":{\"@id\":\"https:\\\/\\\/35.181.91.225\\\/es\\\/#website\"},\"datePublished\":\"2013-07-08T08:24:53+00:00\",\"description\":\"Bufete de abogados y economistas. Conoce nuestras areas y nuestro blog, uno de los de referencia en el asesoramiento legal de empresas. Calidad certificada en ISO y por las principales gu\u00edas jur\u00eddicas internacionales\",\"breadcrumb\":{\"@id\":\"https:\\\/\\\/www.escura.com\\\/es\\\/ley-42013-de-4-de-junio-de-medidas-de-flexibilizacion-y-fomento-del-mercado-de-alquiler-de-viviendas\\\/#breadcrumb\"},\"inLanguage\":\"es\",\"potentialAction\":[{\"@type\":\"ReadAction\",\"target\":[\"https:\\\/\\\/www.escura.com\\\/es\\\/ley-42013-de-4-de-junio-de-medidas-de-flexibilizacion-y-fomento-del-mercado-de-alquiler-de-viviendas\\\/\"]}]},{\"@type\":\"BreadcrumbList\",\"@id\":\"https:\\\/\\\/www.escura.com\\\/es\\\/ley-42013-de-4-de-junio-de-medidas-de-flexibilizacion-y-fomento-del-mercado-de-alquiler-de-viviendas\\\/#breadcrumb\",\"itemListElement\":[{\"@type\":\"ListItem\",\"position\":1,\"name\":\"Portada\",\"item\":\"https:\\\/\\\/www.35-181-91-225.plesk.page\\\/es\\\/\"},{\"@type\":\"ListItem\",\"position\":2,\"name\":\"Ley 4\\\/2013, de 4 de junio, de medidas de flexibilizaci\u00f3n y fomento del mercado de alquiler de viviendas\"}]},{\"@type\":\"WebSite\",\"@id\":\"https:\\\/\\\/35.181.91.225\\\/es\\\/#website\",\"url\":\"https:\\\/\\\/35.181.91.225\\\/es\\\/\",\"name\":\"Escura | Abogados y Economistas\",\"description\":\"Escura es uno de los despachos de abogados de mayor prestigio en Barcelona, Madrid y Tarragona\",\"publisher\":{\"@id\":\"https:\\\/\\\/35.181.91.225\\\/es\\\/#organization\"},\"potentialAction\":[{\"@type\":\"SearchAction\",\"target\":{\"@type\":\"EntryPoint\",\"urlTemplate\":\"https:\\\/\\\/35.181.91.225\\\/es\\\/?s={search_term_string}\"},\"query-input\":{\"@type\":\"PropertyValueSpecification\",\"valueRequired\":true,\"valueName\":\"search_term_string\"}}],\"inLanguage\":\"es\"},{\"@type\":\"Organization\",\"@id\":\"https:\\\/\\\/35.181.91.225\\\/es\\\/#organization\",\"name\":\"Escura. Abogados y economistas\",\"url\":\"https:\\\/\\\/35.181.91.225\\\/es\\\/\",\"logo\":{\"@type\":\"ImageObject\",\"inLanguage\":\"es\",\"@id\":\"https:\\\/\\\/35.181.91.225\\\/es\\\/#\\\/schema\\\/logo\\\/image\\\/\",\"url\":\"\",\"contentUrl\":\"\",\"caption\":\"Escura. Abogados y economistas\"},\"image\":{\"@id\":\"https:\\\/\\\/35.181.91.225\\\/es\\\/#\\\/schema\\\/logo\\\/image\\\/\"},\"sameAs\":[\"https:\\\/\\\/www.facebook.com\\\/escura.abogados\",\"https:\\\/\\\/x.com\\\/escura_abogados\",\"https:\\\/\\\/www.instagram.com\\\/escura_abogados\\\/\",\"https:\\\/\\\/www.linkedin.com\\\/company\\\/bufete-escura\",\"https:\\\/\\\/www.youtube.com\\\/user\\\/BufeteEscura\\\/videos\"]},{\"@type\":\"Person\",\"@id\":\"https:\\\/\\\/35.181.91.225\\\/es\\\/#\\\/schema\\\/person\\\/7a91eddf0c7dd9b28ddc69906b14e30e\",\"name\":\"adminbe\",\"image\":{\"@type\":\"ImageObject\",\"inLanguage\":\"es\",\"@id\":\"https:\\\/\\\/secure.gravatar.com\\\/avatar\\\/137bae7398ac3afb739b2fcea4266e889703e4bdaa4297b1c3b2d12cdf8f67a3?s=96&d=mm&r=g\",\"url\":\"https:\\\/\\\/secure.gravatar.com\\\/avatar\\\/137bae7398ac3afb739b2fcea4266e889703e4bdaa4297b1c3b2d12cdf8f67a3?s=96&d=mm&r=g\",\"contentUrl\":\"https:\\\/\\\/secure.gravatar.com\\\/avatar\\\/137bae7398ac3afb739b2fcea4266e889703e4bdaa4297b1c3b2d12cdf8f67a3?s=96&d=mm&r=g\",\"caption\":\"adminbe\"}}]}<\/script>\n<!-- \/ Yoast SEO Premium plugin. -->","yoast_head_json":{"title":"Escura. Abogados y Economistas","description":"Bufete de abogados y economistas. Conoce nuestras areas y nuestro blog, uno de los de referencia en el asesoramiento legal de empresas. Calidad certificada en ISO y por las principales gu\u00edas jur\u00eddicas internacionales","robots":{"index":"index","follow":"follow","max-snippet":"max-snippet:-1","max-image-preview":"max-image-preview:large","max-video-preview":"max-video-preview:-1"},"canonical":"https:\/\/www.escura.com\/es\/ley-42013-de-4-de-junio-de-medidas-de-flexibilizacion-y-fomento-del-mercado-de-alquiler-de-viviendas\/","og_locale":"es_ES","og_type":"article","og_title":"Ley 4\/2013, de 4 de junio, de medidas de flexibilizaci\u00f3n y fomento del mercado de alquiler de viviendas","og_description":"Bufete de abogados y economistas. Conoce nuestras areas y nuestro blog, uno de los de referencia en el asesoramiento legal de empresas. Calidad certificada en ISO y por las principales gu\u00edas jur\u00eddicas internacionales","og_url":"https:\/\/www.escura.com\/es\/ley-42013-de-4-de-junio-de-medidas-de-flexibilizacion-y-fomento-del-mercado-de-alquiler-de-viviendas\/","og_site_name":"Escura | Abogados y Economistas","article_publisher":"https:\/\/www.facebook.com\/escura.abogados","article_published_time":"2013-07-08T08:24:53+00:00","author":"adminbe","twitter_card":"summary_large_image","twitter_creator":"@escura_abogados","twitter_site":"@escura_abogados","twitter_misc":{"Escrito por":"adminbe","Tiempo de lectura":"3 minutos"},"schema":{"@context":"https:\/\/schema.org","@graph":[{"@type":"Article","@id":"https:\/\/www.escura.com\/es\/ley-42013-de-4-de-junio-de-medidas-de-flexibilizacion-y-fomento-del-mercado-de-alquiler-de-viviendas\/#article","isPartOf":{"@id":"https:\/\/www.escura.com\/es\/ley-42013-de-4-de-junio-de-medidas-de-flexibilizacion-y-fomento-del-mercado-de-alquiler-de-viviendas\/"},"author":{"name":"adminbe","@id":"https:\/\/35.181.91.225\/es\/#\/schema\/person\/7a91eddf0c7dd9b28ddc69906b14e30e"},"headline":"Ley 4\/2013, de 4 de junio, de medidas de flexibilizaci\u00f3n y fomento del mercado de alquiler de viviendas","datePublished":"2013-07-08T08:24:53+00:00","mainEntityOfPage":{"@id":"https:\/\/www.escura.com\/es\/ley-42013-de-4-de-junio-de-medidas-de-flexibilizacion-y-fomento-del-mercado-de-alquiler-de-viviendas\/"},"wordCount":518,"commentCount":0,"publisher":{"@id":"https:\/\/35.181.91.225\/es\/#organization"},"articleSection":["Derecho de empresa (Corporate)"],"inLanguage":"es","potentialAction":[{"@type":"CommentAction","name":"Comment","target":["https:\/\/www.escura.com\/es\/ley-42013-de-4-de-junio-de-medidas-de-flexibilizacion-y-fomento-del-mercado-de-alquiler-de-viviendas\/#respond"]}]},{"@type":"WebPage","@id":"https:\/\/www.escura.com\/es\/ley-42013-de-4-de-junio-de-medidas-de-flexibilizacion-y-fomento-del-mercado-de-alquiler-de-viviendas\/","url":"https:\/\/www.escura.com\/es\/ley-42013-de-4-de-junio-de-medidas-de-flexibilizacion-y-fomento-del-mercado-de-alquiler-de-viviendas\/","name":"Escura. Abogados y Economistas","isPartOf":{"@id":"https:\/\/35.181.91.225\/es\/#website"},"datePublished":"2013-07-08T08:24:53+00:00","description":"Bufete de abogados y economistas. Conoce nuestras areas y nuestro blog, uno de los de referencia en el asesoramiento legal de empresas. Calidad certificada en ISO y por las principales gu\u00edas jur\u00eddicas internacionales","breadcrumb":{"@id":"https:\/\/www.escura.com\/es\/ley-42013-de-4-de-junio-de-medidas-de-flexibilizacion-y-fomento-del-mercado-de-alquiler-de-viviendas\/#breadcrumb"},"inLanguage":"es","potentialAction":[{"@type":"ReadAction","target":["https:\/\/www.escura.com\/es\/ley-42013-de-4-de-junio-de-medidas-de-flexibilizacion-y-fomento-del-mercado-de-alquiler-de-viviendas\/"]}]},{"@type":"BreadcrumbList","@id":"https:\/\/www.escura.com\/es\/ley-42013-de-4-de-junio-de-medidas-de-flexibilizacion-y-fomento-del-mercado-de-alquiler-de-viviendas\/#breadcrumb","itemListElement":[{"@type":"ListItem","position":1,"name":"Portada","item":"https:\/\/www.35-181-91-225.plesk.page\/es\/"},{"@type":"ListItem","position":2,"name":"Ley 4\/2013, de 4 de junio, de medidas de flexibilizaci\u00f3n y fomento del mercado de alquiler de viviendas"}]},{"@type":"WebSite","@id":"https:\/\/35.181.91.225\/es\/#website","url":"https:\/\/35.181.91.225\/es\/","name":"Escura | Abogados y Economistas","description":"Escura es uno de los despachos de abogados de mayor prestigio en Barcelona, Madrid y Tarragona","publisher":{"@id":"https:\/\/35.181.91.225\/es\/#organization"},"potentialAction":[{"@type":"SearchAction","target":{"@type":"EntryPoint","urlTemplate":"https:\/\/35.181.91.225\/es\/?s={search_term_string}"},"query-input":{"@type":"PropertyValueSpecification","valueRequired":true,"valueName":"search_term_string"}}],"inLanguage":"es"},{"@type":"Organization","@id":"https:\/\/35.181.91.225\/es\/#organization","name":"Escura. Abogados y economistas","url":"https:\/\/35.181.91.225\/es\/","logo":{"@type":"ImageObject","inLanguage":"es","@id":"https:\/\/35.181.91.225\/es\/#\/schema\/logo\/image\/","url":"","contentUrl":"","caption":"Escura. Abogados y economistas"},"image":{"@id":"https:\/\/35.181.91.225\/es\/#\/schema\/logo\/image\/"},"sameAs":["https:\/\/www.facebook.com\/escura.abogados","https:\/\/x.com\/escura_abogados","https:\/\/www.instagram.com\/escura_abogados\/","https:\/\/www.linkedin.com\/company\/bufete-escura","https:\/\/www.youtube.com\/user\/BufeteEscura\/videos"]},{"@type":"Person","@id":"https:\/\/35.181.91.225\/es\/#\/schema\/person\/7a91eddf0c7dd9b28ddc69906b14e30e","name":"adminbe","image":{"@type":"ImageObject","inLanguage":"es","@id":"https:\/\/secure.gravatar.com\/avatar\/137bae7398ac3afb739b2fcea4266e889703e4bdaa4297b1c3b2d12cdf8f67a3?s=96&d=mm&r=g","url":"https:\/\/secure.gravatar.com\/avatar\/137bae7398ac3afb739b2fcea4266e889703e4bdaa4297b1c3b2d12cdf8f67a3?s=96&d=mm&r=g","contentUrl":"https:\/\/secure.gravatar.com\/avatar\/137bae7398ac3afb739b2fcea4266e889703e4bdaa4297b1c3b2d12cdf8f67a3?s=96&d=mm&r=g","caption":"adminbe"}}]}},"_links":{"self":[{"href":"https:\/\/www.escura.com\/es\/wp-json\/wp\/v2\/posts\/198","targetHints":{"allow":["GET"]}}],"collection":[{"href":"https:\/\/www.escura.com\/es\/wp-json\/wp\/v2\/posts"}],"about":[{"href":"https:\/\/www.escura.com\/es\/wp-json\/wp\/v2\/types\/post"}],"author":[{"embeddable":true,"href":"https:\/\/www.escura.com\/es\/wp-json\/wp\/v2\/users\/1"}],"replies":[{"embeddable":true,"href":"https:\/\/www.escura.com\/es\/wp-json\/wp\/v2\/comments?post=198"}],"version-history":[{"count":0,"href":"https:\/\/www.escura.com\/es\/wp-json\/wp\/v2\/posts\/198\/revisions"}],"wp:attachment":[{"href":"https:\/\/www.escura.com\/es\/wp-json\/wp\/v2\/media?parent=198"}],"wp:term":[{"taxonomy":"category","embeddable":true,"href":"https:\/\/www.escura.com\/es\/wp-json\/wp\/v2\/categories?post=198"},{"taxonomy":"post_tag","embeddable":true,"href":"https:\/\/www.escura.com\/es\/wp-json\/wp\/v2\/tags?post=198"}],"curies":[{"name":"wp","href":"https:\/\/api.w.org\/{rel}","templated":true}]}}