{"id":18550,"date":"2021-05-21T09:00:17","date_gmt":"2021-05-21T07:00:17","guid":{"rendered":"https:\/\/blog.escura.com\/?p=18550"},"modified":"2022-09-29T18:26:12","modified_gmt":"2022-09-29T16:26:12","slug":"el-plazo-para-reclamar-una-indemnizacion-al-seguro-por-fallecimiento-prescribe-a-los-5-anos","status":"publish","type":"post","link":"https:\/\/www.escura.com\/es\/el-plazo-para-reclamar-una-indemnizacion-al-seguro-por-fallecimiento-prescribe-a-los-5-anos\/","title":{"rendered":"El plazo para reclamar una indemnizaci\u00f3n al seguro por fallecimiento prescribe a los 5 a\u00f1os"},"content":{"rendered":"<div class=\"fusion-fullwidth fullwidth-box fusion-builder-row-1 nonhundred-percent-fullwidth non-hundred-percent-height-scrolling\" style=\"--awb-border-radius-top-left:0px;--awb-border-radius-top-right:0px;--awb-border-radius-bottom-right:0px;--awb-border-radius-bottom-left:0px;--awb-flex-wrap:wrap;\" ><div class=\"fusion-builder-row fusion-row\"><div class=\"fusion-layout-column fusion_builder_column fusion-builder-column-0 fusion_builder_column_1_1 1_1 fusion-one-full fusion-column-first fusion-column-last\" style=\"--awb-bg-size:cover;--awb-margin-bottom:0px;\"><div class=\"fusion-column-wrapper fusion-flex-column-wrapper-legacy\"><div class=\"fusion-text fusion-text-1\"><h3 style=\"text-align: right;\"><a href=\"http:\/\/www.escura.com\/wp-content\/uploads\/2021\/05\/53-21-sentencia-plazo-reclamacion-indemnizacion-seguro-fallecimiento.pdf\">Consulte el PDF<\/a><\/h3>\n<p><img decoding=\"async\" class=\"alignleft wp-image-16259 size-thumbnail\" src=\"http:\/\/blog.escura.com\/wp-content\/uploads\/2019\/01\/CC0-302-150x150.jpg\" alt=\"\" width=\"150\" height=\"150\" \/><\/p>\n<p>El Pleno de la Sala de lo Civil del Tribunal Supremo ha resuelto que <strong>el plazo para solicitar la indemnizaci\u00f3n frente al seguro del fallecido ser\u00e1 de <u>cinco a\u00f1os<\/u><\/strong> desde que se adquiere el conocimiento del caso, ya que <strong>se aplica el plazo establecido en el art\u00edculo 23 Ley de Contrato de Seguro y no el general que se establece en el C\u00f3digo Civil<\/strong>.<\/p>\n<p>En el caso en cuesti\u00f3n, la aseguradora remiti\u00f3 una carta informando al receptor de la indemnizaci\u00f3n \u2013 y hermano del fallecido \u2013 el reconocimiento de dicha indemnizaci\u00f3n con la condici\u00f3n de que aportara \u2013 sin establecer un plazo &#8211; la documentaci\u00f3n que acreditase que era el heredero del fallecido. Sin embargo, al padecer una discapacidad, el mismo entendi\u00f3 que dicha indemnizaci\u00f3n ya hab\u00eda sido concedida y no fue hasta pasados los a\u00f1os que al no recibir el ingreso lo reclam\u00f3.<\/p>\n<p><strong>La aseguradora aleg\u00f3 que la acci\u00f3n hab\u00eda prescrito en base al Codigo Civil. No obstante, el Tribual Supremo resuelve que en estos casos, es de aplicaci\u00f3n el art\u00edculo 23 LCS que establece un plazo de prescripci\u00f3n de cinco a\u00f1os.<\/strong><\/p>\n<p>Asimismo, atendido que el solicitante de la indemnizaci\u00f3n padec\u00eda una discapacidad, el Pleno aplica los principios de amparo y de tutela efectiva de las personas discapacitadas (art\u00edculo 49 Constituci\u00f3n Espa\u00f1ola) y, por lo tanto, entiende que la comunicaci\u00f3n realizada por la aseguradora en la que le reconoce la cobertura del seguro y la indemnizaci\u00f3n no altera la prescripci\u00f3n por entenderse que el momento que se inicia el c\u00f3mputo para el ejecuci\u00f3n de la acci\u00f3n empieza en el momento en que la acci\u00f3n puede ejercitarse, esto es, en el momento que tiene conocimiento de la situaci\u00f3n.<\/p>\n<p>Por \u00faltimo, <strong>la Sala exime a la compa\u00f1\u00eda aseguradora de los intereses<\/strong> previstos en la Ley de Contratos de Seguros por su actitud colaboradora.<\/p>\n<p>Puede consultar la sentencia del Tribunal Supremo en el siguiente link: <a href=\"http:\/\/www.escura.com\/wp-content\/uploads\/2021\/05\/S-TS-10_5_2021_indemnizacion_seguro_fallecimiento.pdf\">Consultar Sentencia TS<\/a><\/p>\n<p>\u00a9 La presente informaci\u00f3n es propiedad de <strong>Escura<\/strong>, <strong>abogados<\/strong> y <strong>economistas<\/strong>, quedando prohibida su reproducci\u00f3n sin permiso expreso.<\/p>\n<\/div><div class=\"fusion-clearfix\"><\/div><\/div><\/div><div class=\"fusion-layout-column fusion_builder_column fusion-builder-column-1 fusion_builder_column_1_1 1_1 fusion-one-full fusion-column-first fusion-column-last banner\" style=\"--awb-padding-top:20px;--awb-padding-right:20px;--awb-padding-bottom:20px;--awb-padding-left:20px;--awb-bg-image:url(&#039;http:\/\/blog.escura.com\/wp-content\/uploads\/2019\/03\/area_litigios_arbitraje.jpg&#039;);--awb-bg-size:cover;--awb-margin-top:40px;\"><div class=\"fusion-column-wrapper fusion-flex-column-wrapper-legacy fusion-column-has-bg-image\" data-bg-url=\"http:\/\/blog.escura.com\/wp-content\/uploads\/2019\/03\/area_litigios_arbitraje.jpg\"><div class=\"fusion-text fusion-text-2\"><h3><a href=\"https:\/\/www.escura.com\/es\/litigios-y-arbitraje\/\" target=\"_blank\" rel=\"noopener noreferrer\">Consulta nuestra \u00e1rea de <strong>Litigios y Arbitraje<\/strong><\/a><\/h3>\n<\/div><div class=\"fusion-clearfix\"><\/div><\/div><\/div><\/div><\/div>\n","protected":false},"excerpt":{"rendered":"","protected":false},"author":2,"featured_media":28175,"comment_status":"open","ping_status":"open","sticky":false,"template":"","format":"standard","meta":{"footnotes":""},"categories":[33],"tags":[],"class_list":["post-18550","post","type-post","status-publish","format-standard","has-post-thumbnail","hentry","category-litigios-arbitraje"],"yoast_head":"<!-- This site is optimized with the Yoast SEO Premium plugin v26.6 (Yoast SEO v27.4) - https:\/\/yoast.com\/product\/yoast-seo-premium-wordpress\/ -->\n<title>Plazo para reclamar una indemnizaci\u00f3n al seguro por fallecimiento<\/title>\n<meta name=\"description\" content=\"Una circular creada por Escura habla sobre El plazo para reclamar una indemnizaci\u00f3n al seguro por fallecimiento prescribe a los 5 a\u00f1os\" \/>\n<meta name=\"robots\" content=\"index, follow, max-snippet:-1, max-image-preview:large, max-video-preview:-1\" \/>\n<link rel=\"canonical\" href=\"https:\/\/www.escura.com\/es\/el-plazo-para-reclamar-una-indemnizacion-al-seguro-por-fallecimiento-prescribe-a-los-5-anos\/\" \/>\n<meta property=\"og:locale\" content=\"es_ES\" \/>\n<meta property=\"og:type\" content=\"article\" \/>\n<meta property=\"og:title\" content=\"El plazo para reclamar una indemnizaci\u00f3n al seguro por fallecimiento prescribe a los 5 a\u00f1os\" \/>\n<meta property=\"og:description\" content=\"Una circular creada por Escura habla sobre El plazo para reclamar una indemnizaci\u00f3n al seguro por fallecimiento prescribe a los 5 a\u00f1os\" \/>\n<meta property=\"og:url\" content=\"https:\/\/www.escura.com\/es\/el-plazo-para-reclamar-una-indemnizacion-al-seguro-por-fallecimiento-prescribe-a-los-5-anos\/\" \/>\n<meta property=\"og:site_name\" content=\"Escura | Abogados y Economistas\" \/>\n<meta property=\"article:publisher\" content=\"https:\/\/www.facebook.com\/escura.abogados\" \/>\n<meta property=\"article:published_time\" content=\"2021-05-21T07:00:17+00:00\" \/>\n<meta property=\"article:modified_time\" content=\"2022-09-29T16:26:12+00:00\" \/>\n<meta property=\"og:image\" content=\"https:\/\/www.escura.com\/wp-content\/uploads\/2019\/01\/CC0-302-1-scaled.jpg\" \/>\n\t<meta property=\"og:image:width\" content=\"2560\" \/>\n\t<meta property=\"og:image:height\" content=\"1702\" \/>\n\t<meta property=\"og:image:type\" content=\"image\/jpeg\" \/>\n<meta name=\"author\" content=\"escura\" \/>\n<meta name=\"twitter:card\" content=\"summary_large_image\" \/>\n<meta name=\"twitter:creator\" content=\"@escura_abogados\" \/>\n<meta name=\"twitter:site\" content=\"@escura_abogados\" \/>\n<meta name=\"twitter:label1\" content=\"Escrito por\" \/>\n\t<meta name=\"twitter:data1\" content=\"escura\" \/>\n\t<meta name=\"twitter:label2\" content=\"Tiempo de lectura\" \/>\n\t<meta name=\"twitter:data2\" content=\"3 minutos\" \/>\n<script type=\"application\/ld+json\" class=\"yoast-schema-graph\">{\"@context\":\"https:\\\/\\\/schema.org\",\"@graph\":[{\"@type\":\"Article\",\"@id\":\"https:\\\/\\\/www.escura.com\\\/es\\\/el-plazo-para-reclamar-una-indemnizacion-al-seguro-por-fallecimiento-prescribe-a-los-5-anos\\\/#article\",\"isPartOf\":{\"@id\":\"https:\\\/\\\/www.escura.com\\\/es\\\/el-plazo-para-reclamar-una-indemnizacion-al-seguro-por-fallecimiento-prescribe-a-los-5-anos\\\/\"},\"author\":{\"name\":\"escura\",\"@id\":\"https:\\\/\\\/www.escura.com\\\/es\\\/#\\\/schema\\\/person\\\/4edd59e125b9654539921a4ec1da53b1\"},\"headline\":\"El plazo para reclamar una indemnizaci\u00f3n al seguro por fallecimiento prescribe a los 5 a\u00f1os\",\"datePublished\":\"2021-05-21T07:00:17+00:00\",\"dateModified\":\"2022-09-29T16:26:12+00:00\",\"mainEntityOfPage\":{\"@id\":\"https:\\\/\\\/www.escura.com\\\/es\\\/el-plazo-para-reclamar-una-indemnizacion-al-seguro-por-fallecimiento-prescribe-a-los-5-anos\\\/\"},\"wordCount\":740,\"commentCount\":0,\"publisher\":{\"@id\":\"https:\\\/\\\/www.escura.com\\\/es\\\/#organization\"},\"image\":{\"@id\":\"https:\\\/\\\/www.escura.com\\\/es\\\/el-plazo-para-reclamar-una-indemnizacion-al-seguro-por-fallecimiento-prescribe-a-los-5-anos\\\/#primaryimage\"},\"thumbnailUrl\":\"https:\\\/\\\/www.escura.com\\\/wp-content\\\/uploads\\\/2019\\\/01\\\/CC0-302-1-scaled.jpg\",\"articleSection\":[\"Litigios\"],\"inLanguage\":\"es\",\"potentialAction\":[{\"@type\":\"CommentAction\",\"name\":\"Comment\",\"target\":[\"https:\\\/\\\/www.escura.com\\\/es\\\/el-plazo-para-reclamar-una-indemnizacion-al-seguro-por-fallecimiento-prescribe-a-los-5-anos\\\/#respond\"]}]},{\"@type\":\"WebPage\",\"@id\":\"https:\\\/\\\/www.escura.com\\\/es\\\/el-plazo-para-reclamar-una-indemnizacion-al-seguro-por-fallecimiento-prescribe-a-los-5-anos\\\/\",\"url\":\"https:\\\/\\\/www.escura.com\\\/es\\\/el-plazo-para-reclamar-una-indemnizacion-al-seguro-por-fallecimiento-prescribe-a-los-5-anos\\\/\",\"name\":\"Plazo para reclamar una indemnizaci\u00f3n al seguro por fallecimiento\",\"isPartOf\":{\"@id\":\"https:\\\/\\\/www.escura.com\\\/es\\\/#website\"},\"primaryImageOfPage\":{\"@id\":\"https:\\\/\\\/www.escura.com\\\/es\\\/el-plazo-para-reclamar-una-indemnizacion-al-seguro-por-fallecimiento-prescribe-a-los-5-anos\\\/#primaryimage\"},\"image\":{\"@id\":\"https:\\\/\\\/www.escura.com\\\/es\\\/el-plazo-para-reclamar-una-indemnizacion-al-seguro-por-fallecimiento-prescribe-a-los-5-anos\\\/#primaryimage\"},\"thumbnailUrl\":\"https:\\\/\\\/www.escura.com\\\/wp-content\\\/uploads\\\/2019\\\/01\\\/CC0-302-1-scaled.jpg\",\"datePublished\":\"2021-05-21T07:00:17+00:00\",\"dateModified\":\"2022-09-29T16:26:12+00:00\",\"description\":\"Una circular creada por Escura habla sobre El plazo para reclamar una indemnizaci\u00f3n al seguro por fallecimiento prescribe a los 5 a\u00f1os\",\"breadcrumb\":{\"@id\":\"https:\\\/\\\/www.escura.com\\\/es\\\/el-plazo-para-reclamar-una-indemnizacion-al-seguro-por-fallecimiento-prescribe-a-los-5-anos\\\/#breadcrumb\"},\"inLanguage\":\"es\",\"potentialAction\":[{\"@type\":\"ReadAction\",\"target\":[\"https:\\\/\\\/www.escura.com\\\/es\\\/el-plazo-para-reclamar-una-indemnizacion-al-seguro-por-fallecimiento-prescribe-a-los-5-anos\\\/\"]}]},{\"@type\":\"ImageObject\",\"inLanguage\":\"es\",\"@id\":\"https:\\\/\\\/www.escura.com\\\/es\\\/el-plazo-para-reclamar-una-indemnizacion-al-seguro-por-fallecimiento-prescribe-a-los-5-anos\\\/#primaryimage\",\"url\":\"https:\\\/\\\/www.escura.com\\\/wp-content\\\/uploads\\\/2019\\\/01\\\/CC0-302-1-scaled.jpg\",\"contentUrl\":\"https:\\\/\\\/www.escura.com\\\/wp-content\\\/uploads\\\/2019\\\/01\\\/CC0-302-1-scaled.jpg\",\"width\":2560,\"height\":1702},{\"@type\":\"BreadcrumbList\",\"@id\":\"https:\\\/\\\/www.escura.com\\\/es\\\/el-plazo-para-reclamar-una-indemnizacion-al-seguro-por-fallecimiento-prescribe-a-los-5-anos\\\/#breadcrumb\",\"itemListElement\":[{\"@type\":\"ListItem\",\"position\":1,\"name\":\"Portada\",\"item\":\"https:\\\/\\\/www.escura.com\\\/es\\\/\"},{\"@type\":\"ListItem\",\"position\":2,\"name\":\"El plazo para reclamar una indemnizaci\u00f3n al seguro por fallecimiento prescribe a los 5 a\u00f1os\"}]},{\"@type\":\"WebSite\",\"@id\":\"https:\\\/\\\/www.escura.com\\\/es\\\/#website\",\"url\":\"https:\\\/\\\/www.escura.com\\\/es\\\/\",\"name\":\"Escura | Abogados y Economistas\",\"description\":\"Escura es uno de los despachos de abogados de mayor prestigio en Barcelona, Madrid y Tarragona\",\"publisher\":{\"@id\":\"https:\\\/\\\/www.escura.com\\\/es\\\/#organization\"},\"potentialAction\":[{\"@type\":\"SearchAction\",\"target\":{\"@type\":\"EntryPoint\",\"urlTemplate\":\"https:\\\/\\\/www.escura.com\\\/es\\\/?s={search_term_string}\"},\"query-input\":{\"@type\":\"PropertyValueSpecification\",\"valueRequired\":true,\"valueName\":\"search_term_string\"}}],\"inLanguage\":\"es\"},{\"@type\":\"Organization\",\"@id\":\"https:\\\/\\\/www.escura.com\\\/es\\\/#organization\",\"name\":\"Escura. Abogados y economistas\",\"url\":\"https:\\\/\\\/www.escura.com\\\/es\\\/\",\"logo\":{\"@type\":\"ImageObject\",\"inLanguage\":\"es\",\"@id\":\"https:\\\/\\\/www.escura.com\\\/es\\\/#\\\/schema\\\/logo\\\/image\\\/\",\"url\":\"\",\"contentUrl\":\"\",\"caption\":\"Escura. Abogados y economistas\"},\"image\":{\"@id\":\"https:\\\/\\\/www.escura.com\\\/es\\\/#\\\/schema\\\/logo\\\/image\\\/\"},\"sameAs\":[\"https:\\\/\\\/www.facebook.com\\\/escura.abogados\",\"https:\\\/\\\/x.com\\\/escura_abogados\",\"https:\\\/\\\/www.instagram.com\\\/escura_abogados\\\/\",\"https:\\\/\\\/www.linkedin.com\\\/company\\\/bufete-escura\",\"https:\\\/\\\/www.youtube.com\\\/user\\\/BufeteEscura\\\/videos\"]},{\"@type\":\"Person\",\"@id\":\"https:\\\/\\\/www.escura.com\\\/es\\\/#\\\/schema\\\/person\\\/4edd59e125b9654539921a4ec1da53b1\",\"name\":\"escura\",\"image\":{\"@type\":\"ImageObject\",\"inLanguage\":\"es\",\"@id\":\"https:\\\/\\\/secure.gravatar.com\\\/avatar\\\/8a721c427419b1a5c865549a2d42be09e26988a9b2c8088a346d420663fa98dd?s=96&d=mm&r=g\",\"url\":\"https:\\\/\\\/secure.gravatar.com\\\/avatar\\\/8a721c427419b1a5c865549a2d42be09e26988a9b2c8088a346d420663fa98dd?s=96&d=mm&r=g\",\"contentUrl\":\"https:\\\/\\\/secure.gravatar.com\\\/avatar\\\/8a721c427419b1a5c865549a2d42be09e26988a9b2c8088a346d420663fa98dd?s=96&d=mm&r=g\",\"caption\":\"escura\"}}]}<\/script>\n<!-- \/ Yoast SEO Premium plugin. -->","yoast_head_json":{"title":"Plazo para reclamar una indemnizaci\u00f3n al seguro por fallecimiento","description":"Una circular creada por Escura habla sobre El plazo para reclamar una indemnizaci\u00f3n al seguro por fallecimiento prescribe a los 5 a\u00f1os","robots":{"index":"index","follow":"follow","max-snippet":"max-snippet:-1","max-image-preview":"max-image-preview:large","max-video-preview":"max-video-preview:-1"},"canonical":"https:\/\/www.escura.com\/es\/el-plazo-para-reclamar-una-indemnizacion-al-seguro-por-fallecimiento-prescribe-a-los-5-anos\/","og_locale":"es_ES","og_type":"article","og_title":"El plazo para reclamar una indemnizaci\u00f3n al seguro por fallecimiento prescribe a los 5 a\u00f1os","og_description":"Una circular creada por Escura habla sobre El plazo para reclamar una indemnizaci\u00f3n al seguro por fallecimiento prescribe a los 5 a\u00f1os","og_url":"https:\/\/www.escura.com\/es\/el-plazo-para-reclamar-una-indemnizacion-al-seguro-por-fallecimiento-prescribe-a-los-5-anos\/","og_site_name":"Escura | Abogados y Economistas","article_publisher":"https:\/\/www.facebook.com\/escura.abogados","article_published_time":"2021-05-21T07:00:17+00:00","article_modified_time":"2022-09-29T16:26:12+00:00","og_image":[{"width":2560,"height":1702,"url":"https:\/\/www.escura.com\/wp-content\/uploads\/2019\/01\/CC0-302-1-scaled.jpg","type":"image\/jpeg"}],"author":"escura","twitter_card":"summary_large_image","twitter_creator":"@escura_abogados","twitter_site":"@escura_abogados","twitter_misc":{"Escrito por":"escura","Tiempo de lectura":"3 minutos"},"schema":{"@context":"https:\/\/schema.org","@graph":[{"@type":"Article","@id":"https:\/\/www.escura.com\/es\/el-plazo-para-reclamar-una-indemnizacion-al-seguro-por-fallecimiento-prescribe-a-los-5-anos\/#article","isPartOf":{"@id":"https:\/\/www.escura.com\/es\/el-plazo-para-reclamar-una-indemnizacion-al-seguro-por-fallecimiento-prescribe-a-los-5-anos\/"},"author":{"name":"escura","@id":"https:\/\/www.escura.com\/es\/#\/schema\/person\/4edd59e125b9654539921a4ec1da53b1"},"headline":"El plazo para reclamar una indemnizaci\u00f3n al seguro por fallecimiento prescribe a los 5 a\u00f1os","datePublished":"2021-05-21T07:00:17+00:00","dateModified":"2022-09-29T16:26:12+00:00","mainEntityOfPage":{"@id":"https:\/\/www.escura.com\/es\/el-plazo-para-reclamar-una-indemnizacion-al-seguro-por-fallecimiento-prescribe-a-los-5-anos\/"},"wordCount":740,"commentCount":0,"publisher":{"@id":"https:\/\/www.escura.com\/es\/#organization"},"image":{"@id":"https:\/\/www.escura.com\/es\/el-plazo-para-reclamar-una-indemnizacion-al-seguro-por-fallecimiento-prescribe-a-los-5-anos\/#primaryimage"},"thumbnailUrl":"https:\/\/www.escura.com\/wp-content\/uploads\/2019\/01\/CC0-302-1-scaled.jpg","articleSection":["Litigios"],"inLanguage":"es","potentialAction":[{"@type":"CommentAction","name":"Comment","target":["https:\/\/www.escura.com\/es\/el-plazo-para-reclamar-una-indemnizacion-al-seguro-por-fallecimiento-prescribe-a-los-5-anos\/#respond"]}]},{"@type":"WebPage","@id":"https:\/\/www.escura.com\/es\/el-plazo-para-reclamar-una-indemnizacion-al-seguro-por-fallecimiento-prescribe-a-los-5-anos\/","url":"https:\/\/www.escura.com\/es\/el-plazo-para-reclamar-una-indemnizacion-al-seguro-por-fallecimiento-prescribe-a-los-5-anos\/","name":"Plazo para reclamar una indemnizaci\u00f3n al seguro por fallecimiento","isPartOf":{"@id":"https:\/\/www.escura.com\/es\/#website"},"primaryImageOfPage":{"@id":"https:\/\/www.escura.com\/es\/el-plazo-para-reclamar-una-indemnizacion-al-seguro-por-fallecimiento-prescribe-a-los-5-anos\/#primaryimage"},"image":{"@id":"https:\/\/www.escura.com\/es\/el-plazo-para-reclamar-una-indemnizacion-al-seguro-por-fallecimiento-prescribe-a-los-5-anos\/#primaryimage"},"thumbnailUrl":"https:\/\/www.escura.com\/wp-content\/uploads\/2019\/01\/CC0-302-1-scaled.jpg","datePublished":"2021-05-21T07:00:17+00:00","dateModified":"2022-09-29T16:26:12+00:00","description":"Una circular creada por Escura habla sobre El plazo para reclamar una indemnizaci\u00f3n al seguro por fallecimiento prescribe a los 5 a\u00f1os","breadcrumb":{"@id":"https:\/\/www.escura.com\/es\/el-plazo-para-reclamar-una-indemnizacion-al-seguro-por-fallecimiento-prescribe-a-los-5-anos\/#breadcrumb"},"inLanguage":"es","potentialAction":[{"@type":"ReadAction","target":["https:\/\/www.escura.com\/es\/el-plazo-para-reclamar-una-indemnizacion-al-seguro-por-fallecimiento-prescribe-a-los-5-anos\/"]}]},{"@type":"ImageObject","inLanguage":"es","@id":"https:\/\/www.escura.com\/es\/el-plazo-para-reclamar-una-indemnizacion-al-seguro-por-fallecimiento-prescribe-a-los-5-anos\/#primaryimage","url":"https:\/\/www.escura.com\/wp-content\/uploads\/2019\/01\/CC0-302-1-scaled.jpg","contentUrl":"https:\/\/www.escura.com\/wp-content\/uploads\/2019\/01\/CC0-302-1-scaled.jpg","width":2560,"height":1702},{"@type":"BreadcrumbList","@id":"https:\/\/www.escura.com\/es\/el-plazo-para-reclamar-una-indemnizacion-al-seguro-por-fallecimiento-prescribe-a-los-5-anos\/#breadcrumb","itemListElement":[{"@type":"ListItem","position":1,"name":"Portada","item":"https:\/\/www.escura.com\/es\/"},{"@type":"ListItem","position":2,"name":"El plazo para reclamar una indemnizaci\u00f3n al seguro por fallecimiento prescribe a los 5 a\u00f1os"}]},{"@type":"WebSite","@id":"https:\/\/www.escura.com\/es\/#website","url":"https:\/\/www.escura.com\/es\/","name":"Escura | Abogados y Economistas","description":"Escura es uno de los despachos de abogados de mayor prestigio en Barcelona, Madrid y Tarragona","publisher":{"@id":"https:\/\/www.escura.com\/es\/#organization"},"potentialAction":[{"@type":"SearchAction","target":{"@type":"EntryPoint","urlTemplate":"https:\/\/www.escura.com\/es\/?s={search_term_string}"},"query-input":{"@type":"PropertyValueSpecification","valueRequired":true,"valueName":"search_term_string"}}],"inLanguage":"es"},{"@type":"Organization","@id":"https:\/\/www.escura.com\/es\/#organization","name":"Escura. Abogados y economistas","url":"https:\/\/www.escura.com\/es\/","logo":{"@type":"ImageObject","inLanguage":"es","@id":"https:\/\/www.escura.com\/es\/#\/schema\/logo\/image\/","url":"","contentUrl":"","caption":"Escura. Abogados y economistas"},"image":{"@id":"https:\/\/www.escura.com\/es\/#\/schema\/logo\/image\/"},"sameAs":["https:\/\/www.facebook.com\/escura.abogados","https:\/\/x.com\/escura_abogados","https:\/\/www.instagram.com\/escura_abogados\/","https:\/\/www.linkedin.com\/company\/bufete-escura","https:\/\/www.youtube.com\/user\/BufeteEscura\/videos"]},{"@type":"Person","@id":"https:\/\/www.escura.com\/es\/#\/schema\/person\/4edd59e125b9654539921a4ec1da53b1","name":"escura","image":{"@type":"ImageObject","inLanguage":"es","@id":"https:\/\/secure.gravatar.com\/avatar\/8a721c427419b1a5c865549a2d42be09e26988a9b2c8088a346d420663fa98dd?s=96&d=mm&r=g","url":"https:\/\/secure.gravatar.com\/avatar\/8a721c427419b1a5c865549a2d42be09e26988a9b2c8088a346d420663fa98dd?s=96&d=mm&r=g","contentUrl":"https:\/\/secure.gravatar.com\/avatar\/8a721c427419b1a5c865549a2d42be09e26988a9b2c8088a346d420663fa98dd?s=96&d=mm&r=g","caption":"escura"}}]}},"_links":{"self":[{"href":"https:\/\/www.escura.com\/es\/wp-json\/wp\/v2\/posts\/18550","targetHints":{"allow":["GET"]}}],"collection":[{"href":"https:\/\/www.escura.com\/es\/wp-json\/wp\/v2\/posts"}],"about":[{"href":"https:\/\/www.escura.com\/es\/wp-json\/wp\/v2\/types\/post"}],"author":[{"embeddable":true,"href":"https:\/\/www.escura.com\/es\/wp-json\/wp\/v2\/users\/2"}],"replies":[{"embeddable":true,"href":"https:\/\/www.escura.com\/es\/wp-json\/wp\/v2\/comments?post=18550"}],"version-history":[{"count":1,"href":"https:\/\/www.escura.com\/es\/wp-json\/wp\/v2\/posts\/18550\/revisions"}],"predecessor-version":[{"id":38344,"href":"https:\/\/www.escura.com\/es\/wp-json\/wp\/v2\/posts\/18550\/revisions\/38344"}],"wp:featuredmedia":[{"embeddable":true,"href":"https:\/\/www.escura.com\/es\/wp-json\/wp\/v2\/media\/28175"}],"wp:attachment":[{"href":"https:\/\/www.escura.com\/es\/wp-json\/wp\/v2\/media?parent=18550"}],"wp:term":[{"taxonomy":"category","embeddable":true,"href":"https:\/\/www.escura.com\/es\/wp-json\/wp\/v2\/categories?post=18550"},{"taxonomy":"post_tag","embeddable":true,"href":"https:\/\/www.escura.com\/es\/wp-json\/wp\/v2\/tags?post=18550"}],"curies":[{"name":"wp","href":"https:\/\/api.w.org\/{rel}","templated":true}]}}