{"id":1723,"date":"2015-05-04T10:46:41","date_gmt":"2015-05-04T10:46:41","guid":{"rendered":"https:\/\/www.escura.com\/blog-escura\/?p=1723"},"modified":"2015-05-04T10:46:41","modified_gmt":"2015-05-04T10:46:41","slug":"paralizacion-de-la-orden-que-obliga-a-las-companias-a-depositar-las-actas-integras-en-el-registro-mercantil","status":"publish","type":"post","link":"https:\/\/www.escura.com\/es\/paralizacion-de-la-orden-que-obliga-a-las-companias-a-depositar-las-actas-integras-en-el-registro-mercantil\/","title":{"rendered":"Paralizaci\u00f3n de la orden que obliga a las compa\u00f1\u00edas a depositar las actas integras en el registro mercantil"},"content":{"rendered":"<p style=\"text-align: justify;\"><a href=\"https:\/\/www.escura.com\/blog-escura\/wp-content\/uploads\/2015\/05\/inoperatividad.jpg\"><img decoding=\"async\" class=\" size-full wp-image-1703 alignleft\" src=\"https:\/\/www.escura.com\/blog-escura\/wp-content\/uploads\/2015\/05\/inoperatividad.jpg\" alt=\"inoperatividad\" width=\"150\" height=\"150\" \/><\/a>El Tribunal Superior de Justicia de Madrid ha resuelto, con fecha 27 de Abril, la suspensi\u00f3n cautelar de la instrucci\u00f3n de la Direcci\u00f3n General del Registro y del Notariado en la que se solicitaban, conjuntamente con el dep\u00f3sito de los libros contables, las actas de las sociedades.<\/p>\n<p style=\"text-align: justify;\">Esta medida reviste una gran trascendencia ya que el plazo para el exp\u00f3sito de las actas finalizaba el 30 de Abril de este a\u00f1o.<\/p>\n<p style=\"text-align: justify;\">Las sociedades podr\u00e1n continuar con el sistema vigente hasta la fecha,\u00a0 consistente en cumplimentar los libros diligenciados en el registro mercantil correspondiente al domicilio de la sociedad.<\/p>\n<p style=\"text-align: justify;\">La obligaci\u00f3n del dep\u00f3sito de las actas derivaba de una Instrucci\u00f3n de la Direcci\u00f3n General del Registro y del Notariado, que fue recurrir\u00a0 ante los tribunales, que han estimado dejar en suspenso cautelar la obligaci\u00f3n del dep\u00f3sito.<\/p>\n<p style=\"text-align: justify;\">La base del recurso est\u00e1 fundamentado, b\u00e1sicamente, en la vulneraci\u00f3n de la confidencialidad que lleva aparejada el dep\u00f3sito de las actas integras que recogen los acuerdos societarios.<\/p>\n<p style=\"text-align: justify;\">Esta medida habr\u00e1 sido muy controvertida por amplios sectores del empresariado.<\/p>\n<p style=\"text-align: justify;\">La suspensi\u00f3n cautelar, no supone que la instrucci\u00f3n haya quedado anulada, sino que\u00a0 \u00fanicamente ha sido suspendida cautelarmente, por lo que habr\u00e1 que estar al resultado del contencioso.<\/p>\n","protected":false},"excerpt":{"rendered":"<p>El Tribunal Superior de Justicia de Madrid ha resuelto, con fecha 27 de Abril, la suspensi\u00f3n cautelar de la instrucci\u00f3n de la Direcci\u00f3n General del Registro y del Notariado en la que se solicitaban, conjuntamente con el dep\u00f3sito de los libros contables, las actas de las sociedades. Esta medida reviste una gran trascendencia ya que el plazo para el exp\u00f3sito de las actas finalizaba el 30 de Abril de este a\u00f1o. Las  [&#8230;]<\/p>\n","protected":false},"author":1,"featured_media":0,"comment_status":"open","ping_status":"open","sticky":false,"template":"","format":"standard","meta":{"footnotes":""},"categories":[30],"tags":[],"class_list":["post-1723","post","type-post","status-publish","format-standard","hentry","category-empresa-corporate"],"yoast_head":"<!-- This site is optimized with the Yoast SEO Premium plugin v26.6 (Yoast SEO v27.5) - https:\/\/yoast.com\/product\/yoast-seo-premium-wordpress\/ -->\n<title>Escura. Abogados y Economistas<\/title>\n<meta name=\"description\" content=\"Bufete de abogados y economistas. Conoce nuestras areas y nuestro blog, uno de los de referencia en el asesoramiento legal de empresas. Calidad certificada en ISO y por las principales gu\u00edas jur\u00eddicas internacionales\" \/>\n<meta name=\"robots\" content=\"index, follow, max-snippet:-1, max-image-preview:large, max-video-preview:-1\" \/>\n<link rel=\"canonical\" href=\"https:\/\/www.escura.com\/es\/paralizacion-de-la-orden-que-obliga-a-las-companias-a-depositar-las-actas-integras-en-el-registro-mercantil\/\" \/>\n<meta property=\"og:locale\" content=\"es_ES\" \/>\n<meta property=\"og:type\" content=\"article\" \/>\n<meta property=\"og:title\" content=\"Paralizaci\u00f3n de la orden que obliga a las compa\u00f1\u00edas a depositar las actas integras en el registro mercantil\" \/>\n<meta property=\"og:description\" content=\"Bufete de abogados y economistas. Conoce nuestras areas y nuestro blog, uno de los de referencia en el asesoramiento legal de empresas. Calidad certificada en ISO y por las principales gu\u00edas jur\u00eddicas internacionales\" \/>\n<meta property=\"og:url\" content=\"https:\/\/www.escura.com\/es\/paralizacion-de-la-orden-que-obliga-a-las-companias-a-depositar-las-actas-integras-en-el-registro-mercantil\/\" \/>\n<meta property=\"og:site_name\" content=\"Escura | Abogados y Economistas\" \/>\n<meta property=\"article:publisher\" content=\"https:\/\/www.facebook.com\/escura.abogados\" \/>\n<meta property=\"article:published_time\" content=\"2015-05-04T10:46:41+00:00\" \/>\n<meta property=\"og:image\" content=\"https:\/\/www.escura.com\/blog-escura\/wp-content\/uploads\/2015\/05\/inoperatividad.jpg\" \/>\n<meta name=\"author\" content=\"adminbe\" \/>\n<meta name=\"twitter:card\" content=\"summary_large_image\" \/>\n<meta name=\"twitter:creator\" content=\"@escura_abogados\" \/>\n<meta name=\"twitter:site\" content=\"@escura_abogados\" \/>\n<meta name=\"twitter:label1\" content=\"Escrito por\" \/>\n\t<meta name=\"twitter:data1\" content=\"adminbe\" \/>\n\t<meta name=\"twitter:label2\" content=\"Tiempo de lectura\" \/>\n\t<meta name=\"twitter:data2\" content=\"1 minuto\" \/>\n<script type=\"application\/ld+json\" class=\"yoast-schema-graph\">{\"@context\":\"https:\\\/\\\/schema.org\",\"@graph\":[{\"@type\":\"Article\",\"@id\":\"https:\\\/\\\/www.escura.com\\\/es\\\/paralizacion-de-la-orden-que-obliga-a-las-companias-a-depositar-las-actas-integras-en-el-registro-mercantil\\\/#article\",\"isPartOf\":{\"@id\":\"https:\\\/\\\/www.escura.com\\\/es\\\/paralizacion-de-la-orden-que-obliga-a-las-companias-a-depositar-las-actas-integras-en-el-registro-mercantil\\\/\"},\"author\":{\"name\":\"adminbe\",\"@id\":\"https:\\\/\\\/35.181.91.225\\\/es\\\/#\\\/schema\\\/person\\\/7a91eddf0c7dd9b28ddc69906b14e30e\"},\"headline\":\"Paralizaci\u00f3n de la orden que obliga a las compa\u00f1\u00edas a depositar las actas integras en el registro mercantil\",\"datePublished\":\"2015-05-04T10:46:41+00:00\",\"mainEntityOfPage\":{\"@id\":\"https:\\\/\\\/www.escura.com\\\/es\\\/paralizacion-de-la-orden-que-obliga-a-las-companias-a-depositar-las-actas-integras-en-el-registro-mercantil\\\/\"},\"wordCount\":237,\"commentCount\":0,\"publisher\":{\"@id\":\"https:\\\/\\\/35.181.91.225\\\/es\\\/#organization\"},\"image\":{\"@id\":\"https:\\\/\\\/www.escura.com\\\/es\\\/paralizacion-de-la-orden-que-obliga-a-las-companias-a-depositar-las-actas-integras-en-el-registro-mercantil\\\/#primaryimage\"},\"thumbnailUrl\":\"https:\\\/\\\/www.escura.com\\\/blog-escura\\\/wp-content\\\/uploads\\\/2015\\\/05\\\/inoperatividad.jpg\",\"articleSection\":[\"Derecho de empresa (Corporate)\"],\"inLanguage\":\"es\",\"potentialAction\":[{\"@type\":\"CommentAction\",\"name\":\"Comment\",\"target\":[\"https:\\\/\\\/www.escura.com\\\/es\\\/paralizacion-de-la-orden-que-obliga-a-las-companias-a-depositar-las-actas-integras-en-el-registro-mercantil\\\/#respond\"]}]},{\"@type\":\"WebPage\",\"@id\":\"https:\\\/\\\/www.escura.com\\\/es\\\/paralizacion-de-la-orden-que-obliga-a-las-companias-a-depositar-las-actas-integras-en-el-registro-mercantil\\\/\",\"url\":\"https:\\\/\\\/www.escura.com\\\/es\\\/paralizacion-de-la-orden-que-obliga-a-las-companias-a-depositar-las-actas-integras-en-el-registro-mercantil\\\/\",\"name\":\"Escura. Abogados y Economistas\",\"isPartOf\":{\"@id\":\"https:\\\/\\\/35.181.91.225\\\/es\\\/#website\"},\"primaryImageOfPage\":{\"@id\":\"https:\\\/\\\/www.escura.com\\\/es\\\/paralizacion-de-la-orden-que-obliga-a-las-companias-a-depositar-las-actas-integras-en-el-registro-mercantil\\\/#primaryimage\"},\"image\":{\"@id\":\"https:\\\/\\\/www.escura.com\\\/es\\\/paralizacion-de-la-orden-que-obliga-a-las-companias-a-depositar-las-actas-integras-en-el-registro-mercantil\\\/#primaryimage\"},\"thumbnailUrl\":\"https:\\\/\\\/www.escura.com\\\/blog-escura\\\/wp-content\\\/uploads\\\/2015\\\/05\\\/inoperatividad.jpg\",\"datePublished\":\"2015-05-04T10:46:41+00:00\",\"description\":\"Bufete de abogados y economistas. Conoce nuestras areas y nuestro blog, uno de los de referencia en el asesoramiento legal de empresas. Calidad certificada en ISO y por las principales gu\u00edas jur\u00eddicas internacionales\",\"breadcrumb\":{\"@id\":\"https:\\\/\\\/www.escura.com\\\/es\\\/paralizacion-de-la-orden-que-obliga-a-las-companias-a-depositar-las-actas-integras-en-el-registro-mercantil\\\/#breadcrumb\"},\"inLanguage\":\"es\",\"potentialAction\":[{\"@type\":\"ReadAction\",\"target\":[\"https:\\\/\\\/www.escura.com\\\/es\\\/paralizacion-de-la-orden-que-obliga-a-las-companias-a-depositar-las-actas-integras-en-el-registro-mercantil\\\/\"]}]},{\"@type\":\"ImageObject\",\"inLanguage\":\"es\",\"@id\":\"https:\\\/\\\/www.escura.com\\\/es\\\/paralizacion-de-la-orden-que-obliga-a-las-companias-a-depositar-las-actas-integras-en-el-registro-mercantil\\\/#primaryimage\",\"url\":\"https:\\\/\\\/www.escura.com\\\/blog-escura\\\/wp-content\\\/uploads\\\/2015\\\/05\\\/inoperatividad.jpg\",\"contentUrl\":\"https:\\\/\\\/www.escura.com\\\/blog-escura\\\/wp-content\\\/uploads\\\/2015\\\/05\\\/inoperatividad.jpg\"},{\"@type\":\"BreadcrumbList\",\"@id\":\"https:\\\/\\\/www.escura.com\\\/es\\\/paralizacion-de-la-orden-que-obliga-a-las-companias-a-depositar-las-actas-integras-en-el-registro-mercantil\\\/#breadcrumb\",\"itemListElement\":[{\"@type\":\"ListItem\",\"position\":1,\"name\":\"Portada\",\"item\":\"https:\\\/\\\/www.35-181-91-225.plesk.page\\\/es\\\/\"},{\"@type\":\"ListItem\",\"position\":2,\"name\":\"Paralizaci\u00f3n de la orden que obliga a las compa\u00f1\u00edas a depositar las actas integras en el registro mercantil\"}]},{\"@type\":\"WebSite\",\"@id\":\"https:\\\/\\\/35.181.91.225\\\/es\\\/#website\",\"url\":\"https:\\\/\\\/35.181.91.225\\\/es\\\/\",\"name\":\"Escura | Abogados y Economistas\",\"description\":\"Escura es uno de los despachos de abogados de mayor prestigio en Barcelona, Madrid y Tarragona\",\"publisher\":{\"@id\":\"https:\\\/\\\/35.181.91.225\\\/es\\\/#organization\"},\"potentialAction\":[{\"@type\":\"SearchAction\",\"target\":{\"@type\":\"EntryPoint\",\"urlTemplate\":\"https:\\\/\\\/35.181.91.225\\\/es\\\/?s={search_term_string}\"},\"query-input\":{\"@type\":\"PropertyValueSpecification\",\"valueRequired\":true,\"valueName\":\"search_term_string\"}}],\"inLanguage\":\"es\"},{\"@type\":\"Organization\",\"@id\":\"https:\\\/\\\/35.181.91.225\\\/es\\\/#organization\",\"name\":\"Escura. Abogados y economistas\",\"url\":\"https:\\\/\\\/35.181.91.225\\\/es\\\/\",\"logo\":{\"@type\":\"ImageObject\",\"inLanguage\":\"es\",\"@id\":\"https:\\\/\\\/35.181.91.225\\\/es\\\/#\\\/schema\\\/logo\\\/image\\\/\",\"url\":\"\",\"contentUrl\":\"\",\"caption\":\"Escura. Abogados y economistas\"},\"image\":{\"@id\":\"https:\\\/\\\/35.181.91.225\\\/es\\\/#\\\/schema\\\/logo\\\/image\\\/\"},\"sameAs\":[\"https:\\\/\\\/www.facebook.com\\\/escura.abogados\",\"https:\\\/\\\/x.com\\\/escura_abogados\",\"https:\\\/\\\/www.instagram.com\\\/escura_abogados\\\/\",\"https:\\\/\\\/www.linkedin.com\\\/company\\\/bufete-escura\",\"https:\\\/\\\/www.youtube.com\\\/user\\\/BufeteEscura\\\/videos\"]},{\"@type\":\"Person\",\"@id\":\"https:\\\/\\\/35.181.91.225\\\/es\\\/#\\\/schema\\\/person\\\/7a91eddf0c7dd9b28ddc69906b14e30e\",\"name\":\"adminbe\",\"image\":{\"@type\":\"ImageObject\",\"inLanguage\":\"es\",\"@id\":\"https:\\\/\\\/secure.gravatar.com\\\/avatar\\\/137bae7398ac3afb739b2fcea4266e889703e4bdaa4297b1c3b2d12cdf8f67a3?s=96&d=mm&r=g\",\"url\":\"https:\\\/\\\/secure.gravatar.com\\\/avatar\\\/137bae7398ac3afb739b2fcea4266e889703e4bdaa4297b1c3b2d12cdf8f67a3?s=96&d=mm&r=g\",\"contentUrl\":\"https:\\\/\\\/secure.gravatar.com\\\/avatar\\\/137bae7398ac3afb739b2fcea4266e889703e4bdaa4297b1c3b2d12cdf8f67a3?s=96&d=mm&r=g\",\"caption\":\"adminbe\"}}]}<\/script>\n<!-- \/ Yoast SEO Premium plugin. -->","yoast_head_json":{"title":"Escura. Abogados y Economistas","description":"Bufete de abogados y economistas. Conoce nuestras areas y nuestro blog, uno de los de referencia en el asesoramiento legal de empresas. Calidad certificada en ISO y por las principales gu\u00edas jur\u00eddicas internacionales","robots":{"index":"index","follow":"follow","max-snippet":"max-snippet:-1","max-image-preview":"max-image-preview:large","max-video-preview":"max-video-preview:-1"},"canonical":"https:\/\/www.escura.com\/es\/paralizacion-de-la-orden-que-obliga-a-las-companias-a-depositar-las-actas-integras-en-el-registro-mercantil\/","og_locale":"es_ES","og_type":"article","og_title":"Paralizaci\u00f3n de la orden que obliga a las compa\u00f1\u00edas a depositar las actas integras en el registro mercantil","og_description":"Bufete de abogados y economistas. Conoce nuestras areas y nuestro blog, uno de los de referencia en el asesoramiento legal de empresas. Calidad certificada en ISO y por las principales gu\u00edas jur\u00eddicas internacionales","og_url":"https:\/\/www.escura.com\/es\/paralizacion-de-la-orden-que-obliga-a-las-companias-a-depositar-las-actas-integras-en-el-registro-mercantil\/","og_site_name":"Escura | Abogados y Economistas","article_publisher":"https:\/\/www.facebook.com\/escura.abogados","article_published_time":"2015-05-04T10:46:41+00:00","og_image":[{"url":"https:\/\/www.escura.com\/blog-escura\/wp-content\/uploads\/2015\/05\/inoperatividad.jpg","type":"","width":"","height":""}],"author":"adminbe","twitter_card":"summary_large_image","twitter_creator":"@escura_abogados","twitter_site":"@escura_abogados","twitter_misc":{"Escrito por":"adminbe","Tiempo de lectura":"1 minuto"},"schema":{"@context":"https:\/\/schema.org","@graph":[{"@type":"Article","@id":"https:\/\/www.escura.com\/es\/paralizacion-de-la-orden-que-obliga-a-las-companias-a-depositar-las-actas-integras-en-el-registro-mercantil\/#article","isPartOf":{"@id":"https:\/\/www.escura.com\/es\/paralizacion-de-la-orden-que-obliga-a-las-companias-a-depositar-las-actas-integras-en-el-registro-mercantil\/"},"author":{"name":"adminbe","@id":"https:\/\/35.181.91.225\/es\/#\/schema\/person\/7a91eddf0c7dd9b28ddc69906b14e30e"},"headline":"Paralizaci\u00f3n de la orden que obliga a las compa\u00f1\u00edas a depositar las actas integras en el registro mercantil","datePublished":"2015-05-04T10:46:41+00:00","mainEntityOfPage":{"@id":"https:\/\/www.escura.com\/es\/paralizacion-de-la-orden-que-obliga-a-las-companias-a-depositar-las-actas-integras-en-el-registro-mercantil\/"},"wordCount":237,"commentCount":0,"publisher":{"@id":"https:\/\/35.181.91.225\/es\/#organization"},"image":{"@id":"https:\/\/www.escura.com\/es\/paralizacion-de-la-orden-que-obliga-a-las-companias-a-depositar-las-actas-integras-en-el-registro-mercantil\/#primaryimage"},"thumbnailUrl":"https:\/\/www.escura.com\/blog-escura\/wp-content\/uploads\/2015\/05\/inoperatividad.jpg","articleSection":["Derecho de empresa (Corporate)"],"inLanguage":"es","potentialAction":[{"@type":"CommentAction","name":"Comment","target":["https:\/\/www.escura.com\/es\/paralizacion-de-la-orden-que-obliga-a-las-companias-a-depositar-las-actas-integras-en-el-registro-mercantil\/#respond"]}]},{"@type":"WebPage","@id":"https:\/\/www.escura.com\/es\/paralizacion-de-la-orden-que-obliga-a-las-companias-a-depositar-las-actas-integras-en-el-registro-mercantil\/","url":"https:\/\/www.escura.com\/es\/paralizacion-de-la-orden-que-obliga-a-las-companias-a-depositar-las-actas-integras-en-el-registro-mercantil\/","name":"Escura. Abogados y Economistas","isPartOf":{"@id":"https:\/\/35.181.91.225\/es\/#website"},"primaryImageOfPage":{"@id":"https:\/\/www.escura.com\/es\/paralizacion-de-la-orden-que-obliga-a-las-companias-a-depositar-las-actas-integras-en-el-registro-mercantil\/#primaryimage"},"image":{"@id":"https:\/\/www.escura.com\/es\/paralizacion-de-la-orden-que-obliga-a-las-companias-a-depositar-las-actas-integras-en-el-registro-mercantil\/#primaryimage"},"thumbnailUrl":"https:\/\/www.escura.com\/blog-escura\/wp-content\/uploads\/2015\/05\/inoperatividad.jpg","datePublished":"2015-05-04T10:46:41+00:00","description":"Bufete de abogados y economistas. Conoce nuestras areas y nuestro blog, uno de los de referencia en el asesoramiento legal de empresas. Calidad certificada en ISO y por las principales gu\u00edas jur\u00eddicas internacionales","breadcrumb":{"@id":"https:\/\/www.escura.com\/es\/paralizacion-de-la-orden-que-obliga-a-las-companias-a-depositar-las-actas-integras-en-el-registro-mercantil\/#breadcrumb"},"inLanguage":"es","potentialAction":[{"@type":"ReadAction","target":["https:\/\/www.escura.com\/es\/paralizacion-de-la-orden-que-obliga-a-las-companias-a-depositar-las-actas-integras-en-el-registro-mercantil\/"]}]},{"@type":"ImageObject","inLanguage":"es","@id":"https:\/\/www.escura.com\/es\/paralizacion-de-la-orden-que-obliga-a-las-companias-a-depositar-las-actas-integras-en-el-registro-mercantil\/#primaryimage","url":"https:\/\/www.escura.com\/blog-escura\/wp-content\/uploads\/2015\/05\/inoperatividad.jpg","contentUrl":"https:\/\/www.escura.com\/blog-escura\/wp-content\/uploads\/2015\/05\/inoperatividad.jpg"},{"@type":"BreadcrumbList","@id":"https:\/\/www.escura.com\/es\/paralizacion-de-la-orden-que-obliga-a-las-companias-a-depositar-las-actas-integras-en-el-registro-mercantil\/#breadcrumb","itemListElement":[{"@type":"ListItem","position":1,"name":"Portada","item":"https:\/\/www.35-181-91-225.plesk.page\/es\/"},{"@type":"ListItem","position":2,"name":"Paralizaci\u00f3n de la orden que obliga a las compa\u00f1\u00edas a depositar las actas integras en el registro mercantil"}]},{"@type":"WebSite","@id":"https:\/\/35.181.91.225\/es\/#website","url":"https:\/\/35.181.91.225\/es\/","name":"Escura | Abogados y Economistas","description":"Escura es uno de los despachos de abogados de mayor prestigio en Barcelona, Madrid y Tarragona","publisher":{"@id":"https:\/\/35.181.91.225\/es\/#organization"},"potentialAction":[{"@type":"SearchAction","target":{"@type":"EntryPoint","urlTemplate":"https:\/\/35.181.91.225\/es\/?s={search_term_string}"},"query-input":{"@type":"PropertyValueSpecification","valueRequired":true,"valueName":"search_term_string"}}],"inLanguage":"es"},{"@type":"Organization","@id":"https:\/\/35.181.91.225\/es\/#organization","name":"Escura. Abogados y economistas","url":"https:\/\/35.181.91.225\/es\/","logo":{"@type":"ImageObject","inLanguage":"es","@id":"https:\/\/35.181.91.225\/es\/#\/schema\/logo\/image\/","url":"","contentUrl":"","caption":"Escura. Abogados y economistas"},"image":{"@id":"https:\/\/35.181.91.225\/es\/#\/schema\/logo\/image\/"},"sameAs":["https:\/\/www.facebook.com\/escura.abogados","https:\/\/x.com\/escura_abogados","https:\/\/www.instagram.com\/escura_abogados\/","https:\/\/www.linkedin.com\/company\/bufete-escura","https:\/\/www.youtube.com\/user\/BufeteEscura\/videos"]},{"@type":"Person","@id":"https:\/\/35.181.91.225\/es\/#\/schema\/person\/7a91eddf0c7dd9b28ddc69906b14e30e","name":"adminbe","image":{"@type":"ImageObject","inLanguage":"es","@id":"https:\/\/secure.gravatar.com\/avatar\/137bae7398ac3afb739b2fcea4266e889703e4bdaa4297b1c3b2d12cdf8f67a3?s=96&d=mm&r=g","url":"https:\/\/secure.gravatar.com\/avatar\/137bae7398ac3afb739b2fcea4266e889703e4bdaa4297b1c3b2d12cdf8f67a3?s=96&d=mm&r=g","contentUrl":"https:\/\/secure.gravatar.com\/avatar\/137bae7398ac3afb739b2fcea4266e889703e4bdaa4297b1c3b2d12cdf8f67a3?s=96&d=mm&r=g","caption":"adminbe"}}]}},"_links":{"self":[{"href":"https:\/\/www.escura.com\/es\/wp-json\/wp\/v2\/posts\/1723","targetHints":{"allow":["GET"]}}],"collection":[{"href":"https:\/\/www.escura.com\/es\/wp-json\/wp\/v2\/posts"}],"about":[{"href":"https:\/\/www.escura.com\/es\/wp-json\/wp\/v2\/types\/post"}],"author":[{"embeddable":true,"href":"https:\/\/www.escura.com\/es\/wp-json\/wp\/v2\/users\/1"}],"replies":[{"embeddable":true,"href":"https:\/\/www.escura.com\/es\/wp-json\/wp\/v2\/comments?post=1723"}],"version-history":[{"count":0,"href":"https:\/\/www.escura.com\/es\/wp-json\/wp\/v2\/posts\/1723\/revisions"}],"wp:attachment":[{"href":"https:\/\/www.escura.com\/es\/wp-json\/wp\/v2\/media?parent=1723"}],"wp:term":[{"taxonomy":"category","embeddable":true,"href":"https:\/\/www.escura.com\/es\/wp-json\/wp\/v2\/categories?post=1723"},{"taxonomy":"post_tag","embeddable":true,"href":"https:\/\/www.escura.com\/es\/wp-json\/wp\/v2\/tags?post=1723"}],"curies":[{"name":"wp","href":"https:\/\/api.w.org\/{rel}","templated":true}]}}