{"id":118950,"date":"2026-04-29T17:44:32","date_gmt":"2026-04-29T15:44:32","guid":{"rendered":"https:\/\/www.escura.com\/?p=118950"},"modified":"2026-04-29T17:44:32","modified_gmt":"2026-04-29T15:44:32","slug":"las-instrucciones-de-la-junta-general-no-limitan-la-representacion-del-administrador-frente-a-terceros","status":"publish","type":"post","link":"https:\/\/www.escura.com\/es\/las-instrucciones-de-la-junta-general-no-limitan-la-representacion-del-administrador-frente-a-terceros\/","title":{"rendered":"Las instrucciones de la junta general no limitan la representaci\u00f3n del administrador frente a terceros"},"content":{"rendered":"<p><div class=\"fusion-fullwidth fullwidth-box fusion-builder-row-1 fusion-flex-container nonhundred-percent-fullwidth non-hundred-percent-height-scrolling\" style=\"--awb-border-radius-top-left:0px;--awb-border-radius-top-right:0px;--awb-border-radius-bottom-right:0px;--awb-border-radius-bottom-left:0px;--awb-flex-wrap:wrap;\" ><div class=\"fusion-builder-row fusion-row fusion-flex-align-items-flex-start fusion-flex-content-wrap\" style=\"max-width:104%;margin-left: calc(-4% \/ 2 );margin-right: calc(-4% \/ 2 );\"><div class=\"fusion-layout-column fusion_builder_column fusion-builder-column-0 fusion_builder_column_3_4 3_4 fusion-flex-column\" style=\"--awb-bg-size:cover;--awb-width-large:75%;--awb-margin-top-large:0px;--awb-spacing-right-large:2.56%;--awb-margin-bottom-large:20px;--awb-spacing-left-large:2.56%;--awb-width-medium:100%;--awb-order-medium:0;--awb-spacing-right-medium:1.92%;--awb-spacing-left-medium:1.92%;--awb-width-small:100%;--awb-order-small:0;--awb-spacing-right-small:1.92%;--awb-spacing-left-small:1.92%;\"><div class=\"fusion-column-wrapper fusion-column-has-shadow fusion-flex-justify-content-space-around fusion-content-layout-column\"><div class=\"fusion-image-element \" style=\"--awb-caption-title-font-family:var(--h2_typography-font-family);--awb-caption-title-font-weight:var(--h2_typography-font-weight);--awb-caption-title-font-style:var(--h2_typography-font-style);--awb-caption-title-size:var(--h2_typography-font-size);--awb-caption-title-transform:var(--h2_typography-text-transform);--awb-caption-title-line-height:var(--h2_typography-line-height);--awb-caption-title-letter-spacing:var(--h2_typography-letter-spacing);\"><span class=\" fusion-imageframe imageframe-none imageframe-1 hover-type-none\"><img decoding=\"async\" width=\"1920\" height=\"625\" alt=\"El c\u00f3mputo del plazo de antelaci\u00f3n incluye el d\u00eda en que se remite la convocatoria, pero no el d\u00eda en que se celebra la junta.\" title=\"banners estrechos (45)\" src=\"https:\/\/www.escura.com\/wp-content\/uploads\/2026\/04\/banners-estrechos-45.png\" class=\"img-responsive wp-image-118967\" srcset=\"https:\/\/www.escura.com\/wp-content\/uploads\/2026\/04\/banners-estrechos-45-200x65.png 200w, https:\/\/www.escura.com\/wp-content\/uploads\/2026\/04\/banners-estrechos-45-400x130.png 400w, https:\/\/www.escura.com\/wp-content\/uploads\/2026\/04\/banners-estrechos-45-600x195.png 600w, https:\/\/www.escura.com\/wp-content\/uploads\/2026\/04\/banners-estrechos-45-800x260.png 800w, https:\/\/www.escura.com\/wp-content\/uploads\/2026\/04\/banners-estrechos-45-1200x391.png 1200w, https:\/\/www.escura.com\/wp-content\/uploads\/2026\/04\/banners-estrechos-45.png 1920w\" sizes=\"(max-width: 1024px) 100vw, (max-width: 850px) 100vw, 1920px\" \/><\/span><\/div><div class=\"fusion-separator fusion-full-width-sep\" style=\"align-self: center;margin-left: auto;margin-right: auto;margin-top:30px;width:100%;\"><\/div><div class=\"fusion-text fusion-text-1\"><p style=\"text-align: right;\"><a href=\"https:\/\/www.escura.com\/wp-content\/uploads\/2026\/04\/57-Las-instrucciones-de-la-junta-general-no-limitan-la-representacion-del-administrador-frente-a-terceros-1.pdf\">Consultar pdf<\/a><\/p>\n<\/div><div class=\"fusion-separator fusion-full-width-sep\" style=\"align-self: center;margin-left: auto;margin-right: auto;margin-top:30px;width:100%;\"><\/div><div class=\"fusion-text fusion-text-2\"><h1>Las instrucciones de la junta general no limitan la representaci\u00f3n del administrador frente a terceros<\/h1>\n<\/div><div class=\"fusion-separator fusion-full-width-sep\" style=\"align-self: center;margin-left: auto;margin-right: auto;margin-top:20px;width:100%;\"><\/div><div class=\"fusion-text fusion-text-3\"><p>La Audiencia Provincial de Madrid, en su <a href=\"https:\/\/www.poderjudicial.es\/search\/AN\/openDocument\/cdb4cfb9f9e08998a0a8778d75e36f0d\/20251212\">sentencia de 17 de octubre de 2025<\/a>, ha analizado la eficacia externa de las instrucciones que una junta general dirige a sus administradores o liquidadores.<\/p>\n<p>El caso se origina por la impugnaci\u00f3n de los acuerdos adoptados en junta general, que hab\u00eda sido convocada por el Registrador Mercantil ante las discrepancias entre los liquidadores mancomunados, incluyendo en el orden del d\u00eda el eventual ejercicio de la acci\u00f3n social contra uno de ellos, su cese y el nombramiento del liquidador convocante como liquidador \u00fanico.<\/p>\n<p>Este liquidador act\u00fao tambi\u00e9n como representante del socio mayoritario, sociedad de la que era liquidador \u00fanico. Sin embargo, en la junta general de dicha sociedad hab\u00eda acordado que su liquidador no votara en sociedades participadas sin la correspondiente autorizaci\u00f3n previa de sus socios, oponi\u00e9ndose as\u00ed a la celebraci\u00f3n de la junta de la sociedad participada. A partir de ello, el socio minoritario sosten\u00eda que la asistencia y voto del socio mayoritario no pod\u00edan computarse y que la junta carec\u00eda de qu\u00f3rum suficiente.<\/p>\n<p>La Audiencia Provincial rechaza este planteamiento y declara v\u00e1lidos tanto la constituci\u00f3n de la junta como los acuerdos adoptados. La resoluci\u00f3n se\u00f1ala, de forma expresa, que:<\/p>\n<ul>\n<li>La actuaci\u00f3n del liquidador \u00fanico constituye representaci\u00f3n org\u00e1nica, con plena eficacia externa, y se imputa directamente a la persona jur\u00eddica representada.<\/li>\n<li>Las limitaciones internas acordadas por la junta general no pueden oponerse a terceros, aun cuando el administrador act\u00fae contravini\u00e9ndolas, sin perjuicio de la responsabilidad interna que pueda derivarse para \u00e9l dentro de su propia sociedad, conforme al principio de seguridad jur\u00eddica y a lo establecido en el art. 234 LSC.<\/li>\n<li>Las instrucciones de la junta general regulan asuntos de gesti\u00f3n interna, pero no restringen el poder de representaci\u00f3n del administrador.<\/li>\n<li>La vulneraci\u00f3n de dichas instrucciones no invalida la asistencia o el voto ejercido en otra sociedad, ni los acuerdos adoptados en ella.<\/li>\n<\/ul>\n<p>La sentencia reafirma, as\u00ed, la doctrina consolidada sobre la separaci\u00f3n entre la esfera interna de gesti\u00f3n y el ejercicio del poder de representaci\u00f3n, que contin\u00faa desplegando efectos plenos frente a terceros de buena fe.<\/p>\n<\/div><div class=\"fusion-text fusion-text-4\"><p>\u00a9 La presente informaci\u00f3n es propiedad de\u00a0<a href=\"https:\/\/www.escura.com\/es\/\"><strong>Escura<\/strong>,\u00a0<strong>abogados<\/strong>\u00a0y\u00a0<strong>economistas<\/strong><\/a>, quedando prohibida su reproducci\u00f3n sin permiso expreso.<\/p>\n<\/div><\/div><\/div><div class=\"fusion-layout-column fusion_builder_column fusion-builder-column-1 fusion_builder_column_1_4 1_4 fusion-flex-column\" style=\"--awb-bg-size:cover;--awb-width-large:25%;--awb-margin-top-large:0px;--awb-spacing-right-large:7.68%;--awb-margin-bottom-large:20px;--awb-spacing-left-large:7.68%;--awb-width-medium:100%;--awb-order-medium:0;--awb-spacing-right-medium:1.92%;--awb-spacing-left-medium:1.92%;--awb-width-small:100%;--awb-order-small:0;--awb-spacing-right-small:1.92%;--awb-spacing-left-small:1.92%;\"><div class=\"fusion-column-wrapper fusion-column-has-shadow fusion-flex-justify-content-flex-start fusion-content-layout-column\"><div class=\"fusion-text fusion-text-5\"><h3><strong><span style=\"color: #000080;\">Suscr\u00edbete a la Newsletter<\/span><\/strong><\/h3>\n<\/div>\n<div class=\"wpcf7 no-js\" id=\"wpcf7-f12629-o1\" lang=\"es-ES\" dir=\"ltr\" data-wpcf7-id=\"12629\">\n<div class=\"screen-reader-response\"><p role=\"status\" aria-live=\"polite\" aria-atomic=\"true\"><\/p> <ul><\/ul><\/div>\n<form action=\"\/es\/wp-json\/wp\/v2\/posts\/118950#wpcf7-f12629-o1\" method=\"post\" class=\"wpcf7-form init\" aria-label=\"Formulario de contacto\" novalidate=\"novalidate\" data-status=\"init\">\n<fieldset class=\"hidden-fields-container\"><input type=\"hidden\" name=\"_wpcf7\" value=\"12629\" \/><input type=\"hidden\" name=\"_wpcf7_version\" value=\"6.1.5\" \/><input type=\"hidden\" name=\"_wpcf7_locale\" value=\"es_ES\" \/><input type=\"hidden\" name=\"_wpcf7_unit_tag\" value=\"wpcf7-f12629-o1\" \/><input type=\"hidden\" name=\"_wpcf7_container_post\" value=\"0\" \/><input type=\"hidden\" name=\"_wpcf7_posted_data_hash\" value=\"\" \/><input type=\"hidden\" name=\"_wpcf7_recaptcha_response\" value=\"\" \/>\n<\/fieldset>\n<p><label> <span class=\"wpcf7-form-control-wrap\" data-name=\"your-name\"><input size=\"40\" maxlength=\"400\" class=\"wpcf7-form-control wpcf7-text wpcf7-validates-as-required\" aria-required=\"true\" aria-invalid=\"false\" placeholder=\"Nombre \/ Empresa\" value=\"\" type=\"text\" name=\"your-name\" \/><\/span> <\/label>\n<\/p>\n<p><label> <span class=\"wpcf7-form-control-wrap\" data-name=\"your-email\"><input size=\"40\" maxlength=\"400\" class=\"wpcf7-form-control wpcf7-email wpcf7-validates-as-required wpcf7-text wpcf7-validates-as-email\" aria-required=\"true\" aria-invalid=\"false\" placeholder=\"Mail\" value=\"\" type=\"email\" name=\"your-email\" \/><\/span> <\/label>\n<\/p>\n<p class=\"txt_legal\"><span class=\"wpcf7-form-control-wrap\" data-name=\"acceptance-287\"><span class=\"wpcf7-form-control wpcf7-acceptance\"><span class=\"wpcf7-list-item\"><input type=\"checkbox\" name=\"acceptance-287\" value=\"1\" class=\"acept_form\" aria-invalid=\"false\" \/><\/span><\/span><\/span>He le\u00eddo y acepto la <a href=\"https:\/\/www.escura.com\/es\/politica-de-privacidad\/\" target=\"_blank\" style=\"color:#003a7a;\">Pol\u00edtica de Privacidad<\/a>\n<\/p>\n<p class=\"txt_legal\"><span class=\"wpcf7-form-control-wrap\" data-name=\"acceptance-937\"><span class=\"wpcf7-form-control wpcf7-acceptance\"><span class=\"wpcf7-list-item\"><input type=\"checkbox\" name=\"acceptance-937\" value=\"1\" class=\"acept_form\" aria-invalid=\"false\" \/><\/span><\/span><\/span> Acepto recibir las newsletters de Escura\n<\/p>\n<p><input class=\"wpcf7-form-control wpcf7-submit has-spinner\" type=\"submit\" value=\"Enviar\" \/>\n<\/p><div class=\"fusion-alert alert custom alert-custom fusion-alert-center wpcf7-response-output awb-alert-native-link-color alert-dismissable awb-alert-close-boxed\" style=\"--awb-border-top-left-radius:0px;--awb-border-top-right-radius:0px;--awb-border-bottom-left-radius:0px;--awb-border-bottom-right-radius:0px;\" role=\"alert\"><div class=\"fusion-alert-content-wrapper\"><span class=\"fusion-alert-content\"><\/span><\/div><button type=\"button\" class=\"close toggle-alert\" data-dismiss=\"alert\" aria-label=\"Close\">&times;<\/button><\/div>\n<\/form>\n<\/div>\n<div class=\"fusion-separator fusion-full-width-sep\" style=\"align-self: center;margin-left: auto;margin-right: auto;margin-top:30px;width:100%;\"><\/div><div class=\"fusion-text fusion-text-6\"><h3><span style=\"color: #000080;\">Nuestras \u00c1reas<\/span><\/h3>\n<\/div><ul style=\"--awb-iconcolor:var(--awb-color6);--awb-line-height:27.2px;--awb-icon-width:27.2px;--awb-icon-height:27.2px;--awb-icon-margin:11.2px;--awb-content-margin:38.4px;\" class=\"fusion-checklist fusion-checklist-1 fusion-checklist-default type-icons\"><li class=\"fusion-li-item\" style=\"\"><span class=\"icon-wrapper circle-no\"><i class=\"fusion-li-icon awb-icon-check\" aria-hidden=\"true\"><\/i><\/span><div class=\"fusion-li-item-content\">\n<div class=\"fusion-text fusion-text-1\">\n<p data-fontsize=\"26\" data-lineheight=\"31.46px\"><a href=\"https:\/\/www.escura.com\/es\/compliance-penal\/\">Compliance Penal<\/a><\/p>\n<\/div>\n<div class=\"fusion-text fusion-text-2\"><\/div>\n<\/div><\/li><li class=\"fusion-li-item\" style=\"\"><span class=\"icon-wrapper circle-no\"><i class=\"fusion-li-icon awb-icon-check\" aria-hidden=\"true\"><\/i><\/span><div class=\"fusion-li-item-content\">\n<p><a href=\"https:\/\/www.escura.com\/es\/derecho-societario-mercantil\/\">Derecho Societario y Mercantil<\/a><\/p>\n<\/div><\/li><li class=\"fusion-li-item\" style=\"\"><span class=\"icon-wrapper circle-no\"><i class=\"fusion-li-icon awb-icon-check\" aria-hidden=\"true\"><\/i><\/span><div class=\"fusion-li-item-content\">\n<p><a href=\"https:\/\/www.escura.com\/es\/economico-fiscal\/\">Econ\u00f3mico Fiscal<\/a><\/p>\n<\/div><\/li><li class=\"fusion-li-item\" style=\"\"><span class=\"icon-wrapper circle-no\"><i class=\"fusion-li-icon awb-icon-check\" aria-hidden=\"true\"><\/i><\/span><div class=\"fusion-li-item-content\">\n<p><a href=\"https:\/\/www.escura.com\/es\/plan-de-igualdad\/\">Plan de Igualdad<\/a><\/p>\n<\/div><\/li><li class=\"fusion-li-item\" style=\"\"><span class=\"icon-wrapper circle-no\"><i class=\"fusion-li-icon awb-icon-check\" aria-hidden=\"true\"><\/i><\/span><div class=\"fusion-li-item-content\">\n<p><a href=\"https:\/\/www.escura.com\/es\/proteccion-de-datos\/\">Protecci\u00f3n de Datos<\/a><\/p>\n<\/div><\/li><li class=\"fusion-li-item\" style=\"\"><span class=\"icon-wrapper circle-no\"><i class=\"fusion-li-icon awb-icon-check\" aria-hidden=\"true\"><\/i><\/span><div class=\"fusion-li-item-content\">\n<p><a href=\"https:\/\/www.escura.com\/es\/recursos-humanos\/\">Recursos Humanos<\/a><\/p>\n<\/div><\/li><\/ul><div class=\"fusion-separator fusion-full-width-sep\" style=\"align-self: center;margin-left: auto;margin-right: auto;margin-top:30px;width:100%;\"><\/div><div class=\"fusion-text fusion-text-7\"><h3><span style=\"color: #000080;\">Nuestras Oficinas<\/span><\/h3>\n<\/div><div class=\"fusion-text fusion-text-8\"><h4><a href=\"https:\/\/www.escura.com\/es\/abogados-barcelona\/\">\u2192 Abogados Barcelona\u00a0<\/a><\/h4>\n<h4><a href=\"https:\/\/www.escura.com\/es\/abogados-madrid\/\">\u2192 Abogados Madrid<\/a><\/h4>\n<h4><a href=\"https:\/\/www.escura.com\/es\/oficinas-calafell-vendrell\/\">\u2192 Abogados Tarragona<\/a><\/h4>\n<\/div><div class=\"fusion-separator fusion-full-width-sep\" style=\"align-self: center;margin-left: auto;margin-right: auto;margin-top:30px;width:100%;\"><\/div><div class=\"fusion-social-links fusion-social-links-1\" style=\"--awb-margin-top:0px;--awb-margin-right:0px;--awb-margin-bottom:0px;--awb-margin-left:0px;--awb-box-border-top:0px;--awb-box-border-right:0px;--awb-box-border-bottom:0px;--awb-box-border-left:0px;--awb-icon-colors-hover:rgba(0,0,0,0.8);--awb-box-colors-hover:rgba(21,59,122,0.8);--awb-box-border-color:var(--awb-color3);--awb-box-border-color-hover:var(--awb-color4);\"><div class=\"fusion-social-networks boxed-icons color-type-custom\"><div class=\"fusion-social-networks-wrapper\"><a class=\"fusion-social-network-icon fusion-tooltip fusion-linkedin awb-icon-linkedin\" style=\"color:#ffffff;font-size:14px;width:14px;background-color:#153b7a;border-color:#153b7a;border-radius:3px;\" data-placement=\"top\" data-title=\"LinkedIn\" data-toggle=\"tooltip\" title=\"LinkedIn\" aria-label=\"linkedin\" target=\"_blank\" rel=\"noopener noreferrer\" href=\"https:\/\/www.linkedin.com\/feed\/\"><\/a><a class=\"fusion-social-network-icon fusion-tooltip fusion-instagram awb-icon-instagram\" style=\"color:#ffffff;font-size:14px;width:14px;background-color:#153b7a;border-color:#153b7a;border-radius:3px;\" data-placement=\"top\" data-title=\"Instagram\" data-toggle=\"tooltip\" title=\"Instagram\" aria-label=\"instagram\" target=\"_blank\" rel=\"noopener noreferrer\" href=\"https:\/\/www.instagram.com\/escura_abogados\/\"><\/a><\/div><\/div><\/div><div class=\"fusion-separator fusion-full-width-sep\" style=\"align-self: center;margin-left: auto;margin-right: auto;margin-top:30px;width:100%;\"><\/div><\/div><\/div><\/div><\/div><div class=\"fusion-fullwidth fullwidth-box fusion-builder-row-2 fusion-flex-container has-pattern-background has-mask-background nonhundred-percent-fullwidth non-hundred-percent-height-scrolling\" style=\"--awb-border-radius-top-left:0px;--awb-border-radius-top-right:0px;--awb-border-radius-bottom-right:0px;--awb-border-radius-bottom-left:0px;--awb-background-color:#e5e5e5;--awb-flex-wrap:wrap;\" ><div class=\"fusion-builder-row fusion-row fusion-flex-align-items-flex-start fusion-flex-content-wrap\" style=\"max-width:104%;margin-left: calc(-4% \/ 2 );margin-right: calc(-4% \/ 2 );\"><div class=\"fusion-layout-column fusion_builder_column fusion-builder-column-2 fusion_builder_column_1_1 1_1 fusion-flex-column\" style=\"--awb-bg-size:cover;--awb-width-large:100%;--awb-margin-top-large:0px;--awb-spacing-right-large:1.92%;--awb-margin-bottom-large:20px;--awb-spacing-left-large:1.92%;--awb-width-medium:100%;--awb-order-medium:0;--awb-spacing-right-medium:1.92%;--awb-spacing-left-medium:1.92%;--awb-width-small:100%;--awb-order-small:0;--awb-spacing-right-small:1.92%;--awb-spacing-left-small:1.92%;\"><div class=\"fusion-column-wrapper fusion-column-has-shadow fusion-flex-justify-content-flex-start fusion-content-layout-column\"><div class=\"fusion-separator fusion-full-width-sep\" style=\"align-self: center;margin-left: auto;margin-right: auto;width:100%;\"><\/div><div class=\"fusion-text fusion-text-9\"><h3><a href=\"https:\/\/www.escura.com\/es\/derecho-societario-mercantil\/\"><span style=\"color: #000000;\">Consulta el \u00e1rea Societaria- Mercantil<\/span><\/a><\/h3>\n<\/div><div class=\"fusion-separator fusion-full-width-sep\" style=\"align-self: center;margin-left: auto;margin-right: auto;width:100%;\"><\/div><\/div><\/div><\/div><\/div><\/p>\n","protected":false},"excerpt":{"rendered":"","protected":false},"author":1,"featured_media":118962,"comment_status":"open","ping_status":"open","sticky":false,"template":"","format":"standard","meta":{"footnotes":""},"categories":[30],"tags":[],"class_list":["post-118950","post","type-post","status-publish","format-standard","has-post-thumbnail","hentry","category-empresa-corporate"],"yoast_head":"<!-- This site is optimized with the Yoast SEO Premium plugin v26.6 (Yoast SEO v27.5) - https:\/\/yoast.com\/product\/yoast-seo-premium-wordpress\/ -->\n<title>Las instrucciones de la junta general no limitan la representaci\u00f3n del administrador frente a terceros<\/title>\n<meta name=\"description\" content=\"Las instrucciones de la junta general no limitan la representaci\u00f3n del administrador frente a terceros\" \/>\n<meta name=\"robots\" content=\"index, follow, max-snippet:-1, max-image-preview:large, max-video-preview:-1\" \/>\n<link rel=\"canonical\" href=\"https:\/\/www.escura.com\/es\/las-instrucciones-de-la-junta-general-no-limitan-la-representacion-del-administrador-frente-a-terceros\/\" \/>\n<meta property=\"og:locale\" content=\"es_ES\" \/>\n<meta property=\"og:type\" content=\"article\" \/>\n<meta property=\"og:title\" content=\"Las instrucciones de la junta general no limitan la representaci\u00f3n del administrador frente a terceros\" \/>\n<meta property=\"og:description\" content=\"Las instrucciones de la junta general no limitan la representaci\u00f3n del administrador frente a terceros\" \/>\n<meta property=\"og:url\" content=\"https:\/\/www.escura.com\/es\/las-instrucciones-de-la-junta-general-no-limitan-la-representacion-del-administrador-frente-a-terceros\/\" \/>\n<meta property=\"og:site_name\" content=\"Escura | Abogados y Economistas\" \/>\n<meta property=\"article:publisher\" content=\"https:\/\/www.facebook.com\/escura.abogados\" \/>\n<meta property=\"article:published_time\" content=\"2026-04-29T15:44:32+00:00\" \/>\n<meta property=\"og:image\" content=\"https:\/\/www.escura.com\/wp-content\/uploads\/2026\/04\/Fotos-interior-circulares-2026-04-29T174035.777-1024x684.png\" \/>\n\t<meta property=\"og:image:width\" content=\"1024\" \/>\n\t<meta property=\"og:image:height\" content=\"684\" \/>\n\t<meta property=\"og:image:type\" content=\"image\/png\" \/>\n<meta name=\"author\" content=\"adminbe\" \/>\n<meta name=\"twitter:card\" content=\"summary_large_image\" \/>\n<meta name=\"twitter:creator\" content=\"@escura_abogados\" \/>\n<meta name=\"twitter:site\" content=\"@escura_abogados\" \/>\n<meta name=\"twitter:label1\" content=\"Escrito por\" \/>\n\t<meta name=\"twitter:data1\" content=\"adminbe\" \/>\n\t<meta name=\"twitter:label2\" content=\"Tiempo de lectura\" \/>\n\t<meta name=\"twitter:data2\" content=\"3 minutos\" \/>\n<script type=\"application\/ld+json\" class=\"yoast-schema-graph\">{\"@context\":\"https:\\\/\\\/schema.org\",\"@graph\":[{\"@type\":\"Article\",\"@id\":\"https:\\\/\\\/www.escura.com\\\/es\\\/las-instrucciones-de-la-junta-general-no-limitan-la-representacion-del-administrador-frente-a-terceros\\\/#article\",\"isPartOf\":{\"@id\":\"https:\\\/\\\/www.escura.com\\\/es\\\/las-instrucciones-de-la-junta-general-no-limitan-la-representacion-del-administrador-frente-a-terceros\\\/\"},\"author\":{\"name\":\"adminbe\",\"@id\":\"https:\\\/\\\/35.181.91.225\\\/es\\\/#\\\/schema\\\/person\\\/7a91eddf0c7dd9b28ddc69906b14e30e\"},\"headline\":\"Las instrucciones de la junta general no limitan la representaci\u00f3n del administrador frente a terceros\",\"datePublished\":\"2026-04-29T15:44:32+00:00\",\"mainEntityOfPage\":{\"@id\":\"https:\\\/\\\/www.escura.com\\\/es\\\/las-instrucciones-de-la-junta-general-no-limitan-la-representacion-del-administrador-frente-a-terceros\\\/\"},\"wordCount\":2664,\"commentCount\":0,\"publisher\":{\"@id\":\"https:\\\/\\\/35.181.91.225\\\/es\\\/#organization\"},\"image\":{\"@id\":\"https:\\\/\\\/www.escura.com\\\/es\\\/las-instrucciones-de-la-junta-general-no-limitan-la-representacion-del-administrador-frente-a-terceros\\\/#primaryimage\"},\"thumbnailUrl\":\"https:\\\/\\\/www.escura.com\\\/wp-content\\\/uploads\\\/2026\\\/04\\\/Fotos-interior-circulares-2026-04-29T174035.777.png\",\"articleSection\":[\"Derecho de empresa (Corporate)\"],\"inLanguage\":\"es\",\"potentialAction\":[{\"@type\":\"CommentAction\",\"name\":\"Comment\",\"target\":[\"https:\\\/\\\/www.escura.com\\\/es\\\/las-instrucciones-de-la-junta-general-no-limitan-la-representacion-del-administrador-frente-a-terceros\\\/#respond\"]}]},{\"@type\":\"WebPage\",\"@id\":\"https:\\\/\\\/www.escura.com\\\/es\\\/las-instrucciones-de-la-junta-general-no-limitan-la-representacion-del-administrador-frente-a-terceros\\\/\",\"url\":\"https:\\\/\\\/www.escura.com\\\/es\\\/las-instrucciones-de-la-junta-general-no-limitan-la-representacion-del-administrador-frente-a-terceros\\\/\",\"name\":\"Las instrucciones de la junta general no limitan la representaci\u00f3n del administrador frente a terceros\",\"isPartOf\":{\"@id\":\"https:\\\/\\\/35.181.91.225\\\/es\\\/#website\"},\"primaryImageOfPage\":{\"@id\":\"https:\\\/\\\/www.escura.com\\\/es\\\/las-instrucciones-de-la-junta-general-no-limitan-la-representacion-del-administrador-frente-a-terceros\\\/#primaryimage\"},\"image\":{\"@id\":\"https:\\\/\\\/www.escura.com\\\/es\\\/las-instrucciones-de-la-junta-general-no-limitan-la-representacion-del-administrador-frente-a-terceros\\\/#primaryimage\"},\"thumbnailUrl\":\"https:\\\/\\\/www.escura.com\\\/wp-content\\\/uploads\\\/2026\\\/04\\\/Fotos-interior-circulares-2026-04-29T174035.777.png\",\"datePublished\":\"2026-04-29T15:44:32+00:00\",\"description\":\"Las instrucciones de la junta general no limitan la representaci\u00f3n del administrador frente a terceros\",\"breadcrumb\":{\"@id\":\"https:\\\/\\\/www.escura.com\\\/es\\\/las-instrucciones-de-la-junta-general-no-limitan-la-representacion-del-administrador-frente-a-terceros\\\/#breadcrumb\"},\"inLanguage\":\"es\",\"potentialAction\":[{\"@type\":\"ReadAction\",\"target\":[\"https:\\\/\\\/www.escura.com\\\/es\\\/las-instrucciones-de-la-junta-general-no-limitan-la-representacion-del-administrador-frente-a-terceros\\\/\"]}]},{\"@type\":\"ImageObject\",\"inLanguage\":\"es\",\"@id\":\"https:\\\/\\\/www.escura.com\\\/es\\\/las-instrucciones-de-la-junta-general-no-limitan-la-representacion-del-administrador-frente-a-terceros\\\/#primaryimage\",\"url\":\"https:\\\/\\\/www.escura.com\\\/wp-content\\\/uploads\\\/2026\\\/04\\\/Fotos-interior-circulares-2026-04-29T174035.777.png\",\"contentUrl\":\"https:\\\/\\\/www.escura.com\\\/wp-content\\\/uploads\\\/2026\\\/04\\\/Fotos-interior-circulares-2026-04-29T174035.777.png\",\"width\":2560,\"height\":1709},{\"@type\":\"BreadcrumbList\",\"@id\":\"https:\\\/\\\/www.escura.com\\\/es\\\/las-instrucciones-de-la-junta-general-no-limitan-la-representacion-del-administrador-frente-a-terceros\\\/#breadcrumb\",\"itemListElement\":[{\"@type\":\"ListItem\",\"position\":1,\"name\":\"Portada\",\"item\":\"https:\\\/\\\/www.35-181-91-225.plesk.page\\\/es\\\/\"},{\"@type\":\"ListItem\",\"position\":2,\"name\":\"Las instrucciones de la junta general no limitan la representaci\u00f3n del administrador frente a terceros\"}]},{\"@type\":\"WebSite\",\"@id\":\"https:\\\/\\\/35.181.91.225\\\/es\\\/#website\",\"url\":\"https:\\\/\\\/35.181.91.225\\\/es\\\/\",\"name\":\"Escura | Abogados y Economistas\",\"description\":\"Escura es uno de los despachos de abogados de mayor prestigio en Barcelona, Madrid y Tarragona\",\"publisher\":{\"@id\":\"https:\\\/\\\/35.181.91.225\\\/es\\\/#organization\"},\"potentialAction\":[{\"@type\":\"SearchAction\",\"target\":{\"@type\":\"EntryPoint\",\"urlTemplate\":\"https:\\\/\\\/35.181.91.225\\\/es\\\/?s={search_term_string}\"},\"query-input\":{\"@type\":\"PropertyValueSpecification\",\"valueRequired\":true,\"valueName\":\"search_term_string\"}}],\"inLanguage\":\"es\"},{\"@type\":\"Organization\",\"@id\":\"https:\\\/\\\/35.181.91.225\\\/es\\\/#organization\",\"name\":\"Escura. Abogados y economistas\",\"url\":\"https:\\\/\\\/35.181.91.225\\\/es\\\/\",\"logo\":{\"@type\":\"ImageObject\",\"inLanguage\":\"es\",\"@id\":\"https:\\\/\\\/35.181.91.225\\\/es\\\/#\\\/schema\\\/logo\\\/image\\\/\",\"url\":\"\",\"contentUrl\":\"\",\"caption\":\"Escura. Abogados y economistas\"},\"image\":{\"@id\":\"https:\\\/\\\/35.181.91.225\\\/es\\\/#\\\/schema\\\/logo\\\/image\\\/\"},\"sameAs\":[\"https:\\\/\\\/www.facebook.com\\\/escura.abogados\",\"https:\\\/\\\/x.com\\\/escura_abogados\",\"https:\\\/\\\/www.instagram.com\\\/escura_abogados\\\/\",\"https:\\\/\\\/www.linkedin.com\\\/company\\\/bufete-escura\",\"https:\\\/\\\/www.youtube.com\\\/user\\\/BufeteEscura\\\/videos\"]},{\"@type\":\"Person\",\"@id\":\"https:\\\/\\\/35.181.91.225\\\/es\\\/#\\\/schema\\\/person\\\/7a91eddf0c7dd9b28ddc69906b14e30e\",\"name\":\"adminbe\",\"image\":{\"@type\":\"ImageObject\",\"inLanguage\":\"es\",\"@id\":\"https:\\\/\\\/secure.gravatar.com\\\/avatar\\\/137bae7398ac3afb739b2fcea4266e889703e4bdaa4297b1c3b2d12cdf8f67a3?s=96&d=mm&r=g\",\"url\":\"https:\\\/\\\/secure.gravatar.com\\\/avatar\\\/137bae7398ac3afb739b2fcea4266e889703e4bdaa4297b1c3b2d12cdf8f67a3?s=96&d=mm&r=g\",\"contentUrl\":\"https:\\\/\\\/secure.gravatar.com\\\/avatar\\\/137bae7398ac3afb739b2fcea4266e889703e4bdaa4297b1c3b2d12cdf8f67a3?s=96&d=mm&r=g\",\"caption\":\"adminbe\"}}]}<\/script>\n<!-- \/ Yoast SEO Premium plugin. -->","yoast_head_json":{"title":"Las instrucciones de la junta general no limitan la representaci\u00f3n del administrador frente a terceros","description":"Las instrucciones de la junta general no limitan la representaci\u00f3n del administrador frente a terceros","robots":{"index":"index","follow":"follow","max-snippet":"max-snippet:-1","max-image-preview":"max-image-preview:large","max-video-preview":"max-video-preview:-1"},"canonical":"https:\/\/www.escura.com\/es\/las-instrucciones-de-la-junta-general-no-limitan-la-representacion-del-administrador-frente-a-terceros\/","og_locale":"es_ES","og_type":"article","og_title":"Las instrucciones de la junta general no limitan la representaci\u00f3n del administrador frente a terceros","og_description":"Las instrucciones de la junta general no limitan la representaci\u00f3n del administrador frente a terceros","og_url":"https:\/\/www.escura.com\/es\/las-instrucciones-de-la-junta-general-no-limitan-la-representacion-del-administrador-frente-a-terceros\/","og_site_name":"Escura | Abogados y Economistas","article_publisher":"https:\/\/www.facebook.com\/escura.abogados","article_published_time":"2026-04-29T15:44:32+00:00","og_image":[{"width":1024,"height":684,"url":"https:\/\/www.escura.com\/wp-content\/uploads\/2026\/04\/Fotos-interior-circulares-2026-04-29T174035.777-1024x684.png","type":"image\/png"}],"author":"adminbe","twitter_card":"summary_large_image","twitter_creator":"@escura_abogados","twitter_site":"@escura_abogados","twitter_misc":{"Escrito por":"adminbe","Tiempo de lectura":"3 minutos"},"schema":{"@context":"https:\/\/schema.org","@graph":[{"@type":"Article","@id":"https:\/\/www.escura.com\/es\/las-instrucciones-de-la-junta-general-no-limitan-la-representacion-del-administrador-frente-a-terceros\/#article","isPartOf":{"@id":"https:\/\/www.escura.com\/es\/las-instrucciones-de-la-junta-general-no-limitan-la-representacion-del-administrador-frente-a-terceros\/"},"author":{"name":"adminbe","@id":"https:\/\/35.181.91.225\/es\/#\/schema\/person\/7a91eddf0c7dd9b28ddc69906b14e30e"},"headline":"Las instrucciones de la junta general no limitan la representaci\u00f3n del administrador frente a terceros","datePublished":"2026-04-29T15:44:32+00:00","mainEntityOfPage":{"@id":"https:\/\/www.escura.com\/es\/las-instrucciones-de-la-junta-general-no-limitan-la-representacion-del-administrador-frente-a-terceros\/"},"wordCount":2664,"commentCount":0,"publisher":{"@id":"https:\/\/35.181.91.225\/es\/#organization"},"image":{"@id":"https:\/\/www.escura.com\/es\/las-instrucciones-de-la-junta-general-no-limitan-la-representacion-del-administrador-frente-a-terceros\/#primaryimage"},"thumbnailUrl":"https:\/\/www.escura.com\/wp-content\/uploads\/2026\/04\/Fotos-interior-circulares-2026-04-29T174035.777.png","articleSection":["Derecho de empresa (Corporate)"],"inLanguage":"es","potentialAction":[{"@type":"CommentAction","name":"Comment","target":["https:\/\/www.escura.com\/es\/las-instrucciones-de-la-junta-general-no-limitan-la-representacion-del-administrador-frente-a-terceros\/#respond"]}]},{"@type":"WebPage","@id":"https:\/\/www.escura.com\/es\/las-instrucciones-de-la-junta-general-no-limitan-la-representacion-del-administrador-frente-a-terceros\/","url":"https:\/\/www.escura.com\/es\/las-instrucciones-de-la-junta-general-no-limitan-la-representacion-del-administrador-frente-a-terceros\/","name":"Las instrucciones de la junta general no limitan la representaci\u00f3n del administrador frente a terceros","isPartOf":{"@id":"https:\/\/35.181.91.225\/es\/#website"},"primaryImageOfPage":{"@id":"https:\/\/www.escura.com\/es\/las-instrucciones-de-la-junta-general-no-limitan-la-representacion-del-administrador-frente-a-terceros\/#primaryimage"},"image":{"@id":"https:\/\/www.escura.com\/es\/las-instrucciones-de-la-junta-general-no-limitan-la-representacion-del-administrador-frente-a-terceros\/#primaryimage"},"thumbnailUrl":"https:\/\/www.escura.com\/wp-content\/uploads\/2026\/04\/Fotos-interior-circulares-2026-04-29T174035.777.png","datePublished":"2026-04-29T15:44:32+00:00","description":"Las instrucciones de la junta general no limitan la representaci\u00f3n del administrador frente a terceros","breadcrumb":{"@id":"https:\/\/www.escura.com\/es\/las-instrucciones-de-la-junta-general-no-limitan-la-representacion-del-administrador-frente-a-terceros\/#breadcrumb"},"inLanguage":"es","potentialAction":[{"@type":"ReadAction","target":["https:\/\/www.escura.com\/es\/las-instrucciones-de-la-junta-general-no-limitan-la-representacion-del-administrador-frente-a-terceros\/"]}]},{"@type":"ImageObject","inLanguage":"es","@id":"https:\/\/www.escura.com\/es\/las-instrucciones-de-la-junta-general-no-limitan-la-representacion-del-administrador-frente-a-terceros\/#primaryimage","url":"https:\/\/www.escura.com\/wp-content\/uploads\/2026\/04\/Fotos-interior-circulares-2026-04-29T174035.777.png","contentUrl":"https:\/\/www.escura.com\/wp-content\/uploads\/2026\/04\/Fotos-interior-circulares-2026-04-29T174035.777.png","width":2560,"height":1709},{"@type":"BreadcrumbList","@id":"https:\/\/www.escura.com\/es\/las-instrucciones-de-la-junta-general-no-limitan-la-representacion-del-administrador-frente-a-terceros\/#breadcrumb","itemListElement":[{"@type":"ListItem","position":1,"name":"Portada","item":"https:\/\/www.35-181-91-225.plesk.page\/es\/"},{"@type":"ListItem","position":2,"name":"Las instrucciones de la junta general no limitan la representaci\u00f3n del administrador frente a terceros"}]},{"@type":"WebSite","@id":"https:\/\/35.181.91.225\/es\/#website","url":"https:\/\/35.181.91.225\/es\/","name":"Escura | Abogados y Economistas","description":"Escura es uno de los despachos de abogados de mayor prestigio en Barcelona, Madrid y Tarragona","publisher":{"@id":"https:\/\/35.181.91.225\/es\/#organization"},"potentialAction":[{"@type":"SearchAction","target":{"@type":"EntryPoint","urlTemplate":"https:\/\/35.181.91.225\/es\/?s={search_term_string}"},"query-input":{"@type":"PropertyValueSpecification","valueRequired":true,"valueName":"search_term_string"}}],"inLanguage":"es"},{"@type":"Organization","@id":"https:\/\/35.181.91.225\/es\/#organization","name":"Escura. Abogados y economistas","url":"https:\/\/35.181.91.225\/es\/","logo":{"@type":"ImageObject","inLanguage":"es","@id":"https:\/\/35.181.91.225\/es\/#\/schema\/logo\/image\/","url":"","contentUrl":"","caption":"Escura. Abogados y economistas"},"image":{"@id":"https:\/\/35.181.91.225\/es\/#\/schema\/logo\/image\/"},"sameAs":["https:\/\/www.facebook.com\/escura.abogados","https:\/\/x.com\/escura_abogados","https:\/\/www.instagram.com\/escura_abogados\/","https:\/\/www.linkedin.com\/company\/bufete-escura","https:\/\/www.youtube.com\/user\/BufeteEscura\/videos"]},{"@type":"Person","@id":"https:\/\/35.181.91.225\/es\/#\/schema\/person\/7a91eddf0c7dd9b28ddc69906b14e30e","name":"adminbe","image":{"@type":"ImageObject","inLanguage":"es","@id":"https:\/\/secure.gravatar.com\/avatar\/137bae7398ac3afb739b2fcea4266e889703e4bdaa4297b1c3b2d12cdf8f67a3?s=96&d=mm&r=g","url":"https:\/\/secure.gravatar.com\/avatar\/137bae7398ac3afb739b2fcea4266e889703e4bdaa4297b1c3b2d12cdf8f67a3?s=96&d=mm&r=g","contentUrl":"https:\/\/secure.gravatar.com\/avatar\/137bae7398ac3afb739b2fcea4266e889703e4bdaa4297b1c3b2d12cdf8f67a3?s=96&d=mm&r=g","caption":"adminbe"}}]}},"_links":{"self":[{"href":"https:\/\/www.escura.com\/es\/wp-json\/wp\/v2\/posts\/118950","targetHints":{"allow":["GET"]}}],"collection":[{"href":"https:\/\/www.escura.com\/es\/wp-json\/wp\/v2\/posts"}],"about":[{"href":"https:\/\/www.escura.com\/es\/wp-json\/wp\/v2\/types\/post"}],"author":[{"embeddable":true,"href":"https:\/\/www.escura.com\/es\/wp-json\/wp\/v2\/users\/1"}],"replies":[{"embeddable":true,"href":"https:\/\/www.escura.com\/es\/wp-json\/wp\/v2\/comments?post=118950"}],"version-history":[{"count":2,"href":"https:\/\/www.escura.com\/es\/wp-json\/wp\/v2\/posts\/118950\/revisions"}],"predecessor-version":[{"id":118972,"href":"https:\/\/www.escura.com\/es\/wp-json\/wp\/v2\/posts\/118950\/revisions\/118972"}],"wp:featuredmedia":[{"embeddable":true,"href":"https:\/\/www.escura.com\/es\/wp-json\/wp\/v2\/media\/118962"}],"wp:attachment":[{"href":"https:\/\/www.escura.com\/es\/wp-json\/wp\/v2\/media?parent=118950"}],"wp:term":[{"taxonomy":"category","embeddable":true,"href":"https:\/\/www.escura.com\/es\/wp-json\/wp\/v2\/categories?post=118950"},{"taxonomy":"post_tag","embeddable":true,"href":"https:\/\/www.escura.com\/es\/wp-json\/wp\/v2\/tags?post=118950"}],"curies":[{"name":"wp","href":"https:\/\/api.w.org\/{rel}","templated":true}]}}