{"id":118926,"date":"2026-04-28T10:48:01","date_gmt":"2026-04-28T08:48:01","guid":{"rendered":"https:\/\/www.escura.com\/?p=118926"},"modified":"2026-04-28T10:48:01","modified_gmt":"2026-04-28T08:48:01","slug":"europa-redefine-el-uso-de-datos-en-investigacion-cientifica","status":"publish","type":"post","link":"https:\/\/www.escura.com\/es\/europa-redefine-el-uso-de-datos-en-investigacion-cientifica\/","title":{"rendered":"Europa redefine el uso de datos en investigaci\u00f3n cient\u00edfica"},"content":{"rendered":"<p><div class=\"fusion-fullwidth fullwidth-box fusion-builder-row-1 fusion-flex-container nonhundred-percent-fullwidth non-hundred-percent-height-scrolling\" style=\"--awb-border-radius-top-left:0px;--awb-border-radius-top-right:0px;--awb-border-radius-bottom-right:0px;--awb-border-radius-bottom-left:0px;--awb-flex-wrap:wrap;\" ><div class=\"fusion-builder-row fusion-row fusion-flex-align-items-flex-start fusion-flex-content-wrap\" style=\"max-width:104%;margin-left: calc(-4% \/ 2 );margin-right: calc(-4% \/ 2 );\"><div class=\"fusion-layout-column fusion_builder_column fusion-builder-column-0 fusion_builder_column_3_4 3_4 fusion-flex-column\" style=\"--awb-bg-size:cover;--awb-width-large:75%;--awb-margin-top-large:0px;--awb-spacing-right-large:2.56%;--awb-margin-bottom-large:20px;--awb-spacing-left-large:2.56%;--awb-width-medium:100%;--awb-order-medium:0;--awb-spacing-right-medium:1.92%;--awb-spacing-left-medium:1.92%;--awb-width-small:100%;--awb-order-small:0;--awb-spacing-right-small:1.92%;--awb-spacing-left-small:1.92%;\"><div class=\"fusion-column-wrapper fusion-column-has-shadow fusion-flex-justify-content-space-around fusion-content-layout-column\"><div class=\"fusion-image-element \" style=\"--awb-caption-title-font-family:var(--h2_typography-font-family);--awb-caption-title-font-weight:var(--h2_typography-font-weight);--awb-caption-title-font-style:var(--h2_typography-font-style);--awb-caption-title-size:var(--h2_typography-font-size);--awb-caption-title-transform:var(--h2_typography-text-transform);--awb-caption-title-line-height:var(--h2_typography-line-height);--awb-caption-title-letter-spacing:var(--h2_typography-letter-spacing);\"><span class=\" fusion-imageframe imageframe-none imageframe-1 hover-type-none\"><img decoding=\"async\" width=\"1920\" height=\"625\" alt=\"Deducci\u00f3n de las retribuciones de administradores\" title=\"banners estrechos (44)\" src=\"https:\/\/www.escura.com\/wp-content\/uploads\/2026\/04\/banners-estrechos-44.png\" class=\"img-responsive wp-image-118933\" srcset=\"https:\/\/www.escura.com\/wp-content\/uploads\/2026\/04\/banners-estrechos-44-200x65.png 200w, https:\/\/www.escura.com\/wp-content\/uploads\/2026\/04\/banners-estrechos-44-400x130.png 400w, https:\/\/www.escura.com\/wp-content\/uploads\/2026\/04\/banners-estrechos-44-600x195.png 600w, https:\/\/www.escura.com\/wp-content\/uploads\/2026\/04\/banners-estrechos-44-800x260.png 800w, https:\/\/www.escura.com\/wp-content\/uploads\/2026\/04\/banners-estrechos-44-1200x391.png 1200w, https:\/\/www.escura.com\/wp-content\/uploads\/2026\/04\/banners-estrechos-44.png 1920w\" sizes=\"(max-width: 1024px) 100vw, (max-width: 850px) 100vw, 1920px\" \/><\/span><\/div><div class=\"fusion-separator fusion-full-width-sep\" style=\"align-self: center;margin-left: auto;margin-right: auto;margin-top:30px;width:100%;\"><\/div><div class=\"fusion-text fusion-text-1\"><p class=\"fusion-responsive-typography-calculated\" style=\"text-align: right;\" data-fontsize=\"34\" data-lineheight=\"47.94px\"><a href=\"https:\/\/www.escura.com\/wp-content\/uploads\/2026\/04\/56-Europa-redefine-el-uso-de-datos-en-investigacion-cientifica.pdf\">Consultar pdf<\/a><\/p>\n<\/div><div class=\"fusion-separator fusion-full-width-sep\" style=\"align-self: center;margin-left: auto;margin-right: auto;margin-top:30px;width:100%;\"><\/div><div class=\"fusion-text fusion-text-2\"><h1>Europa redefine el uso de datos en investigaci\u00f3n cient\u00edfica<\/h1>\n<\/div><div class=\"fusion-separator fusion-full-width-sep\" style=\"align-self: center;margin-left: auto;margin-right: auto;margin-top:20px;width:100%;\"><\/div><div class=\"fusion-text fusion-text-3\"><p>El Comit\u00e9 Europeo de Protecci\u00f3n de Datos (CEPD) ha sometido a consulta p\u00fablica sus nuevas directrices sobre el tratamiento de datos personales con fines de investigaci\u00f3n cient\u00edfica, con el objetivo de clarificar c\u00f3mo deben aplicarse las disposiciones del Reglamento General de Protecci\u00f3n de Datos (RGPD) en este \u00e1mbito, especialmente relevante para universidades, centros de investigaci\u00f3n, sector sanitario y empresas innovadoras.<\/p>\n<p>Estas directrices buscan ofrecer seguridad jur\u00eddica en un contexto en el que el tratamiento de datos (en muchos casos sensibles, como los datos de salud) resulta imprescindible para el avance cient\u00edfico, pero debe realizarse garantizando plenamente los derechos de las personas. El CEPD recuerda que el RGPD permite el uso de datos personales para investigaci\u00f3n, pero siempre bajo el cumplimiento de principios clave como la licitud, la minimizaci\u00f3n de datos y la limitaci\u00f3n de la finalidad.<\/p>\n<p>Uno de los aspectos m\u00e1s relevantes es la insistencia en aplicar medidas como la seudonimizaci\u00f3n o anonimizaci\u00f3n de los datos, as\u00ed como establecer salvaguardas adecuadas durante todo el ciclo de vida de la investigaci\u00f3n. Las directrices tambi\u00e9n incluyen ejemplos pr\u00e1cticos sobre t\u00e9cnicas de minimizaci\u00f3n, almacenamiento y uso de los datos, reforzando la idea de que no todo tratamiento es v\u00e1lido si no resulta necesario y proporcionado.<\/p>\n<p>Asimismo, el CEPD pone especial \u00e9nfasis en los derechos de los interesados, recordando la importancia de garantizar la transparencia, as\u00ed como los derechos de acceso, rectificaci\u00f3n o supresi\u00f3n, incluso en contextos de investigaci\u00f3n cient\u00edfica donde pueden existir determinadas limitaciones justificadas.<\/p>\n<p>El hecho de que estas directrices se encuentren en fase de consulta p\u00fablica refleja la voluntad de las autoridades europeas de construir un marco equilibrado entre la innovaci\u00f3n y la protecci\u00f3n de datos, recogiendo aportaciones de los distintos actores implicados antes de su aprobaci\u00f3n definitiva.<\/p>\n<p>Recomendamos a las organizaciones que desarrollen actividades de investigaci\u00f3n revisar sus procesos de tratamiento de datos personales, asegurando que incorporan desde el dise\u00f1o las garant\u00edas exigidas por el RGPD. La correcta gesti\u00f3n de los datos en este \u00e1mbito no solo es una obligaci\u00f3n legal, sino un elemento clave para generar confianza y evitar riesgos regulatorios en proyectos de alto impacto.<\/p>\n<p>Consulta la <a href=\"https:\/\/www.aepd.es\/prensa-y-comunicacion\/notas-de-prensa\/comite-europeo-somete-a-consulta-publica-sus-directrices-sobre-tratamiento-con-fines-investigacion-cientifica\">publicaci\u00f3n<\/a> de la AEPD.<\/p>\n<\/div><div class=\"fusion-text fusion-text-4\"><p>\u00a9 La presente informaci\u00f3n es propiedad de <a href=\"https:\/\/www.escura.com\/es\/\"><strong>Escura<\/strong>, <strong>abogados<\/strong> y <strong>economistas<\/strong><\/a>, quedando prohibida su reproducci\u00f3n sin permiso expreso.<\/p>\n<\/div><\/div><\/div><div class=\"fusion-layout-column fusion_builder_column fusion-builder-column-1 fusion_builder_column_1_4 1_4 fusion-flex-column\" style=\"--awb-bg-size:cover;--awb-width-large:25%;--awb-margin-top-large:0px;--awb-spacing-right-large:7.68%;--awb-margin-bottom-large:20px;--awb-spacing-left-large:7.68%;--awb-width-medium:100%;--awb-order-medium:0;--awb-spacing-right-medium:1.92%;--awb-spacing-left-medium:1.92%;--awb-width-small:100%;--awb-order-small:0;--awb-spacing-right-small:1.92%;--awb-spacing-left-small:1.92%;\"><div class=\"fusion-column-wrapper fusion-column-has-shadow fusion-flex-justify-content-flex-start fusion-content-layout-column\"><div class=\"fusion-text fusion-text-5\"><h3><strong><span style=\"color: #000080;\">Suscr\u00edbete a la Newsletter<\/span><\/strong><\/h3>\n<\/div>\n<div class=\"wpcf7 no-js\" id=\"wpcf7-f12629-o1\" lang=\"es-ES\" dir=\"ltr\" data-wpcf7-id=\"12629\">\n<div class=\"screen-reader-response\"><p role=\"status\" aria-live=\"polite\" aria-atomic=\"true\"><\/p> <ul><\/ul><\/div>\n<form action=\"\/es\/wp-json\/wp\/v2\/posts\/118926#wpcf7-f12629-o1\" method=\"post\" class=\"wpcf7-form init\" aria-label=\"Formulario de contacto\" novalidate=\"novalidate\" data-status=\"init\">\n<fieldset class=\"hidden-fields-container\"><input type=\"hidden\" name=\"_wpcf7\" value=\"12629\" \/><input type=\"hidden\" name=\"_wpcf7_version\" value=\"6.1.5\" \/><input type=\"hidden\" name=\"_wpcf7_locale\" value=\"es_ES\" \/><input type=\"hidden\" name=\"_wpcf7_unit_tag\" value=\"wpcf7-f12629-o1\" \/><input type=\"hidden\" name=\"_wpcf7_container_post\" value=\"0\" \/><input type=\"hidden\" name=\"_wpcf7_posted_data_hash\" value=\"\" \/><input type=\"hidden\" name=\"_wpcf7_recaptcha_response\" value=\"\" \/>\n<\/fieldset>\n<p><label> <span class=\"wpcf7-form-control-wrap\" data-name=\"your-name\"><input size=\"40\" maxlength=\"400\" class=\"wpcf7-form-control wpcf7-text wpcf7-validates-as-required\" aria-required=\"true\" aria-invalid=\"false\" placeholder=\"Nombre \/ Empresa\" value=\"\" type=\"text\" name=\"your-name\" \/><\/span> <\/label>\n<\/p>\n<p><label> <span class=\"wpcf7-form-control-wrap\" data-name=\"your-email\"><input size=\"40\" maxlength=\"400\" class=\"wpcf7-form-control wpcf7-email wpcf7-validates-as-required wpcf7-text wpcf7-validates-as-email\" aria-required=\"true\" aria-invalid=\"false\" placeholder=\"Mail\" value=\"\" type=\"email\" name=\"your-email\" \/><\/span> <\/label>\n<\/p>\n<p class=\"txt_legal\"><span class=\"wpcf7-form-control-wrap\" data-name=\"acceptance-287\"><span class=\"wpcf7-form-control wpcf7-acceptance\"><span class=\"wpcf7-list-item\"><input type=\"checkbox\" name=\"acceptance-287\" value=\"1\" class=\"acept_form\" aria-invalid=\"false\" \/><\/span><\/span><\/span>He le\u00eddo y acepto la <a href=\"https:\/\/www.escura.com\/es\/politica-de-privacidad\/\" target=\"_blank\" style=\"color:#003a7a;\">Pol\u00edtica de Privacidad<\/a>\n<\/p>\n<p class=\"txt_legal\"><span class=\"wpcf7-form-control-wrap\" data-name=\"acceptance-937\"><span class=\"wpcf7-form-control wpcf7-acceptance\"><span class=\"wpcf7-list-item\"><input type=\"checkbox\" name=\"acceptance-937\" value=\"1\" class=\"acept_form\" aria-invalid=\"false\" \/><\/span><\/span><\/span> Acepto recibir las newsletters de Escura\n<\/p>\n<p><input class=\"wpcf7-form-control wpcf7-submit has-spinner\" type=\"submit\" value=\"Enviar\" \/>\n<\/p><div class=\"fusion-alert alert custom alert-custom fusion-alert-center wpcf7-response-output awb-alert-native-link-color alert-dismissable awb-alert-close-boxed\" style=\"--awb-border-top-left-radius:0px;--awb-border-top-right-radius:0px;--awb-border-bottom-left-radius:0px;--awb-border-bottom-right-radius:0px;\" role=\"alert\"><div class=\"fusion-alert-content-wrapper\"><span class=\"fusion-alert-content\"><\/span><\/div><button type=\"button\" class=\"close toggle-alert\" data-dismiss=\"alert\" aria-label=\"Close\">&times;<\/button><\/div>\n<\/form>\n<\/div>\n<div class=\"fusion-separator fusion-full-width-sep\" style=\"align-self: center;margin-left: auto;margin-right: auto;margin-top:30px;width:100%;\"><\/div><div class=\"fusion-text fusion-text-6\"><h3><span style=\"color: #000080;\">Nuestras \u00c1reas<\/span><\/h3>\n<\/div><ul style=\"--awb-iconcolor:var(--awb-color6);--awb-line-height:27.2px;--awb-icon-width:27.2px;--awb-icon-height:27.2px;--awb-icon-margin:11.2px;--awb-content-margin:38.4px;\" class=\"fusion-checklist fusion-checklist-1 fusion-checklist-default type-icons\"><li class=\"fusion-li-item\" style=\"\"><span class=\"icon-wrapper circle-no\"><i class=\"fusion-li-icon awb-icon-check\" aria-hidden=\"true\"><\/i><\/span><div class=\"fusion-li-item-content\">\n<div class=\"fusion-text fusion-text-1\">\n<p data-fontsize=\"26\" data-lineheight=\"31.46px\"><a href=\"https:\/\/www.escura.com\/es\/compliance-penal\/\">Compliance Penal<\/a><\/p>\n<\/div>\n<div class=\"fusion-text fusion-text-2\"><\/div>\n<\/div><\/li><li class=\"fusion-li-item\" style=\"\"><span class=\"icon-wrapper circle-no\"><i class=\"fusion-li-icon awb-icon-check\" aria-hidden=\"true\"><\/i><\/span><div class=\"fusion-li-item-content\">\n<p><a href=\"https:\/\/www.escura.com\/es\/derecho-societario-mercantil\/\">Derecho Societario y Mercantil<\/a><\/p>\n<\/div><\/li><li class=\"fusion-li-item\" style=\"\"><span class=\"icon-wrapper circle-no\"><i class=\"fusion-li-icon awb-icon-check\" aria-hidden=\"true\"><\/i><\/span><div class=\"fusion-li-item-content\">\n<p><a href=\"https:\/\/www.escura.com\/es\/economico-fiscal\/\">Econ\u00f3mico Fiscal<\/a><\/p>\n<\/div><\/li><li class=\"fusion-li-item\" style=\"\"><span class=\"icon-wrapper circle-no\"><i class=\"fusion-li-icon awb-icon-check\" aria-hidden=\"true\"><\/i><\/span><div class=\"fusion-li-item-content\">\n<p><a href=\"https:\/\/www.escura.com\/es\/plan-de-igualdad\/\">Plan de Igualdad<\/a><\/p>\n<\/div><\/li><li class=\"fusion-li-item\" style=\"\"><span class=\"icon-wrapper circle-no\"><i class=\"fusion-li-icon awb-icon-check\" aria-hidden=\"true\"><\/i><\/span><div class=\"fusion-li-item-content\">\n<p><a href=\"https:\/\/www.escura.com\/es\/proteccion-de-datos\/\">Protecci\u00f3n de Datos<\/a><\/p>\n<\/div><\/li><li class=\"fusion-li-item\" style=\"\"><span class=\"icon-wrapper circle-no\"><i class=\"fusion-li-icon awb-icon-check\" aria-hidden=\"true\"><\/i><\/span><div class=\"fusion-li-item-content\">\n<p><a href=\"https:\/\/www.escura.com\/es\/recursos-humanos\/\">Recursos Humanos<\/a><\/p>\n<\/div><\/li><\/ul><div class=\"fusion-separator fusion-full-width-sep\" style=\"align-self: center;margin-left: auto;margin-right: auto;margin-top:30px;width:100%;\"><\/div><div class=\"fusion-text fusion-text-7\"><h3><span style=\"color: #000080;\">Nuestras Oficinas<\/span><\/h3>\n<\/div><div class=\"fusion-text fusion-text-8\"><h4><a href=\"https:\/\/www.escura.com\/es\/abogados-barcelona\/\">\u2192 Abogados Barcelona\u00a0<\/a><\/h4>\n<h4><a href=\"https:\/\/www.escura.com\/es\/abogados-madrid\/\">\u2192 Abogados Madrid<\/a><\/h4>\n<h4><a href=\"https:\/\/www.escura.com\/es\/oficinas-calafell-vendrell\/\">\u2192 Abogados Tarragona<\/a><\/h4>\n<\/div><div class=\"fusion-separator fusion-full-width-sep\" style=\"align-self: center;margin-left: auto;margin-right: auto;margin-top:30px;width:100%;\"><\/div><div class=\"fusion-social-links fusion-social-links-1\" style=\"--awb-margin-top:0px;--awb-margin-right:0px;--awb-margin-bottom:0px;--awb-margin-left:0px;--awb-box-border-top:0px;--awb-box-border-right:0px;--awb-box-border-bottom:0px;--awb-box-border-left:0px;--awb-icon-colors-hover:rgba(0,0,0,0.8);--awb-box-colors-hover:rgba(21,59,122,0.8);--awb-box-border-color:var(--awb-color3);--awb-box-border-color-hover:var(--awb-color4);\"><div class=\"fusion-social-networks boxed-icons color-type-custom\"><div class=\"fusion-social-networks-wrapper\"><a class=\"fusion-social-network-icon fusion-tooltip fusion-linkedin awb-icon-linkedin\" style=\"color:#ffffff;font-size:14px;width:14px;background-color:#153b7a;border-color:#153b7a;border-radius:3px;\" data-placement=\"top\" data-title=\"LinkedIn\" data-toggle=\"tooltip\" title=\"LinkedIn\" aria-label=\"linkedin\" target=\"_blank\" rel=\"noopener noreferrer\" href=\"https:\/\/www.linkedin.com\/feed\/\"><\/a><a class=\"fusion-social-network-icon fusion-tooltip fusion-instagram awb-icon-instagram\" style=\"color:#ffffff;font-size:14px;width:14px;background-color:#153b7a;border-color:#153b7a;border-radius:3px;\" data-placement=\"top\" data-title=\"Instagram\" data-toggle=\"tooltip\" title=\"Instagram\" aria-label=\"instagram\" target=\"_blank\" rel=\"noopener noreferrer\" href=\"https:\/\/www.instagram.com\/escura_abogados\/\"><\/a><a class=\"fusion-social-network-icon fusion-tooltip fusion-facebook awb-icon-facebook\" style=\"color:#ffffff;font-size:14px;width:14px;background-color:#153b7a;border-color:#153b7a;border-radius:3px;\" data-placement=\"top\" data-title=\"Facebook\" data-toggle=\"tooltip\" title=\"Facebook\" aria-label=\"facebook\" target=\"_blank\" rel=\"noopener noreferrer\" href=\"https:\/\/www.facebook.com\/escura.abogados\/\"><\/a><a class=\"fusion-social-network-icon fusion-tooltip fusion-twitter awb-icon-twitter\" style=\"color:#ffffff;font-size:14px;width:14px;background-color:#153b7a;border-color:#153b7a;border-radius:3px;\" data-placement=\"top\" data-title=\"X\" data-toggle=\"tooltip\" title=\"X\" aria-label=\"twitter\" target=\"_blank\" rel=\"noopener noreferrer\" href=\"#\"><\/a><\/div><\/div><\/div><div class=\"fusion-separator fusion-full-width-sep\" style=\"align-self: center;margin-left: auto;margin-right: auto;margin-top:30px;width:100%;\"><\/div><\/div><\/div><\/div><\/div><div class=\"fusion-fullwidth fullwidth-box fusion-builder-row-2 fusion-flex-container has-pattern-background has-mask-background nonhundred-percent-fullwidth non-hundred-percent-height-scrolling\" style=\"--awb-border-radius-top-left:0px;--awb-border-radius-top-right:0px;--awb-border-radius-bottom-right:0px;--awb-border-radius-bottom-left:0px;--awb-background-color:#e5e5e5;--awb-flex-wrap:wrap;\" ><div class=\"fusion-builder-row fusion-row fusion-flex-align-items-flex-start fusion-flex-content-wrap\" style=\"max-width:104%;margin-left: calc(-4% \/ 2 );margin-right: calc(-4% \/ 2 );\"><div class=\"fusion-layout-column fusion_builder_column fusion-builder-column-2 fusion_builder_column_1_1 1_1 fusion-flex-column\" style=\"--awb-bg-size:cover;--awb-width-large:100%;--awb-margin-top-large:0px;--awb-spacing-right-large:1.92%;--awb-margin-bottom-large:20px;--awb-spacing-left-large:1.92%;--awb-width-medium:100%;--awb-order-medium:0;--awb-spacing-right-medium:1.92%;--awb-spacing-left-medium:1.92%;--awb-width-small:100%;--awb-order-small:0;--awb-spacing-right-small:1.92%;--awb-spacing-left-small:1.92%;\"><div class=\"fusion-column-wrapper fusion-column-has-shadow fusion-flex-justify-content-flex-start fusion-content-layout-column\"><div class=\"fusion-separator fusion-full-width-sep\" style=\"align-self: center;margin-left: auto;margin-right: auto;width:100%;\"><\/div><div class=\"fusion-text fusion-text-9\"><h3><a href=\"https:\/\/www.escura.com\/es\/proteccion-de-datos\/\"><span style=\"color: #000000;\">Consulta el \u00e1rea de Protecci\u00f3n de Datos<\/span><\/a><\/h3>\n<\/div><div class=\"fusion-separator fusion-full-width-sep\" style=\"align-self: center;margin-left: auto;margin-right: auto;width:100%;\"><\/div><\/div><\/div><\/div><\/div><\/p>\n","protected":false},"excerpt":{"rendered":"","protected":false},"author":1,"featured_media":118928,"comment_status":"open","ping_status":"open","sticky":false,"template":"","format":"standard","meta":{"footnotes":""},"categories":[31],"tags":[],"class_list":["post-118926","post","type-post","status-publish","format-standard","has-post-thumbnail","hentry","category-proteccion-datos"],"yoast_head":"<!-- This site is optimized with the Yoast SEO Premium plugin v26.6 (Yoast SEO v27.5) - https:\/\/yoast.com\/product\/yoast-seo-premium-wordpress\/ -->\n<title>Europa redefine el uso de datos en investigaci\u00f3n cient\u00edfica<\/title>\n<meta name=\"description\" content=\"Europa redefine el uso de datos en investigaci\u00f3n cient\u00edfica\" \/>\n<meta name=\"robots\" content=\"index, follow, max-snippet:-1, max-image-preview:large, max-video-preview:-1\" \/>\n<link rel=\"canonical\" href=\"https:\/\/www.escura.com\/es\/europa-redefine-el-uso-de-datos-en-investigacion-cientifica\/\" \/>\n<meta property=\"og:locale\" content=\"es_ES\" \/>\n<meta property=\"og:type\" content=\"article\" \/>\n<meta property=\"og:title\" content=\"Europa redefine el uso de datos en investigaci\u00f3n cient\u00edfica\" \/>\n<meta property=\"og:description\" content=\"Europa redefine el uso de datos en investigaci\u00f3n cient\u00edfica\" \/>\n<meta property=\"og:url\" content=\"https:\/\/www.escura.com\/es\/europa-redefine-el-uso-de-datos-en-investigacion-cientifica\/\" \/>\n<meta property=\"og:site_name\" content=\"Escura | Abogados y Economistas\" \/>\n<meta property=\"article:publisher\" content=\"https:\/\/www.facebook.com\/escura.abogados\" \/>\n<meta property=\"article:published_time\" content=\"2026-04-28T08:48:01+00:00\" \/>\n<meta property=\"og:image\" content=\"https:\/\/www.escura.com\/wp-content\/uploads\/2026\/04\/Fotos-interior-circulares-2026-04-28T104421.421-1024x684.png\" \/>\n\t<meta property=\"og:image:width\" content=\"1024\" \/>\n\t<meta property=\"og:image:height\" content=\"684\" \/>\n\t<meta property=\"og:image:type\" content=\"image\/png\" \/>\n<meta name=\"author\" content=\"adminbe\" \/>\n<meta name=\"twitter:card\" content=\"summary_large_image\" \/>\n<meta name=\"twitter:creator\" content=\"@escura_abogados\" \/>\n<meta name=\"twitter:site\" content=\"@escura_abogados\" \/>\n<meta name=\"twitter:label1\" content=\"Escrito por\" \/>\n\t<meta name=\"twitter:data1\" content=\"adminbe\" \/>\n\t<meta name=\"twitter:label2\" content=\"Tiempo de lectura\" \/>\n\t<meta name=\"twitter:data2\" content=\"3 minutos\" \/>\n<script type=\"application\/ld+json\" class=\"yoast-schema-graph\">{\"@context\":\"https:\\\/\\\/schema.org\",\"@graph\":[{\"@type\":\"Article\",\"@id\":\"https:\\\/\\\/www.escura.com\\\/es\\\/europa-redefine-el-uso-de-datos-en-investigacion-cientifica\\\/#article\",\"isPartOf\":{\"@id\":\"https:\\\/\\\/www.escura.com\\\/es\\\/europa-redefine-el-uso-de-datos-en-investigacion-cientifica\\\/\"},\"author\":{\"name\":\"adminbe\",\"@id\":\"https:\\\/\\\/www.escura.com\\\/es\\\/#\\\/schema\\\/person\\\/7a91eddf0c7dd9b28ddc69906b14e30e\"},\"headline\":\"Europa redefine el uso de datos en investigaci\u00f3n cient\u00edfica\",\"datePublished\":\"2026-04-28T08:48:01+00:00\",\"mainEntityOfPage\":{\"@id\":\"https:\\\/\\\/www.escura.com\\\/es\\\/europa-redefine-el-uso-de-datos-en-investigacion-cientifica\\\/\"},\"wordCount\":3103,\"commentCount\":0,\"publisher\":{\"@id\":\"https:\\\/\\\/www.escura.com\\\/es\\\/#organization\"},\"image\":{\"@id\":\"https:\\\/\\\/www.escura.com\\\/es\\\/europa-redefine-el-uso-de-datos-en-investigacion-cientifica\\\/#primaryimage\"},\"thumbnailUrl\":\"https:\\\/\\\/www.escura.com\\\/wp-content\\\/uploads\\\/2026\\\/04\\\/Fotos-interior-circulares-2026-04-28T104421.421.png\",\"articleSection\":[\"Protecci\u00f3n de Datos\"],\"inLanguage\":\"es\",\"potentialAction\":[{\"@type\":\"CommentAction\",\"name\":\"Comment\",\"target\":[\"https:\\\/\\\/www.escura.com\\\/es\\\/europa-redefine-el-uso-de-datos-en-investigacion-cientifica\\\/#respond\"]}]},{\"@type\":\"WebPage\",\"@id\":\"https:\\\/\\\/www.escura.com\\\/es\\\/europa-redefine-el-uso-de-datos-en-investigacion-cientifica\\\/\",\"url\":\"https:\\\/\\\/www.escura.com\\\/es\\\/europa-redefine-el-uso-de-datos-en-investigacion-cientifica\\\/\",\"name\":\"Europa redefine el uso de datos en investigaci\u00f3n cient\u00edfica\",\"isPartOf\":{\"@id\":\"https:\\\/\\\/www.escura.com\\\/es\\\/#website\"},\"primaryImageOfPage\":{\"@id\":\"https:\\\/\\\/www.escura.com\\\/es\\\/europa-redefine-el-uso-de-datos-en-investigacion-cientifica\\\/#primaryimage\"},\"image\":{\"@id\":\"https:\\\/\\\/www.escura.com\\\/es\\\/europa-redefine-el-uso-de-datos-en-investigacion-cientifica\\\/#primaryimage\"},\"thumbnailUrl\":\"https:\\\/\\\/www.escura.com\\\/wp-content\\\/uploads\\\/2026\\\/04\\\/Fotos-interior-circulares-2026-04-28T104421.421.png\",\"datePublished\":\"2026-04-28T08:48:01+00:00\",\"description\":\"Europa redefine el uso de datos en investigaci\u00f3n cient\u00edfica\",\"breadcrumb\":{\"@id\":\"https:\\\/\\\/www.escura.com\\\/es\\\/europa-redefine-el-uso-de-datos-en-investigacion-cientifica\\\/#breadcrumb\"},\"inLanguage\":\"es\",\"potentialAction\":[{\"@type\":\"ReadAction\",\"target\":[\"https:\\\/\\\/www.escura.com\\\/es\\\/europa-redefine-el-uso-de-datos-en-investigacion-cientifica\\\/\"]}]},{\"@type\":\"ImageObject\",\"inLanguage\":\"es\",\"@id\":\"https:\\\/\\\/www.escura.com\\\/es\\\/europa-redefine-el-uso-de-datos-en-investigacion-cientifica\\\/#primaryimage\",\"url\":\"https:\\\/\\\/www.escura.com\\\/wp-content\\\/uploads\\\/2026\\\/04\\\/Fotos-interior-circulares-2026-04-28T104421.421.png\",\"contentUrl\":\"https:\\\/\\\/www.escura.com\\\/wp-content\\\/uploads\\\/2026\\\/04\\\/Fotos-interior-circulares-2026-04-28T104421.421.png\",\"width\":2560,\"height\":1709},{\"@type\":\"BreadcrumbList\",\"@id\":\"https:\\\/\\\/www.escura.com\\\/es\\\/europa-redefine-el-uso-de-datos-en-investigacion-cientifica\\\/#breadcrumb\",\"itemListElement\":[{\"@type\":\"ListItem\",\"position\":1,\"name\":\"Portada\",\"item\":\"https:\\\/\\\/www.escura.com\\\/es\\\/\"},{\"@type\":\"ListItem\",\"position\":2,\"name\":\"Europa redefine el uso de datos en investigaci\u00f3n cient\u00edfica\"}]},{\"@type\":\"WebSite\",\"@id\":\"https:\\\/\\\/www.escura.com\\\/es\\\/#website\",\"url\":\"https:\\\/\\\/www.escura.com\\\/es\\\/\",\"name\":\"Escura | Abogados y Economistas\",\"description\":\"Escura es uno de los despachos de abogados de mayor prestigio en Barcelona, Madrid y Tarragona\",\"publisher\":{\"@id\":\"https:\\\/\\\/www.escura.com\\\/es\\\/#organization\"},\"potentialAction\":[{\"@type\":\"SearchAction\",\"target\":{\"@type\":\"EntryPoint\",\"urlTemplate\":\"https:\\\/\\\/www.escura.com\\\/es\\\/?s={search_term_string}\"},\"query-input\":{\"@type\":\"PropertyValueSpecification\",\"valueRequired\":true,\"valueName\":\"search_term_string\"}}],\"inLanguage\":\"es\"},{\"@type\":\"Organization\",\"@id\":\"https:\\\/\\\/www.escura.com\\\/es\\\/#organization\",\"name\":\"Escura. Abogados y economistas\",\"url\":\"https:\\\/\\\/www.escura.com\\\/es\\\/\",\"logo\":{\"@type\":\"ImageObject\",\"inLanguage\":\"es\",\"@id\":\"https:\\\/\\\/www.escura.com\\\/es\\\/#\\\/schema\\\/logo\\\/image\\\/\",\"url\":\"\",\"contentUrl\":\"\",\"caption\":\"Escura. Abogados y economistas\"},\"image\":{\"@id\":\"https:\\\/\\\/www.escura.com\\\/es\\\/#\\\/schema\\\/logo\\\/image\\\/\"},\"sameAs\":[\"https:\\\/\\\/www.facebook.com\\\/escura.abogados\",\"https:\\\/\\\/x.com\\\/escura_abogados\",\"https:\\\/\\\/www.instagram.com\\\/escura_abogados\\\/\",\"https:\\\/\\\/www.linkedin.com\\\/company\\\/bufete-escura\",\"https:\\\/\\\/www.youtube.com\\\/user\\\/BufeteEscura\\\/videos\"]},{\"@type\":\"Person\",\"@id\":\"https:\\\/\\\/www.escura.com\\\/es\\\/#\\\/schema\\\/person\\\/7a91eddf0c7dd9b28ddc69906b14e30e\",\"name\":\"adminbe\",\"image\":{\"@type\":\"ImageObject\",\"inLanguage\":\"es\",\"@id\":\"https:\\\/\\\/secure.gravatar.com\\\/avatar\\\/137bae7398ac3afb739b2fcea4266e889703e4bdaa4297b1c3b2d12cdf8f67a3?s=96&d=mm&r=g\",\"url\":\"https:\\\/\\\/secure.gravatar.com\\\/avatar\\\/137bae7398ac3afb739b2fcea4266e889703e4bdaa4297b1c3b2d12cdf8f67a3?s=96&d=mm&r=g\",\"contentUrl\":\"https:\\\/\\\/secure.gravatar.com\\\/avatar\\\/137bae7398ac3afb739b2fcea4266e889703e4bdaa4297b1c3b2d12cdf8f67a3?s=96&d=mm&r=g\",\"caption\":\"adminbe\"}}]}<\/script>\n<!-- \/ Yoast SEO Premium plugin. -->","yoast_head_json":{"title":"Europa redefine el uso de datos en investigaci\u00f3n cient\u00edfica","description":"Europa redefine el uso de datos en investigaci\u00f3n cient\u00edfica","robots":{"index":"index","follow":"follow","max-snippet":"max-snippet:-1","max-image-preview":"max-image-preview:large","max-video-preview":"max-video-preview:-1"},"canonical":"https:\/\/www.escura.com\/es\/europa-redefine-el-uso-de-datos-en-investigacion-cientifica\/","og_locale":"es_ES","og_type":"article","og_title":"Europa redefine el uso de datos en investigaci\u00f3n cient\u00edfica","og_description":"Europa redefine el uso de datos en investigaci\u00f3n cient\u00edfica","og_url":"https:\/\/www.escura.com\/es\/europa-redefine-el-uso-de-datos-en-investigacion-cientifica\/","og_site_name":"Escura | Abogados y Economistas","article_publisher":"https:\/\/www.facebook.com\/escura.abogados","article_published_time":"2026-04-28T08:48:01+00:00","og_image":[{"width":1024,"height":684,"url":"https:\/\/www.escura.com\/wp-content\/uploads\/2026\/04\/Fotos-interior-circulares-2026-04-28T104421.421-1024x684.png","type":"image\/png"}],"author":"adminbe","twitter_card":"summary_large_image","twitter_creator":"@escura_abogados","twitter_site":"@escura_abogados","twitter_misc":{"Escrito por":"adminbe","Tiempo de lectura":"3 minutos"},"schema":{"@context":"https:\/\/schema.org","@graph":[{"@type":"Article","@id":"https:\/\/www.escura.com\/es\/europa-redefine-el-uso-de-datos-en-investigacion-cientifica\/#article","isPartOf":{"@id":"https:\/\/www.escura.com\/es\/europa-redefine-el-uso-de-datos-en-investigacion-cientifica\/"},"author":{"name":"adminbe","@id":"https:\/\/www.escura.com\/es\/#\/schema\/person\/7a91eddf0c7dd9b28ddc69906b14e30e"},"headline":"Europa redefine el uso de datos en investigaci\u00f3n cient\u00edfica","datePublished":"2026-04-28T08:48:01+00:00","mainEntityOfPage":{"@id":"https:\/\/www.escura.com\/es\/europa-redefine-el-uso-de-datos-en-investigacion-cientifica\/"},"wordCount":3103,"commentCount":0,"publisher":{"@id":"https:\/\/www.escura.com\/es\/#organization"},"image":{"@id":"https:\/\/www.escura.com\/es\/europa-redefine-el-uso-de-datos-en-investigacion-cientifica\/#primaryimage"},"thumbnailUrl":"https:\/\/www.escura.com\/wp-content\/uploads\/2026\/04\/Fotos-interior-circulares-2026-04-28T104421.421.png","articleSection":["Protecci\u00f3n de Datos"],"inLanguage":"es","potentialAction":[{"@type":"CommentAction","name":"Comment","target":["https:\/\/www.escura.com\/es\/europa-redefine-el-uso-de-datos-en-investigacion-cientifica\/#respond"]}]},{"@type":"WebPage","@id":"https:\/\/www.escura.com\/es\/europa-redefine-el-uso-de-datos-en-investigacion-cientifica\/","url":"https:\/\/www.escura.com\/es\/europa-redefine-el-uso-de-datos-en-investigacion-cientifica\/","name":"Europa redefine el uso de datos en investigaci\u00f3n cient\u00edfica","isPartOf":{"@id":"https:\/\/www.escura.com\/es\/#website"},"primaryImageOfPage":{"@id":"https:\/\/www.escura.com\/es\/europa-redefine-el-uso-de-datos-en-investigacion-cientifica\/#primaryimage"},"image":{"@id":"https:\/\/www.escura.com\/es\/europa-redefine-el-uso-de-datos-en-investigacion-cientifica\/#primaryimage"},"thumbnailUrl":"https:\/\/www.escura.com\/wp-content\/uploads\/2026\/04\/Fotos-interior-circulares-2026-04-28T104421.421.png","datePublished":"2026-04-28T08:48:01+00:00","description":"Europa redefine el uso de datos en investigaci\u00f3n cient\u00edfica","breadcrumb":{"@id":"https:\/\/www.escura.com\/es\/europa-redefine-el-uso-de-datos-en-investigacion-cientifica\/#breadcrumb"},"inLanguage":"es","potentialAction":[{"@type":"ReadAction","target":["https:\/\/www.escura.com\/es\/europa-redefine-el-uso-de-datos-en-investigacion-cientifica\/"]}]},{"@type":"ImageObject","inLanguage":"es","@id":"https:\/\/www.escura.com\/es\/europa-redefine-el-uso-de-datos-en-investigacion-cientifica\/#primaryimage","url":"https:\/\/www.escura.com\/wp-content\/uploads\/2026\/04\/Fotos-interior-circulares-2026-04-28T104421.421.png","contentUrl":"https:\/\/www.escura.com\/wp-content\/uploads\/2026\/04\/Fotos-interior-circulares-2026-04-28T104421.421.png","width":2560,"height":1709},{"@type":"BreadcrumbList","@id":"https:\/\/www.escura.com\/es\/europa-redefine-el-uso-de-datos-en-investigacion-cientifica\/#breadcrumb","itemListElement":[{"@type":"ListItem","position":1,"name":"Portada","item":"https:\/\/www.escura.com\/es\/"},{"@type":"ListItem","position":2,"name":"Europa redefine el uso de datos en investigaci\u00f3n cient\u00edfica"}]},{"@type":"WebSite","@id":"https:\/\/www.escura.com\/es\/#website","url":"https:\/\/www.escura.com\/es\/","name":"Escura | Abogados y Economistas","description":"Escura es uno de los despachos de abogados de mayor prestigio en Barcelona, Madrid y Tarragona","publisher":{"@id":"https:\/\/www.escura.com\/es\/#organization"},"potentialAction":[{"@type":"SearchAction","target":{"@type":"EntryPoint","urlTemplate":"https:\/\/www.escura.com\/es\/?s={search_term_string}"},"query-input":{"@type":"PropertyValueSpecification","valueRequired":true,"valueName":"search_term_string"}}],"inLanguage":"es"},{"@type":"Organization","@id":"https:\/\/www.escura.com\/es\/#organization","name":"Escura. Abogados y economistas","url":"https:\/\/www.escura.com\/es\/","logo":{"@type":"ImageObject","inLanguage":"es","@id":"https:\/\/www.escura.com\/es\/#\/schema\/logo\/image\/","url":"","contentUrl":"","caption":"Escura. Abogados y economistas"},"image":{"@id":"https:\/\/www.escura.com\/es\/#\/schema\/logo\/image\/"},"sameAs":["https:\/\/www.facebook.com\/escura.abogados","https:\/\/x.com\/escura_abogados","https:\/\/www.instagram.com\/escura_abogados\/","https:\/\/www.linkedin.com\/company\/bufete-escura","https:\/\/www.youtube.com\/user\/BufeteEscura\/videos"]},{"@type":"Person","@id":"https:\/\/www.escura.com\/es\/#\/schema\/person\/7a91eddf0c7dd9b28ddc69906b14e30e","name":"adminbe","image":{"@type":"ImageObject","inLanguage":"es","@id":"https:\/\/secure.gravatar.com\/avatar\/137bae7398ac3afb739b2fcea4266e889703e4bdaa4297b1c3b2d12cdf8f67a3?s=96&d=mm&r=g","url":"https:\/\/secure.gravatar.com\/avatar\/137bae7398ac3afb739b2fcea4266e889703e4bdaa4297b1c3b2d12cdf8f67a3?s=96&d=mm&r=g","contentUrl":"https:\/\/secure.gravatar.com\/avatar\/137bae7398ac3afb739b2fcea4266e889703e4bdaa4297b1c3b2d12cdf8f67a3?s=96&d=mm&r=g","caption":"adminbe"}}]}},"_links":{"self":[{"href":"https:\/\/www.escura.com\/es\/wp-json\/wp\/v2\/posts\/118926","targetHints":{"allow":["GET"]}}],"collection":[{"href":"https:\/\/www.escura.com\/es\/wp-json\/wp\/v2\/posts"}],"about":[{"href":"https:\/\/www.escura.com\/es\/wp-json\/wp\/v2\/types\/post"}],"author":[{"embeddable":true,"href":"https:\/\/www.escura.com\/es\/wp-json\/wp\/v2\/users\/1"}],"replies":[{"embeddable":true,"href":"https:\/\/www.escura.com\/es\/wp-json\/wp\/v2\/comments?post=118926"}],"version-history":[{"count":2,"href":"https:\/\/www.escura.com\/es\/wp-json\/wp\/v2\/posts\/118926\/revisions"}],"predecessor-version":[{"id":118938,"href":"https:\/\/www.escura.com\/es\/wp-json\/wp\/v2\/posts\/118926\/revisions\/118938"}],"wp:featuredmedia":[{"embeddable":true,"href":"https:\/\/www.escura.com\/es\/wp-json\/wp\/v2\/media\/118928"}],"wp:attachment":[{"href":"https:\/\/www.escura.com\/es\/wp-json\/wp\/v2\/media?parent=118926"}],"wp:term":[{"taxonomy":"category","embeddable":true,"href":"https:\/\/www.escura.com\/es\/wp-json\/wp\/v2\/categories?post=118926"},{"taxonomy":"post_tag","embeddable":true,"href":"https:\/\/www.escura.com\/es\/wp-json\/wp\/v2\/tags?post=118926"}],"curies":[{"name":"wp","href":"https:\/\/api.w.org\/{rel}","templated":true}]}}