{"id":113710,"date":"2025-11-21T09:31:16","date_gmt":"2025-11-21T08:31:16","guid":{"rendered":"https:\/\/www.escura.com\/?p=113710"},"modified":"2025-11-21T09:31:16","modified_gmt":"2025-11-21T08:31:16","slug":"el-nuevo-registro-horario-claves-obligaciones-y-retos-para-las-empresas","status":"publish","type":"post","link":"https:\/\/www.escura.com\/es\/el-nuevo-registro-horario-claves-obligaciones-y-retos-para-las-empresas\/","title":{"rendered":"El nuevo Registro Horario: Claves, Obligaciones y Retos para las Empresas"},"content":{"rendered":"<p><div class=\"fusion-fullwidth fullwidth-box fusion-builder-row-1 fusion-flex-container nonhundred-percent-fullwidth non-hundred-percent-height-scrolling\" style=\"--awb-border-radius-top-left:0px;--awb-border-radius-top-right:0px;--awb-border-radius-bottom-right:0px;--awb-border-radius-bottom-left:0px;--awb-flex-wrap:wrap;\" ><div class=\"fusion-builder-row fusion-row fusion-flex-align-items-flex-start fusion-flex-content-wrap\" style=\"max-width:104%;margin-left: calc(-4% \/ 2 );margin-right: calc(-4% \/ 2 );\"><div class=\"fusion-layout-column fusion_builder_column fusion-builder-column-0 fusion_builder_column_3_4 3_4 fusion-flex-column\" style=\"--awb-bg-size:cover;--awb-width-large:75%;--awb-margin-top-large:0px;--awb-spacing-right-large:2.56%;--awb-margin-bottom-large:20px;--awb-spacing-left-large:2.56%;--awb-width-medium:100%;--awb-order-medium:0;--awb-spacing-right-medium:1.92%;--awb-spacing-left-medium:1.92%;--awb-width-small:100%;--awb-order-small:0;--awb-spacing-right-small:1.92%;--awb-spacing-left-small:1.92%;\"><div class=\"fusion-column-wrapper fusion-column-has-shadow fusion-flex-justify-content-space-around fusion-content-layout-column\"><div class=\"fusion-image-element \" style=\"--awb-caption-title-font-family:var(--h2_typography-font-family);--awb-caption-title-font-weight:var(--h2_typography-font-weight);--awb-caption-title-font-style:var(--h2_typography-font-style);--awb-caption-title-size:var(--h2_typography-font-size);--awb-caption-title-transform:var(--h2_typography-text-transform);--awb-caption-title-line-height:var(--h2_typography-line-height);--awb-caption-title-letter-spacing:var(--h2_typography-letter-spacing);\"><span class=\" fusion-imageframe imageframe-none imageframe-1 hover-type-none\"><img decoding=\"async\" width=\"1920\" height=\"625\" alt=\"El c\u00f3mputo del plazo de antelaci\u00f3n incluye el d\u00eda en que se remite la convocatoria, pero no el d\u00eda en que se celebra la junta.\" title=\"banners estrechos (48)\" src=\"https:\/\/www.escura.com\/wp-content\/uploads\/2025\/11\/banners-estrechos-48.png\" class=\"img-responsive wp-image-113717\" srcset=\"https:\/\/www.escura.com\/wp-content\/uploads\/2025\/11\/banners-estrechos-48-200x65.png 200w, https:\/\/www.escura.com\/wp-content\/uploads\/2025\/11\/banners-estrechos-48-400x130.png 400w, https:\/\/www.escura.com\/wp-content\/uploads\/2025\/11\/banners-estrechos-48-600x195.png 600w, https:\/\/www.escura.com\/wp-content\/uploads\/2025\/11\/banners-estrechos-48-800x260.png 800w, https:\/\/www.escura.com\/wp-content\/uploads\/2025\/11\/banners-estrechos-48-1200x391.png 1200w, https:\/\/www.escura.com\/wp-content\/uploads\/2025\/11\/banners-estrechos-48.png 1920w\" sizes=\"(max-width: 1024px) 100vw, (max-width: 850px) 100vw, 1920px\" \/><\/span><\/div><div class=\"fusion-separator fusion-full-width-sep\" style=\"align-self: center;margin-left: auto;margin-right: auto;margin-top:30px;width:100%;\"><\/div><div class=\"fusion-text fusion-text-1\"><p class=\"fusion-responsive-typography-calculated\" style=\"text-align: right;\" data-fontsize=\"34\" data-lineheight=\"47.94px\"><a href=\"https:\/\/www.escura.com\/wp-content\/uploads\/2025\/11\/119-El-nuevo-Registro-Horario-Claves-Obligaciones-y-Retos-para-las-Empresas.pdf\">Consultar pdf<\/a><\/p>\n<\/div><div class=\"fusion-separator fusion-full-width-sep\" style=\"align-self: center;margin-left: auto;margin-right: auto;margin-top:30px;width:100%;\"><\/div><div class=\"fusion-text fusion-text-2\"><h1><strong>El nuevo Registro Horario: Claves, Obligaciones y Retos para las Empresas<\/strong><\/h1>\n<p>El Ministerio de Trabajo y Econom\u00eda Social ha aprobado recientemente un Real Decreto, pendiente de publicaci\u00f3n, que desarrolla y actualiza la regulaci\u00f3n del registro de jornada laboral en las empresas, en l\u00ednea con los art\u00edculos 12.4.c), 34.9 y 35.5 del Estatuto de los Trabajadores. Esta nueva normativa, seg\u00fan el Ministerio responde a la necesidad de garantizar el cumplimiento de la duraci\u00f3n m\u00e1xima de la jornada, asegurar los periodos de descanso y reforzar la protecci\u00f3n de los derechos laborales, promoviendo un entorno laboral seguro, equilibrado y conforme a la ley.<\/p>\n<p>La principal novedad es la obligatoriedad que todas las empresas lleven un registro digital de la jornada laboral, utilizando sistemas que sean objetivos, fiables y accesibles. Esto implica que los m\u00e9todos manuales, como el papel o las hojas de c\u00e1lculo, quedan obsoletos, y se da a soluciones electr\u00f3nicas o digitales que permitan un control m\u00e1s preciso y seguro de los horarios.<\/p>\n<p>Los aspectos m\u00e1s relevantes de la nueva regulaci\u00f3n son:<\/p>\n<ul>\n<li>El registro tiene que ser 100% digital, eliminando el uso de papel o Excel.<\/li>\n<li>Tiene que recoger la identificaci\u00f3n del trabajador, tipo de jornada, horarios de inicio y fin, pausas, horas ordinarias, extraordinarias y complementarias, y la totalizaci\u00f3n diaria y mensual.<\/li>\n<li>Cualquier modificaci\u00f3n del registro tiene que contar con la autorizaci\u00f3n del trabajador y de la empresa, y quedar registrada con trazabilidad.<\/li>\n<li>Los registros tienen que conservarse durante al menos cuatro a\u00f1os.<\/li>\n<li>Los trabajadores pueden consultar y obtener copia de sus registros en cualquier momento. La Inspecci\u00f3n de Trabajo tendr\u00e1 acceso remoto y en tiempo real a los registros.<\/li>\n<li>Se ampl\u00eda la obligaci\u00f3n a subcontratos y teletrabajo, permitiendo fichajes remotos y verificaci\u00f3n de identidad.<\/li>\n<li>Se regula la desconexi\u00f3n digital.<\/li>\n<\/ul>\n<p>La entrada en vigor requiere de una <strong>nueva cultura<\/strong> en la gesti\u00f3n de los registros horarios en las empresas, su control y cumplimiento escrupuloso de los procesos de registro. Los excesos de jornada, incluso los no voluntarios, motivados o a causa de la no escrupulosidad en su control, pueden tener serias consecuencias econ\u00f3micas.<\/p>\n<p>La digitalizaci\u00f3n del registro horario implica un tratamiento constante de datos personales y laborales de los empleados. Por eso, la normativa exige a las empresas ser especialmente rigurosas en materia de privacidad y seguridad, cumpliendo con los principios del Reglamento General de Protecci\u00f3n de Datos (RGPD): transparencia, minimizaci\u00f3n de datos, exactitud y limitaci\u00f3n del uso.<\/p>\n<p>El uso de <strong>tecnolog\u00edas biom\u00e9tricas<\/strong> (como reconocimiento facial o huella dactilar) para el registro horario es especialmente delicado. La Agencia Espa\u00f1ola de Protecci\u00f3n de Datos (AEPD) desaconseja su uso excepto en casos muy justificados, exigiendo una evaluaci\u00f3n de impacto previa y una justificaci\u00f3n t\u00e9cnica y legal s\u00f3lida.<\/p>\n<p>Los sistemas digitales tienen que proteger los datos frente a accesos no autorizados, p\u00e9rdidas o fugas, utilizando canales encriptados y controles de acceso internos. Solo las personas autorizadas podr\u00e1n consultar o modificar los registros, y todas las acciones tienen que quedar registradas.<\/p>\n<p>Las empresas tienen que <strong>elaborar un protocolo interno que regule el procedimiento de registro<\/strong>, las modificaciones y la evaluaci\u00f3n peri\u00f3dica del sistema, garantizando la participaci\u00f3n de la representaci\u00f3n legal de los trabajadores y proporcionando formaci\u00f3n adecuada sobre el manejo del sistema. En casos de subcontrataci\u00f3n o trabajo temporal, la empresa principal o usuaria es responsable de garantizar el registro de jornada.<\/p>\n<p>El Real Decreto entrar\u00e1 en vigor a los veinte d\u00edas de su publicaci\u00f3n en el Bolet\u00edn Oficial del Estado y se espera que sea para principios del 2026.<\/p>\n<p>\u00a9 La presente informaci\u00f3n es propiedad de\u00a0<a href=\"https:\/\/www.escura.com\/es\/\"><strong>Escura<\/strong>,\u00a0<strong>abogados<\/strong>\u00a0y\u00a0<strong>economistas<\/strong><\/a>, quedando prohibida su reproducci\u00f3n sin permiso expreso.<\/p>\n<\/div><div class=\"fusion-separator fusion-full-width-sep\" style=\"align-self: center;margin-left: auto;margin-right: auto;margin-top:20px;width:100%;\"><\/div><\/div><\/div><div class=\"fusion-layout-column fusion_builder_column fusion-builder-column-1 fusion_builder_column_1_4 1_4 fusion-flex-column\" style=\"--awb-bg-size:cover;--awb-width-large:25%;--awb-margin-top-large:0px;--awb-spacing-right-large:7.68%;--awb-margin-bottom-large:20px;--awb-spacing-left-large:7.68%;--awb-width-medium:100%;--awb-order-medium:0;--awb-spacing-right-medium:1.92%;--awb-spacing-left-medium:1.92%;--awb-width-small:100%;--awb-order-small:0;--awb-spacing-right-small:1.92%;--awb-spacing-left-small:1.92%;\"><div class=\"fusion-column-wrapper fusion-column-has-shadow fusion-flex-justify-content-flex-start fusion-content-layout-column\"><div class=\"fusion-text fusion-text-3\"><h3><strong><span style=\"color: #000080;\">Suscr\u00edbete a la Newsletter<\/span><\/strong><\/h3>\n<\/div>\n<div class=\"wpcf7 no-js\" id=\"wpcf7-f12629-o1\" lang=\"es-ES\" dir=\"ltr\" data-wpcf7-id=\"12629\">\n<div class=\"screen-reader-response\"><p role=\"status\" aria-live=\"polite\" aria-atomic=\"true\"><\/p> <ul><\/ul><\/div>\n<form action=\"\/es\/wp-json\/wp\/v2\/posts\/113710#wpcf7-f12629-o1\" method=\"post\" class=\"wpcf7-form init\" aria-label=\"Formulario de contacto\" novalidate=\"novalidate\" data-status=\"init\">\n<fieldset class=\"hidden-fields-container\"><input type=\"hidden\" name=\"_wpcf7\" value=\"12629\" \/><input type=\"hidden\" name=\"_wpcf7_version\" value=\"6.1.5\" \/><input type=\"hidden\" name=\"_wpcf7_locale\" value=\"es_ES\" \/><input type=\"hidden\" name=\"_wpcf7_unit_tag\" value=\"wpcf7-f12629-o1\" \/><input type=\"hidden\" name=\"_wpcf7_container_post\" value=\"0\" \/><input type=\"hidden\" name=\"_wpcf7_posted_data_hash\" value=\"\" \/><input type=\"hidden\" name=\"_wpcf7_recaptcha_response\" value=\"\" \/>\n<\/fieldset>\n<p><label> <span class=\"wpcf7-form-control-wrap\" data-name=\"your-name\"><input size=\"40\" maxlength=\"400\" class=\"wpcf7-form-control wpcf7-text wpcf7-validates-as-required\" aria-required=\"true\" aria-invalid=\"false\" placeholder=\"Nombre \/ Empresa\" value=\"\" type=\"text\" name=\"your-name\" \/><\/span> <\/label>\n<\/p>\n<p><label> <span class=\"wpcf7-form-control-wrap\" data-name=\"your-email\"><input size=\"40\" maxlength=\"400\" class=\"wpcf7-form-control wpcf7-email wpcf7-validates-as-required wpcf7-text wpcf7-validates-as-email\" aria-required=\"true\" aria-invalid=\"false\" placeholder=\"Mail\" value=\"\" type=\"email\" name=\"your-email\" \/><\/span> <\/label>\n<\/p>\n<p class=\"txt_legal\"><span class=\"wpcf7-form-control-wrap\" data-name=\"acceptance-287\"><span class=\"wpcf7-form-control wpcf7-acceptance\"><span class=\"wpcf7-list-item\"><input type=\"checkbox\" name=\"acceptance-287\" value=\"1\" class=\"acept_form\" aria-invalid=\"false\" \/><\/span><\/span><\/span>He le\u00eddo y acepto la <a href=\"https:\/\/www.escura.com\/es\/politica-de-privacidad\/\" target=\"_blank\" style=\"color:#003a7a;\">Pol\u00edtica de Privacidad<\/a>\n<\/p>\n<p class=\"txt_legal\"><span class=\"wpcf7-form-control-wrap\" data-name=\"acceptance-937\"><span class=\"wpcf7-form-control wpcf7-acceptance\"><span class=\"wpcf7-list-item\"><input type=\"checkbox\" name=\"acceptance-937\" value=\"1\" class=\"acept_form\" aria-invalid=\"false\" \/><\/span><\/span><\/span> Acepto recibir las newsletters de Escura\n<\/p>\n<p><input class=\"wpcf7-form-control wpcf7-submit has-spinner\" type=\"submit\" value=\"Enviar\" \/>\n<\/p><div class=\"fusion-alert alert custom alert-custom fusion-alert-center wpcf7-response-output awb-alert-native-link-color alert-dismissable awb-alert-close-boxed\" style=\"--awb-border-top-left-radius:0px;--awb-border-top-right-radius:0px;--awb-border-bottom-left-radius:0px;--awb-border-bottom-right-radius:0px;\" role=\"alert\"><div class=\"fusion-alert-content-wrapper\"><span class=\"fusion-alert-content\"><\/span><\/div><button type=\"button\" class=\"close toggle-alert\" data-dismiss=\"alert\" aria-label=\"Close\">&times;<\/button><\/div>\n<\/form>\n<\/div>\n<div class=\"fusion-separator fusion-full-width-sep\" style=\"align-self: center;margin-left: auto;margin-right: auto;margin-top:30px;width:100%;\"><\/div><div class=\"fusion-text fusion-text-4\"><h3><span style=\"color: #000080;\">Nuestras \u00c1reas<\/span><\/h3>\n<\/div><ul style=\"--awb-iconcolor:var(--awb-color6);--awb-line-height:27.2px;--awb-icon-width:27.2px;--awb-icon-height:27.2px;--awb-icon-margin:11.2px;--awb-content-margin:38.4px;\" class=\"fusion-checklist fusion-checklist-1 fusion-checklist-default type-icons\"><li class=\"fusion-li-item\" style=\"\"><span class=\"icon-wrapper circle-no\"><i class=\"fusion-li-icon awb-icon-check\" aria-hidden=\"true\"><\/i><\/span><div class=\"fusion-li-item-content\">\n<div class=\"fusion-text fusion-text-1\">\n<p data-fontsize=\"26\" data-lineheight=\"31.46px\"><a href=\"https:\/\/www.escura.com\/es\/compliance-penal\/\">Compliance Penal<\/a><\/p>\n<\/div>\n<div class=\"fusion-text fusion-text-2\"><\/div>\n<\/div><\/li><li class=\"fusion-li-item\" style=\"\"><span class=\"icon-wrapper circle-no\"><i class=\"fusion-li-icon awb-icon-check\" aria-hidden=\"true\"><\/i><\/span><div class=\"fusion-li-item-content\">\n<p><a href=\"https:\/\/www.escura.com\/es\/derecho-societario-mercantil\/\">Derecho Societario y Mercantil<\/a><\/p>\n<\/div><\/li><li class=\"fusion-li-item\" style=\"\"><span class=\"icon-wrapper circle-no\"><i class=\"fusion-li-icon awb-icon-check\" aria-hidden=\"true\"><\/i><\/span><div class=\"fusion-li-item-content\">\n<p><a href=\"https:\/\/www.escura.com\/es\/economico-fiscal\/\">Econ\u00f3mico Fiscal<\/a><\/p>\n<\/div><\/li><li class=\"fusion-li-item\" style=\"\"><span class=\"icon-wrapper circle-no\"><i class=\"fusion-li-icon awb-icon-check\" aria-hidden=\"true\"><\/i><\/span><div class=\"fusion-li-item-content\">\n<p><a href=\"https:\/\/www.escura.com\/es\/plan-de-igualdad\/\">Plan de Igualdad<\/a><\/p>\n<\/div><\/li><li class=\"fusion-li-item\" style=\"\"><span class=\"icon-wrapper circle-no\"><i class=\"fusion-li-icon awb-icon-check\" aria-hidden=\"true\"><\/i><\/span><div class=\"fusion-li-item-content\">\n<p><a href=\"https:\/\/www.escura.com\/es\/proteccion-de-datos\/\">Protecci\u00f3n de Datos<\/a><\/p>\n<\/div><\/li><li class=\"fusion-li-item\" style=\"\"><span class=\"icon-wrapper circle-no\"><i class=\"fusion-li-icon awb-icon-check\" aria-hidden=\"true\"><\/i><\/span><div class=\"fusion-li-item-content\">\n<p><a href=\"https:\/\/www.escura.com\/es\/recursos-humanos\/\">Recursos Humanos<\/a><\/p>\n<\/div><\/li><\/ul><div class=\"fusion-separator fusion-full-width-sep\" style=\"align-self: center;margin-left: auto;margin-right: auto;margin-top:30px;width:100%;\"><\/div><div class=\"fusion-text fusion-text-5\"><h3><span style=\"color: #000080;\">Nuestras Oficinas<\/span><\/h3>\n<\/div><div class=\"fusion-text fusion-text-6\"><h4><a href=\"https:\/\/www.escura.com\/es\/abogados-barcelona\/\">\u2192 Abogados Barcelona\u00a0<\/a><\/h4>\n<h4><a href=\"https:\/\/www.escura.com\/es\/abogados-madrid\/\">\u2192 Abogados Madrid<\/a><\/h4>\n<h4><a href=\"https:\/\/www.escura.com\/es\/oficinas-calafell-vendrell\/\">\u2192 Abogados Tarragona<\/a><\/h4>\n<\/div><div class=\"fusion-separator fusion-full-width-sep\" style=\"align-self: center;margin-left: auto;margin-right: auto;margin-top:30px;width:100%;\"><\/div><div class=\"fusion-social-links fusion-social-links-1\" style=\"--awb-margin-top:0px;--awb-margin-right:0px;--awb-margin-bottom:0px;--awb-margin-left:0px;--awb-box-border-top:0px;--awb-box-border-right:0px;--awb-box-border-bottom:0px;--awb-box-border-left:0px;--awb-icon-colors-hover:rgba(0,0,0,0.8);--awb-box-colors-hover:rgba(21,59,122,0.8);--awb-box-border-color:var(--awb-color3);--awb-box-border-color-hover:var(--awb-color4);\"><div class=\"fusion-social-networks boxed-icons color-type-custom\"><div class=\"fusion-social-networks-wrapper\"><a class=\"fusion-social-network-icon fusion-tooltip fusion-linkedin awb-icon-linkedin\" style=\"color:#ffffff;font-size:14px;width:14px;background-color:#153b7a;border-color:#153b7a;border-radius:3px;\" data-placement=\"top\" data-title=\"LinkedIn\" data-toggle=\"tooltip\" title=\"LinkedIn\" aria-label=\"linkedin\" target=\"_blank\" rel=\"noopener noreferrer\" href=\"https:\/\/www.linkedin.com\/feed\/\"><\/a><a class=\"fusion-social-network-icon fusion-tooltip fusion-instagram awb-icon-instagram\" style=\"color:#ffffff;font-size:14px;width:14px;background-color:#153b7a;border-color:#153b7a;border-radius:3px;\" data-placement=\"top\" data-title=\"Instagram\" data-toggle=\"tooltip\" title=\"Instagram\" aria-label=\"instagram\" target=\"_blank\" rel=\"noopener noreferrer\" href=\"https:\/\/www.instagram.com\/escura_abogados\/\"><\/a><a class=\"fusion-social-network-icon fusion-tooltip fusion-facebook awb-icon-facebook\" style=\"color:#ffffff;font-size:14px;width:14px;background-color:#153b7a;border-color:#153b7a;border-radius:3px;\" data-placement=\"top\" data-title=\"Facebook\" data-toggle=\"tooltip\" title=\"Facebook\" aria-label=\"facebook\" target=\"_blank\" rel=\"noopener noreferrer\" href=\"https:\/\/www.facebook.com\/escura.abogados\/\"><\/a><a class=\"fusion-social-network-icon fusion-tooltip fusion-twitter awb-icon-twitter\" style=\"color:#ffffff;font-size:14px;width:14px;background-color:#153b7a;border-color:#153b7a;border-radius:3px;\" data-placement=\"top\" data-title=\"X\" data-toggle=\"tooltip\" title=\"X\" aria-label=\"twitter\" target=\"_blank\" rel=\"noopener noreferrer\" href=\"#\"><\/a><\/div><\/div><\/div><div class=\"fusion-separator fusion-full-width-sep\" style=\"align-self: center;margin-left: auto;margin-right: auto;margin-top:30px;width:100%;\"><\/div><\/div><\/div><\/div><\/div><div class=\"fusion-fullwidth fullwidth-box fusion-builder-row-2 fusion-flex-container has-pattern-background has-mask-background nonhundred-percent-fullwidth non-hundred-percent-height-scrolling\" style=\"--awb-border-radius-top-left:0px;--awb-border-radius-top-right:0px;--awb-border-radius-bottom-right:0px;--awb-border-radius-bottom-left:0px;--awb-background-color:#e5e5e5;--awb-flex-wrap:wrap;\" ><div class=\"fusion-builder-row fusion-row fusion-flex-align-items-flex-start fusion-flex-content-wrap\" style=\"max-width:104%;margin-left: calc(-4% \/ 2 );margin-right: calc(-4% \/ 2 );\"><div class=\"fusion-layout-column fusion_builder_column fusion-builder-column-2 fusion_builder_column_1_1 1_1 fusion-flex-column\" style=\"--awb-bg-size:cover;--awb-width-large:100%;--awb-margin-top-large:0px;--awb-spacing-right-large:1.92%;--awb-margin-bottom-large:20px;--awb-spacing-left-large:1.92%;--awb-width-medium:100%;--awb-order-medium:0;--awb-spacing-right-medium:1.92%;--awb-spacing-left-medium:1.92%;--awb-width-small:100%;--awb-order-small:0;--awb-spacing-right-small:1.92%;--awb-spacing-left-small:1.92%;\"><div class=\"fusion-column-wrapper fusion-column-has-shadow fusion-flex-justify-content-flex-start fusion-content-layout-column\"><div class=\"fusion-separator fusion-full-width-sep\" style=\"align-self: center;margin-left: auto;margin-right: auto;width:100%;\"><\/div><div class=\"fusion-text fusion-text-7\"><h3><a href=\"https:\/\/www.escura.com\/es\/gestion-recursos-humanos-2\/\"><span style=\"color: #000000;\">Consulta el \u00e1rea<\/span> Laboral<\/a><\/h3>\n<\/div><div class=\"fusion-separator fusion-full-width-sep\" style=\"align-self: center;margin-left: auto;margin-right: auto;width:100%;\"><\/div><\/div><\/div><\/div><\/div><\/p>\n","protected":false},"excerpt":{"rendered":"","protected":false},"author":1,"featured_media":113712,"comment_status":"open","ping_status":"open","sticky":false,"template":"","format":"standard","meta":{"footnotes":""},"categories":[27],"tags":[],"class_list":["post-113710","post","type-post","status-publish","format-standard","has-post-thumbnail","hentry","category-recursos-humanos"],"yoast_head":"<!-- This site is optimized with the Yoast SEO Premium plugin v26.6 (Yoast SEO v27.4) - https:\/\/yoast.com\/product\/yoast-seo-premium-wordpress\/ -->\n<title>El nuevo Registro Horario: Claves, Obligaciones y Retos para las Empresas<\/title>\n<meta name=\"description\" content=\"El nuevo Registro Horario: Claves, Obligaciones y Retos para las Empresas\" \/>\n<meta name=\"robots\" content=\"index, follow, max-snippet:-1, max-image-preview:large, max-video-preview:-1\" \/>\n<link rel=\"canonical\" href=\"https:\/\/www.escura.com\/es\/el-nuevo-registro-horario-claves-obligaciones-y-retos-para-las-empresas\/\" \/>\n<meta property=\"og:locale\" content=\"es_ES\" \/>\n<meta property=\"og:type\" content=\"article\" \/>\n<meta property=\"og:title\" content=\"El nuevo Registro Horario: Claves, Obligaciones y Retos para las Empresas\" \/>\n<meta property=\"og:description\" content=\"El nuevo Registro Horario: Claves, Obligaciones y Retos para las Empresas\" \/>\n<meta property=\"og:url\" content=\"https:\/\/www.escura.com\/es\/el-nuevo-registro-horario-claves-obligaciones-y-retos-para-las-empresas\/\" \/>\n<meta property=\"og:site_name\" content=\"Escura | Abogados y Economistas\" \/>\n<meta property=\"article:publisher\" content=\"https:\/\/www.facebook.com\/escura.abogados\" \/>\n<meta property=\"article:published_time\" content=\"2025-11-21T08:31:16+00:00\" \/>\n<meta property=\"og:image\" content=\"https:\/\/www.escura.com\/wp-content\/uploads\/2025\/11\/Fotos-interior-circulares-81-1024x684.png\" \/>\n\t<meta property=\"og:image:width\" content=\"1024\" \/>\n\t<meta property=\"og:image:height\" content=\"684\" \/>\n\t<meta property=\"og:image:type\" content=\"image\/png\" \/>\n<meta name=\"author\" content=\"adminbe\" \/>\n<meta name=\"twitter:card\" content=\"summary_large_image\" \/>\n<meta name=\"twitter:creator\" content=\"@escura_abogados\" \/>\n<meta name=\"twitter:site\" content=\"@escura_abogados\" \/>\n<meta name=\"twitter:label1\" content=\"Escrito por\" \/>\n\t<meta name=\"twitter:data1\" content=\"adminbe\" \/>\n\t<meta name=\"twitter:label2\" content=\"Tiempo de lectura\" \/>\n\t<meta name=\"twitter:data2\" content=\"4 minutos\" \/>\n<script type=\"application\/ld+json\" class=\"yoast-schema-graph\">{\"@context\":\"https:\\\/\\\/schema.org\",\"@graph\":[{\"@type\":\"Article\",\"@id\":\"https:\\\/\\\/www.escura.com\\\/es\\\/el-nuevo-registro-horario-claves-obligaciones-y-retos-para-las-empresas\\\/#article\",\"isPartOf\":{\"@id\":\"https:\\\/\\\/www.escura.com\\\/es\\\/el-nuevo-registro-horario-claves-obligaciones-y-retos-para-las-empresas\\\/\"},\"author\":{\"name\":\"adminbe\",\"@id\":\"https:\\\/\\\/www.escura.com\\\/es\\\/#\\\/schema\\\/person\\\/7a91eddf0c7dd9b28ddc69906b14e30e\"},\"headline\":\"El nuevo Registro Horario: Claves, Obligaciones y Retos para las Empresas\",\"datePublished\":\"2025-11-21T08:31:16+00:00\",\"mainEntityOfPage\":{\"@id\":\"https:\\\/\\\/www.escura.com\\\/es\\\/el-nuevo-registro-horario-claves-obligaciones-y-retos-para-las-empresas\\\/\"},\"wordCount\":2605,\"commentCount\":0,\"publisher\":{\"@id\":\"https:\\\/\\\/www.escura.com\\\/es\\\/#organization\"},\"image\":{\"@id\":\"https:\\\/\\\/www.escura.com\\\/es\\\/el-nuevo-registro-horario-claves-obligaciones-y-retos-para-las-empresas\\\/#primaryimage\"},\"thumbnailUrl\":\"https:\\\/\\\/www.escura.com\\\/wp-content\\\/uploads\\\/2025\\\/11\\\/Fotos-interior-circulares-81.png\",\"articleSection\":[\"Recursos Humanos\"],\"inLanguage\":\"es\",\"potentialAction\":[{\"@type\":\"CommentAction\",\"name\":\"Comment\",\"target\":[\"https:\\\/\\\/www.escura.com\\\/es\\\/el-nuevo-registro-horario-claves-obligaciones-y-retos-para-las-empresas\\\/#respond\"]}]},{\"@type\":\"WebPage\",\"@id\":\"https:\\\/\\\/www.escura.com\\\/es\\\/el-nuevo-registro-horario-claves-obligaciones-y-retos-para-las-empresas\\\/\",\"url\":\"https:\\\/\\\/www.escura.com\\\/es\\\/el-nuevo-registro-horario-claves-obligaciones-y-retos-para-las-empresas\\\/\",\"name\":\"El nuevo Registro Horario: Claves, Obligaciones y Retos para las Empresas\",\"isPartOf\":{\"@id\":\"https:\\\/\\\/www.escura.com\\\/es\\\/#website\"},\"primaryImageOfPage\":{\"@id\":\"https:\\\/\\\/www.escura.com\\\/es\\\/el-nuevo-registro-horario-claves-obligaciones-y-retos-para-las-empresas\\\/#primaryimage\"},\"image\":{\"@id\":\"https:\\\/\\\/www.escura.com\\\/es\\\/el-nuevo-registro-horario-claves-obligaciones-y-retos-para-las-empresas\\\/#primaryimage\"},\"thumbnailUrl\":\"https:\\\/\\\/www.escura.com\\\/wp-content\\\/uploads\\\/2025\\\/11\\\/Fotos-interior-circulares-81.png\",\"datePublished\":\"2025-11-21T08:31:16+00:00\",\"description\":\"El nuevo Registro Horario: Claves, Obligaciones y Retos para las Empresas\",\"breadcrumb\":{\"@id\":\"https:\\\/\\\/www.escura.com\\\/es\\\/el-nuevo-registro-horario-claves-obligaciones-y-retos-para-las-empresas\\\/#breadcrumb\"},\"inLanguage\":\"es\",\"potentialAction\":[{\"@type\":\"ReadAction\",\"target\":[\"https:\\\/\\\/www.escura.com\\\/es\\\/el-nuevo-registro-horario-claves-obligaciones-y-retos-para-las-empresas\\\/\"]}]},{\"@type\":\"ImageObject\",\"inLanguage\":\"es\",\"@id\":\"https:\\\/\\\/www.escura.com\\\/es\\\/el-nuevo-registro-horario-claves-obligaciones-y-retos-para-las-empresas\\\/#primaryimage\",\"url\":\"https:\\\/\\\/www.escura.com\\\/wp-content\\\/uploads\\\/2025\\\/11\\\/Fotos-interior-circulares-81.png\",\"contentUrl\":\"https:\\\/\\\/www.escura.com\\\/wp-content\\\/uploads\\\/2025\\\/11\\\/Fotos-interior-circulares-81.png\",\"width\":2560,\"height\":1709},{\"@type\":\"BreadcrumbList\",\"@id\":\"https:\\\/\\\/www.escura.com\\\/es\\\/el-nuevo-registro-horario-claves-obligaciones-y-retos-para-las-empresas\\\/#breadcrumb\",\"itemListElement\":[{\"@type\":\"ListItem\",\"position\":1,\"name\":\"Portada\",\"item\":\"https:\\\/\\\/www.escura.com\\\/es\\\/\"},{\"@type\":\"ListItem\",\"position\":2,\"name\":\"El nuevo Registro Horario: Claves, Obligaciones y Retos para las Empresas\"}]},{\"@type\":\"WebSite\",\"@id\":\"https:\\\/\\\/www.escura.com\\\/es\\\/#website\",\"url\":\"https:\\\/\\\/www.escura.com\\\/es\\\/\",\"name\":\"Escura | Abogados y Economistas\",\"description\":\"Escura es uno de los despachos de abogados de mayor prestigio en Barcelona, Madrid y Tarragona\",\"publisher\":{\"@id\":\"https:\\\/\\\/www.escura.com\\\/es\\\/#organization\"},\"potentialAction\":[{\"@type\":\"SearchAction\",\"target\":{\"@type\":\"EntryPoint\",\"urlTemplate\":\"https:\\\/\\\/www.escura.com\\\/es\\\/?s={search_term_string}\"},\"query-input\":{\"@type\":\"PropertyValueSpecification\",\"valueRequired\":true,\"valueName\":\"search_term_string\"}}],\"inLanguage\":\"es\"},{\"@type\":\"Organization\",\"@id\":\"https:\\\/\\\/www.escura.com\\\/es\\\/#organization\",\"name\":\"Escura. Abogados y economistas\",\"url\":\"https:\\\/\\\/www.escura.com\\\/es\\\/\",\"logo\":{\"@type\":\"ImageObject\",\"inLanguage\":\"es\",\"@id\":\"https:\\\/\\\/www.escura.com\\\/es\\\/#\\\/schema\\\/logo\\\/image\\\/\",\"url\":\"\",\"contentUrl\":\"\",\"caption\":\"Escura. Abogados y economistas\"},\"image\":{\"@id\":\"https:\\\/\\\/www.escura.com\\\/es\\\/#\\\/schema\\\/logo\\\/image\\\/\"},\"sameAs\":[\"https:\\\/\\\/www.facebook.com\\\/escura.abogados\",\"https:\\\/\\\/x.com\\\/escura_abogados\",\"https:\\\/\\\/www.instagram.com\\\/escura_abogados\\\/\",\"https:\\\/\\\/www.linkedin.com\\\/company\\\/bufete-escura\",\"https:\\\/\\\/www.youtube.com\\\/user\\\/BufeteEscura\\\/videos\"]},{\"@type\":\"Person\",\"@id\":\"https:\\\/\\\/www.escura.com\\\/es\\\/#\\\/schema\\\/person\\\/7a91eddf0c7dd9b28ddc69906b14e30e\",\"name\":\"adminbe\",\"image\":{\"@type\":\"ImageObject\",\"inLanguage\":\"es\",\"@id\":\"https:\\\/\\\/secure.gravatar.com\\\/avatar\\\/137bae7398ac3afb739b2fcea4266e889703e4bdaa4297b1c3b2d12cdf8f67a3?s=96&d=mm&r=g\",\"url\":\"https:\\\/\\\/secure.gravatar.com\\\/avatar\\\/137bae7398ac3afb739b2fcea4266e889703e4bdaa4297b1c3b2d12cdf8f67a3?s=96&d=mm&r=g\",\"contentUrl\":\"https:\\\/\\\/secure.gravatar.com\\\/avatar\\\/137bae7398ac3afb739b2fcea4266e889703e4bdaa4297b1c3b2d12cdf8f67a3?s=96&d=mm&r=g\",\"caption\":\"adminbe\"}}]}<\/script>\n<!-- \/ Yoast SEO Premium plugin. -->","yoast_head_json":{"title":"El nuevo Registro Horario: Claves, Obligaciones y Retos para las Empresas","description":"El nuevo Registro Horario: Claves, Obligaciones y Retos para las Empresas","robots":{"index":"index","follow":"follow","max-snippet":"max-snippet:-1","max-image-preview":"max-image-preview:large","max-video-preview":"max-video-preview:-1"},"canonical":"https:\/\/www.escura.com\/es\/el-nuevo-registro-horario-claves-obligaciones-y-retos-para-las-empresas\/","og_locale":"es_ES","og_type":"article","og_title":"El nuevo Registro Horario: Claves, Obligaciones y Retos para las Empresas","og_description":"El nuevo Registro Horario: Claves, Obligaciones y Retos para las Empresas","og_url":"https:\/\/www.escura.com\/es\/el-nuevo-registro-horario-claves-obligaciones-y-retos-para-las-empresas\/","og_site_name":"Escura | Abogados y Economistas","article_publisher":"https:\/\/www.facebook.com\/escura.abogados","article_published_time":"2025-11-21T08:31:16+00:00","og_image":[{"width":1024,"height":684,"url":"https:\/\/www.escura.com\/wp-content\/uploads\/2025\/11\/Fotos-interior-circulares-81-1024x684.png","type":"image\/png"}],"author":"adminbe","twitter_card":"summary_large_image","twitter_creator":"@escura_abogados","twitter_site":"@escura_abogados","twitter_misc":{"Escrito por":"adminbe","Tiempo de lectura":"4 minutos"},"schema":{"@context":"https:\/\/schema.org","@graph":[{"@type":"Article","@id":"https:\/\/www.escura.com\/es\/el-nuevo-registro-horario-claves-obligaciones-y-retos-para-las-empresas\/#article","isPartOf":{"@id":"https:\/\/www.escura.com\/es\/el-nuevo-registro-horario-claves-obligaciones-y-retos-para-las-empresas\/"},"author":{"name":"adminbe","@id":"https:\/\/www.escura.com\/es\/#\/schema\/person\/7a91eddf0c7dd9b28ddc69906b14e30e"},"headline":"El nuevo Registro Horario: Claves, Obligaciones y Retos para las Empresas","datePublished":"2025-11-21T08:31:16+00:00","mainEntityOfPage":{"@id":"https:\/\/www.escura.com\/es\/el-nuevo-registro-horario-claves-obligaciones-y-retos-para-las-empresas\/"},"wordCount":2605,"commentCount":0,"publisher":{"@id":"https:\/\/www.escura.com\/es\/#organization"},"image":{"@id":"https:\/\/www.escura.com\/es\/el-nuevo-registro-horario-claves-obligaciones-y-retos-para-las-empresas\/#primaryimage"},"thumbnailUrl":"https:\/\/www.escura.com\/wp-content\/uploads\/2025\/11\/Fotos-interior-circulares-81.png","articleSection":["Recursos Humanos"],"inLanguage":"es","potentialAction":[{"@type":"CommentAction","name":"Comment","target":["https:\/\/www.escura.com\/es\/el-nuevo-registro-horario-claves-obligaciones-y-retos-para-las-empresas\/#respond"]}]},{"@type":"WebPage","@id":"https:\/\/www.escura.com\/es\/el-nuevo-registro-horario-claves-obligaciones-y-retos-para-las-empresas\/","url":"https:\/\/www.escura.com\/es\/el-nuevo-registro-horario-claves-obligaciones-y-retos-para-las-empresas\/","name":"El nuevo Registro Horario: Claves, Obligaciones y Retos para las Empresas","isPartOf":{"@id":"https:\/\/www.escura.com\/es\/#website"},"primaryImageOfPage":{"@id":"https:\/\/www.escura.com\/es\/el-nuevo-registro-horario-claves-obligaciones-y-retos-para-las-empresas\/#primaryimage"},"image":{"@id":"https:\/\/www.escura.com\/es\/el-nuevo-registro-horario-claves-obligaciones-y-retos-para-las-empresas\/#primaryimage"},"thumbnailUrl":"https:\/\/www.escura.com\/wp-content\/uploads\/2025\/11\/Fotos-interior-circulares-81.png","datePublished":"2025-11-21T08:31:16+00:00","description":"El nuevo Registro Horario: Claves, Obligaciones y Retos para las Empresas","breadcrumb":{"@id":"https:\/\/www.escura.com\/es\/el-nuevo-registro-horario-claves-obligaciones-y-retos-para-las-empresas\/#breadcrumb"},"inLanguage":"es","potentialAction":[{"@type":"ReadAction","target":["https:\/\/www.escura.com\/es\/el-nuevo-registro-horario-claves-obligaciones-y-retos-para-las-empresas\/"]}]},{"@type":"ImageObject","inLanguage":"es","@id":"https:\/\/www.escura.com\/es\/el-nuevo-registro-horario-claves-obligaciones-y-retos-para-las-empresas\/#primaryimage","url":"https:\/\/www.escura.com\/wp-content\/uploads\/2025\/11\/Fotos-interior-circulares-81.png","contentUrl":"https:\/\/www.escura.com\/wp-content\/uploads\/2025\/11\/Fotos-interior-circulares-81.png","width":2560,"height":1709},{"@type":"BreadcrumbList","@id":"https:\/\/www.escura.com\/es\/el-nuevo-registro-horario-claves-obligaciones-y-retos-para-las-empresas\/#breadcrumb","itemListElement":[{"@type":"ListItem","position":1,"name":"Portada","item":"https:\/\/www.escura.com\/es\/"},{"@type":"ListItem","position":2,"name":"El nuevo Registro Horario: Claves, Obligaciones y Retos para las Empresas"}]},{"@type":"WebSite","@id":"https:\/\/www.escura.com\/es\/#website","url":"https:\/\/www.escura.com\/es\/","name":"Escura | Abogados y Economistas","description":"Escura es uno de los despachos de abogados de mayor prestigio en Barcelona, Madrid y Tarragona","publisher":{"@id":"https:\/\/www.escura.com\/es\/#organization"},"potentialAction":[{"@type":"SearchAction","target":{"@type":"EntryPoint","urlTemplate":"https:\/\/www.escura.com\/es\/?s={search_term_string}"},"query-input":{"@type":"PropertyValueSpecification","valueRequired":true,"valueName":"search_term_string"}}],"inLanguage":"es"},{"@type":"Organization","@id":"https:\/\/www.escura.com\/es\/#organization","name":"Escura. Abogados y economistas","url":"https:\/\/www.escura.com\/es\/","logo":{"@type":"ImageObject","inLanguage":"es","@id":"https:\/\/www.escura.com\/es\/#\/schema\/logo\/image\/","url":"","contentUrl":"","caption":"Escura. Abogados y economistas"},"image":{"@id":"https:\/\/www.escura.com\/es\/#\/schema\/logo\/image\/"},"sameAs":["https:\/\/www.facebook.com\/escura.abogados","https:\/\/x.com\/escura_abogados","https:\/\/www.instagram.com\/escura_abogados\/","https:\/\/www.linkedin.com\/company\/bufete-escura","https:\/\/www.youtube.com\/user\/BufeteEscura\/videos"]},{"@type":"Person","@id":"https:\/\/www.escura.com\/es\/#\/schema\/person\/7a91eddf0c7dd9b28ddc69906b14e30e","name":"adminbe","image":{"@type":"ImageObject","inLanguage":"es","@id":"https:\/\/secure.gravatar.com\/avatar\/137bae7398ac3afb739b2fcea4266e889703e4bdaa4297b1c3b2d12cdf8f67a3?s=96&d=mm&r=g","url":"https:\/\/secure.gravatar.com\/avatar\/137bae7398ac3afb739b2fcea4266e889703e4bdaa4297b1c3b2d12cdf8f67a3?s=96&d=mm&r=g","contentUrl":"https:\/\/secure.gravatar.com\/avatar\/137bae7398ac3afb739b2fcea4266e889703e4bdaa4297b1c3b2d12cdf8f67a3?s=96&d=mm&r=g","caption":"adminbe"}}]}},"_links":{"self":[{"href":"https:\/\/www.escura.com\/es\/wp-json\/wp\/v2\/posts\/113710","targetHints":{"allow":["GET"]}}],"collection":[{"href":"https:\/\/www.escura.com\/es\/wp-json\/wp\/v2\/posts"}],"about":[{"href":"https:\/\/www.escura.com\/es\/wp-json\/wp\/v2\/types\/post"}],"author":[{"embeddable":true,"href":"https:\/\/www.escura.com\/es\/wp-json\/wp\/v2\/users\/1"}],"replies":[{"embeddable":true,"href":"https:\/\/www.escura.com\/es\/wp-json\/wp\/v2\/comments?post=113710"}],"version-history":[{"count":2,"href":"https:\/\/www.escura.com\/es\/wp-json\/wp\/v2\/posts\/113710\/revisions"}],"predecessor-version":[{"id":113722,"href":"https:\/\/www.escura.com\/es\/wp-json\/wp\/v2\/posts\/113710\/revisions\/113722"}],"wp:featuredmedia":[{"embeddable":true,"href":"https:\/\/www.escura.com\/es\/wp-json\/wp\/v2\/media\/113712"}],"wp:attachment":[{"href":"https:\/\/www.escura.com\/es\/wp-json\/wp\/v2\/media?parent=113710"}],"wp:term":[{"taxonomy":"category","embeddable":true,"href":"https:\/\/www.escura.com\/es\/wp-json\/wp\/v2\/categories?post=113710"},{"taxonomy":"post_tag","embeddable":true,"href":"https:\/\/www.escura.com\/es\/wp-json\/wp\/v2\/tags?post=113710"}],"curies":[{"name":"wp","href":"https:\/\/api.w.org\/{rel}","templated":true}]}}