{"id":10536,"date":"2017-09-29T16:44:43","date_gmt":"2017-09-29T16:44:43","guid":{"rendered":"http:\/\/www.escura.com\/?p=10536\/"},"modified":"2017-09-29T16:44:43","modified_gmt":"2017-09-29T16:44:43","slug":"ultimas-aclaraciones-aeat-sii-agosto-2017","status":"publish","type":"post","link":"https:\/\/www.escura.com\/es\/ultimas-aclaraciones-aeat-sii-agosto-2017\/","title":{"rendered":"Ultimas aclaraciones de la AEAT sobre el SII (Agosto 2017)"},"content":{"rendered":"<p>La Agencia Tributaria ha publicado las <strong>\u00faltimas aclaraciones sobre el Servicio Inmediato de Informaci\u00f3n de IVA (SII)<\/strong>, que dan respuesta a las cuestiones que se han ido planteando.<\/p>\n<p>Como continuaci\u00f3n de las diversas circulares que hemos realizado desde Escura en relaci\u00f3n con el Servicio Inmediato de informaci\u00f3n, debido a la trascendencia de este tema para muchas empresas, consideramos de inter\u00e9s facilitar el acceso a dicha informaci\u00f3n:<\/p>\n<ul>\n<li><strong>Ultimas aclaraciones de la AEAT sobre el SII agosto 2017:<\/strong><\/li>\n<\/ul>\n<p><a href=\"http:\/\/escura.com\/archivos\/pdf\/FAQs_SII_agosto2017.pdf\">http:\/\/escura.com\/archivos\/pdf\/FAQs_SII_agosto2017.pdf<\/a><\/p>\n<ul>\n<li><strong>\u00daltima novedad publicada por la AEAT sobre el SII:<\/strong><\/li>\n<\/ul>\n<p><a href=\"http:\/\/www.agenciatributaria.es\/AEAT.internet\/Inicio\/La_Agencia_Tributaria\/Campanas\/Suministro_Inmediato_de_Informacion_en_el_IVA__SII_\/INFORMACION\/Novedades\/22__09_2017_SII__Mejora_en_el_servicio_de_ayuda_de_identificacion_.shtml\">http:\/\/www.agenciatributaria.es\/AEAT.internet\/Inicio\/La_Agencia_Tributaria\/Campanas\/Suministro_Inmediato_de_Informacion_en_el_IVA__SII_\/INFORMACION\/Novedades\/22__09_2017_SII__Mejora_en_el_servicio_de_ayuda_de_identificacion_.shtml<\/a><\/p>\n<ul>\n<li><strong>\u00daltima publicaci\u00f3n de Bufete Escura sobre el SII:<\/strong><\/li>\n<\/ul>\n<p><a href=\"http:\/\/escura.com\/archivos\/pdf\/SII_mayo_2017.pdf\">http:\/\/<\/a><a href=\"http:\/\/escura.com\/archivos\/pdf\/SII_mayo_2017.pdf\">escura.com\/es\/archivos\/pdf\/SII_mayo_2017.pdf<\/a><\/p>\n<p>&nbsp;<\/p>\n<p>Tambi\u00e9n les facilitamos el link a la anterior circular sobre Preguntas frecuentes del SII (circular 71\/2017):<\/p>\n<p><a href=\"http:\/\/escura.com\/archivos\/pdf\/ultimas-aclaraciones-siipublicadas-por-agencia-tributaria-71-2017.pdf\">http:\/\/escura.com\/archivos\/pdf\/ultimas-aclaraciones-siipublicadas-por-agencia-tributaria-71-2017.pdf<\/a><\/p>\n<p>&nbsp;<\/p>\n<p>\u21d2 <a href=\"http:\/\/escura.com\/archivos\/pdf\/130_17-Ultimas-aclaraciones-AEAT-SII-agosto.pdf\" target=\"_blank\" rel=\"noopener noreferrer\">Consulte el PDF<\/a><\/p>\n","protected":false},"excerpt":{"rendered":"<p>La Agencia Tributaria ha publicado las \u00faltimas aclaraciones sobre el Servicio Inmediato de Informaci\u00f3n de IVA (SII), que dan respuesta a las cuestiones que se han ido planteando. Como continuaci\u00f3n de las diversas circulares que hemos realizado desde Escura en relaci\u00f3n con el Servicio Inmediato de informaci\u00f3n, debido a la trascendencia de este tema para muchas empresas, consideramos de inter\u00e9s facilitar el acceso a dicha informaci\u00f3n: Ultimas aclaraciones de la AEAT sobre  [&#8230;]<\/p>\n","protected":false},"author":2,"featured_media":11144,"comment_status":"open","ping_status":"open","sticky":false,"template":"","format":"standard","meta":{"footnotes":""},"categories":[28,29],"tags":[],"class_list":["post-10536","post","type-post","status-publish","format-standard","has-post-thumbnail","hentry","category-fiscal-contable","category-precios-de-transferencia"],"yoast_head":"<!-- This site is optimized with the Yoast SEO Premium plugin v26.6 (Yoast SEO v27.5) - https:\/\/yoast.com\/product\/yoast-seo-premium-wordpress\/ -->\n<title>Ultimas aclaraciones de la AEAT sobre el SII (agosto 2017)<\/title>\n<meta name=\"description\" content=\"La AEAT ha publicado las \u00faltimas aclaraciones del Servicio Inmediato de Informaci\u00f3n de IVA (SII). En Escura creemos importante facilitar dicha informaci\u00f3n.\" \/>\n<meta name=\"robots\" content=\"index, follow, max-snippet:-1, max-image-preview:large, max-video-preview:-1\" \/>\n<link rel=\"canonical\" href=\"https:\/\/www.escura.com\/es\/ultimas-aclaraciones-aeat-sii-agosto-2017\/\" \/>\n<meta property=\"og:locale\" content=\"es_ES\" \/>\n<meta property=\"og:type\" content=\"article\" \/>\n<meta property=\"og:title\" content=\"Ultimas aclaraciones de la AEAT sobre el SII (Agosto 2017)\" \/>\n<meta property=\"og:description\" content=\"La AEAT ha publicado las \u00faltimas aclaraciones del Servicio Inmediato de Informaci\u00f3n de IVA (SII). En Escura creemos importante facilitar dicha informaci\u00f3n.\" \/>\n<meta property=\"og:url\" content=\"https:\/\/www.escura.com\/es\/ultimas-aclaraciones-aeat-sii-agosto-2017\/\" \/>\n<meta property=\"og:site_name\" content=\"Escura | Abogados y Economistas\" \/>\n<meta property=\"article:publisher\" content=\"https:\/\/www.facebook.com\/escura.abogados\" \/>\n<meta property=\"article:published_time\" content=\"2017-09-29T16:44:43+00:00\" \/>\n<meta name=\"author\" content=\"escura\" \/>\n<meta name=\"twitter:card\" content=\"summary_large_image\" \/>\n<meta name=\"twitter:creator\" content=\"@escura_abogados\" \/>\n<meta name=\"twitter:site\" content=\"@escura_abogados\" \/>\n<meta name=\"twitter:label1\" content=\"Escrito por\" \/>\n\t<meta name=\"twitter:data1\" content=\"escura\" \/>\n\t<meta name=\"twitter:label2\" content=\"Tiempo de lectura\" \/>\n\t<meta name=\"twitter:data2\" content=\"1 minuto\" \/>\n<script type=\"application\/ld+json\" class=\"yoast-schema-graph\">{\"@context\":\"https:\\\/\\\/schema.org\",\"@graph\":[{\"@type\":\"Article\",\"@id\":\"https:\\\/\\\/www.escura.com\\\/es\\\/ultimas-aclaraciones-aeat-sii-agosto-2017\\\/#article\",\"isPartOf\":{\"@id\":\"https:\\\/\\\/www.escura.com\\\/es\\\/ultimas-aclaraciones-aeat-sii-agosto-2017\\\/\"},\"author\":{\"name\":\"escura\",\"@id\":\"https:\\\/\\\/35.181.91.225\\\/es\\\/#\\\/schema\\\/person\\\/4edd59e125b9654539921a4ec1da53b1\"},\"headline\":\"Ultimas aclaraciones de la AEAT sobre el SII (Agosto 2017)\",\"datePublished\":\"2017-09-29T16:44:43+00:00\",\"mainEntityOfPage\":{\"@id\":\"https:\\\/\\\/www.escura.com\\\/es\\\/ultimas-aclaraciones-aeat-sii-agosto-2017\\\/\"},\"wordCount\":186,\"commentCount\":0,\"publisher\":{\"@id\":\"https:\\\/\\\/35.181.91.225\\\/es\\\/#organization\"},\"image\":{\"@id\":\"https:\\\/\\\/www.escura.com\\\/es\\\/ultimas-aclaraciones-aeat-sii-agosto-2017\\\/#primaryimage\"},\"thumbnailUrl\":\"\",\"articleSection\":[\"Fiscal - Contable\",\"Precios de Transferencia\"],\"inLanguage\":\"es\",\"potentialAction\":[{\"@type\":\"CommentAction\",\"name\":\"Comment\",\"target\":[\"https:\\\/\\\/www.escura.com\\\/es\\\/ultimas-aclaraciones-aeat-sii-agosto-2017\\\/#respond\"]}]},{\"@type\":\"WebPage\",\"@id\":\"https:\\\/\\\/www.escura.com\\\/es\\\/ultimas-aclaraciones-aeat-sii-agosto-2017\\\/\",\"url\":\"https:\\\/\\\/www.escura.com\\\/es\\\/ultimas-aclaraciones-aeat-sii-agosto-2017\\\/\",\"name\":\"Ultimas aclaraciones de la AEAT sobre el SII (agosto 2017)\",\"isPartOf\":{\"@id\":\"https:\\\/\\\/35.181.91.225\\\/es\\\/#website\"},\"primaryImageOfPage\":{\"@id\":\"https:\\\/\\\/www.escura.com\\\/es\\\/ultimas-aclaraciones-aeat-sii-agosto-2017\\\/#primaryimage\"},\"image\":{\"@id\":\"https:\\\/\\\/www.escura.com\\\/es\\\/ultimas-aclaraciones-aeat-sii-agosto-2017\\\/#primaryimage\"},\"thumbnailUrl\":\"\",\"datePublished\":\"2017-09-29T16:44:43+00:00\",\"description\":\"La AEAT ha publicado las \u00faltimas aclaraciones del Servicio Inmediato de Informaci\u00f3n de IVA (SII). En Escura creemos importante facilitar dicha informaci\u00f3n.\",\"breadcrumb\":{\"@id\":\"https:\\\/\\\/www.escura.com\\\/es\\\/ultimas-aclaraciones-aeat-sii-agosto-2017\\\/#breadcrumb\"},\"inLanguage\":\"es\",\"potentialAction\":[{\"@type\":\"ReadAction\",\"target\":[\"https:\\\/\\\/www.escura.com\\\/es\\\/ultimas-aclaraciones-aeat-sii-agosto-2017\\\/\"]}]},{\"@type\":\"ImageObject\",\"inLanguage\":\"es\",\"@id\":\"https:\\\/\\\/www.escura.com\\\/es\\\/ultimas-aclaraciones-aeat-sii-agosto-2017\\\/#primaryimage\",\"url\":\"\",\"contentUrl\":\"\"},{\"@type\":\"BreadcrumbList\",\"@id\":\"https:\\\/\\\/www.escura.com\\\/es\\\/ultimas-aclaraciones-aeat-sii-agosto-2017\\\/#breadcrumb\",\"itemListElement\":[{\"@type\":\"ListItem\",\"position\":1,\"name\":\"Portada\",\"item\":\"https:\\\/\\\/www.35-181-91-225.plesk.page\\\/es\\\/\"},{\"@type\":\"ListItem\",\"position\":2,\"name\":\"Ultimas aclaraciones de la AEAT sobre el SII (Agosto 2017)\"}]},{\"@type\":\"WebSite\",\"@id\":\"https:\\\/\\\/35.181.91.225\\\/es\\\/#website\",\"url\":\"https:\\\/\\\/35.181.91.225\\\/es\\\/\",\"name\":\"Escura | Abogados y Economistas\",\"description\":\"Escura es uno de los despachos de abogados de mayor prestigio en Barcelona, Madrid y Tarragona\",\"publisher\":{\"@id\":\"https:\\\/\\\/35.181.91.225\\\/es\\\/#organization\"},\"potentialAction\":[{\"@type\":\"SearchAction\",\"target\":{\"@type\":\"EntryPoint\",\"urlTemplate\":\"https:\\\/\\\/35.181.91.225\\\/es\\\/?s={search_term_string}\"},\"query-input\":{\"@type\":\"PropertyValueSpecification\",\"valueRequired\":true,\"valueName\":\"search_term_string\"}}],\"inLanguage\":\"es\"},{\"@type\":\"Organization\",\"@id\":\"https:\\\/\\\/35.181.91.225\\\/es\\\/#organization\",\"name\":\"Escura. Abogados y economistas\",\"url\":\"https:\\\/\\\/35.181.91.225\\\/es\\\/\",\"logo\":{\"@type\":\"ImageObject\",\"inLanguage\":\"es\",\"@id\":\"https:\\\/\\\/35.181.91.225\\\/es\\\/#\\\/schema\\\/logo\\\/image\\\/\",\"url\":\"\",\"contentUrl\":\"\",\"caption\":\"Escura. Abogados y economistas\"},\"image\":{\"@id\":\"https:\\\/\\\/35.181.91.225\\\/es\\\/#\\\/schema\\\/logo\\\/image\\\/\"},\"sameAs\":[\"https:\\\/\\\/www.facebook.com\\\/escura.abogados\",\"https:\\\/\\\/x.com\\\/escura_abogados\",\"https:\\\/\\\/www.instagram.com\\\/escura_abogados\\\/\",\"https:\\\/\\\/www.linkedin.com\\\/company\\\/bufete-escura\",\"https:\\\/\\\/www.youtube.com\\\/user\\\/BufeteEscura\\\/videos\"]},{\"@type\":\"Person\",\"@id\":\"https:\\\/\\\/35.181.91.225\\\/es\\\/#\\\/schema\\\/person\\\/4edd59e125b9654539921a4ec1da53b1\",\"name\":\"escura\",\"image\":{\"@type\":\"ImageObject\",\"inLanguage\":\"es\",\"@id\":\"https:\\\/\\\/secure.gravatar.com\\\/avatar\\\/8a721c427419b1a5c865549a2d42be09e26988a9b2c8088a346d420663fa98dd?s=96&d=mm&r=g\",\"url\":\"https:\\\/\\\/secure.gravatar.com\\\/avatar\\\/8a721c427419b1a5c865549a2d42be09e26988a9b2c8088a346d420663fa98dd?s=96&d=mm&r=g\",\"contentUrl\":\"https:\\\/\\\/secure.gravatar.com\\\/avatar\\\/8a721c427419b1a5c865549a2d42be09e26988a9b2c8088a346d420663fa98dd?s=96&d=mm&r=g\",\"caption\":\"escura\"}}]}<\/script>\n<!-- \/ Yoast SEO Premium plugin. -->","yoast_head_json":{"title":"Ultimas aclaraciones de la AEAT sobre el SII (agosto 2017)","description":"La AEAT ha publicado las \u00faltimas aclaraciones del Servicio Inmediato de Informaci\u00f3n de IVA (SII). En Escura creemos importante facilitar dicha informaci\u00f3n.","robots":{"index":"index","follow":"follow","max-snippet":"max-snippet:-1","max-image-preview":"max-image-preview:large","max-video-preview":"max-video-preview:-1"},"canonical":"https:\/\/www.escura.com\/es\/ultimas-aclaraciones-aeat-sii-agosto-2017\/","og_locale":"es_ES","og_type":"article","og_title":"Ultimas aclaraciones de la AEAT sobre el SII (Agosto 2017)","og_description":"La AEAT ha publicado las \u00faltimas aclaraciones del Servicio Inmediato de Informaci\u00f3n de IVA (SII). En Escura creemos importante facilitar dicha informaci\u00f3n.","og_url":"https:\/\/www.escura.com\/es\/ultimas-aclaraciones-aeat-sii-agosto-2017\/","og_site_name":"Escura | Abogados y Economistas","article_publisher":"https:\/\/www.facebook.com\/escura.abogados","article_published_time":"2017-09-29T16:44:43+00:00","author":"escura","twitter_card":"summary_large_image","twitter_creator":"@escura_abogados","twitter_site":"@escura_abogados","twitter_misc":{"Escrito por":"escura","Tiempo de lectura":"1 minuto"},"schema":{"@context":"https:\/\/schema.org","@graph":[{"@type":"Article","@id":"https:\/\/www.escura.com\/es\/ultimas-aclaraciones-aeat-sii-agosto-2017\/#article","isPartOf":{"@id":"https:\/\/www.escura.com\/es\/ultimas-aclaraciones-aeat-sii-agosto-2017\/"},"author":{"name":"escura","@id":"https:\/\/35.181.91.225\/es\/#\/schema\/person\/4edd59e125b9654539921a4ec1da53b1"},"headline":"Ultimas aclaraciones de la AEAT sobre el SII (Agosto 2017)","datePublished":"2017-09-29T16:44:43+00:00","mainEntityOfPage":{"@id":"https:\/\/www.escura.com\/es\/ultimas-aclaraciones-aeat-sii-agosto-2017\/"},"wordCount":186,"commentCount":0,"publisher":{"@id":"https:\/\/35.181.91.225\/es\/#organization"},"image":{"@id":"https:\/\/www.escura.com\/es\/ultimas-aclaraciones-aeat-sii-agosto-2017\/#primaryimage"},"thumbnailUrl":"","articleSection":["Fiscal - Contable","Precios de Transferencia"],"inLanguage":"es","potentialAction":[{"@type":"CommentAction","name":"Comment","target":["https:\/\/www.escura.com\/es\/ultimas-aclaraciones-aeat-sii-agosto-2017\/#respond"]}]},{"@type":"WebPage","@id":"https:\/\/www.escura.com\/es\/ultimas-aclaraciones-aeat-sii-agosto-2017\/","url":"https:\/\/www.escura.com\/es\/ultimas-aclaraciones-aeat-sii-agosto-2017\/","name":"Ultimas aclaraciones de la AEAT sobre el SII (agosto 2017)","isPartOf":{"@id":"https:\/\/35.181.91.225\/es\/#website"},"primaryImageOfPage":{"@id":"https:\/\/www.escura.com\/es\/ultimas-aclaraciones-aeat-sii-agosto-2017\/#primaryimage"},"image":{"@id":"https:\/\/www.escura.com\/es\/ultimas-aclaraciones-aeat-sii-agosto-2017\/#primaryimage"},"thumbnailUrl":"","datePublished":"2017-09-29T16:44:43+00:00","description":"La AEAT ha publicado las \u00faltimas aclaraciones del Servicio Inmediato de Informaci\u00f3n de IVA (SII). En Escura creemos importante facilitar dicha informaci\u00f3n.","breadcrumb":{"@id":"https:\/\/www.escura.com\/es\/ultimas-aclaraciones-aeat-sii-agosto-2017\/#breadcrumb"},"inLanguage":"es","potentialAction":[{"@type":"ReadAction","target":["https:\/\/www.escura.com\/es\/ultimas-aclaraciones-aeat-sii-agosto-2017\/"]}]},{"@type":"ImageObject","inLanguage":"es","@id":"https:\/\/www.escura.com\/es\/ultimas-aclaraciones-aeat-sii-agosto-2017\/#primaryimage","url":"","contentUrl":""},{"@type":"BreadcrumbList","@id":"https:\/\/www.escura.com\/es\/ultimas-aclaraciones-aeat-sii-agosto-2017\/#breadcrumb","itemListElement":[{"@type":"ListItem","position":1,"name":"Portada","item":"https:\/\/www.35-181-91-225.plesk.page\/es\/"},{"@type":"ListItem","position":2,"name":"Ultimas aclaraciones de la AEAT sobre el SII (Agosto 2017)"}]},{"@type":"WebSite","@id":"https:\/\/35.181.91.225\/es\/#website","url":"https:\/\/35.181.91.225\/es\/","name":"Escura | Abogados y Economistas","description":"Escura es uno de los despachos de abogados de mayor prestigio en Barcelona, Madrid y Tarragona","publisher":{"@id":"https:\/\/35.181.91.225\/es\/#organization"},"potentialAction":[{"@type":"SearchAction","target":{"@type":"EntryPoint","urlTemplate":"https:\/\/35.181.91.225\/es\/?s={search_term_string}"},"query-input":{"@type":"PropertyValueSpecification","valueRequired":true,"valueName":"search_term_string"}}],"inLanguage":"es"},{"@type":"Organization","@id":"https:\/\/35.181.91.225\/es\/#organization","name":"Escura. Abogados y economistas","url":"https:\/\/35.181.91.225\/es\/","logo":{"@type":"ImageObject","inLanguage":"es","@id":"https:\/\/35.181.91.225\/es\/#\/schema\/logo\/image\/","url":"","contentUrl":"","caption":"Escura. Abogados y economistas"},"image":{"@id":"https:\/\/35.181.91.225\/es\/#\/schema\/logo\/image\/"},"sameAs":["https:\/\/www.facebook.com\/escura.abogados","https:\/\/x.com\/escura_abogados","https:\/\/www.instagram.com\/escura_abogados\/","https:\/\/www.linkedin.com\/company\/bufete-escura","https:\/\/www.youtube.com\/user\/BufeteEscura\/videos"]},{"@type":"Person","@id":"https:\/\/35.181.91.225\/es\/#\/schema\/person\/4edd59e125b9654539921a4ec1da53b1","name":"escura","image":{"@type":"ImageObject","inLanguage":"es","@id":"https:\/\/secure.gravatar.com\/avatar\/8a721c427419b1a5c865549a2d42be09e26988a9b2c8088a346d420663fa98dd?s=96&d=mm&r=g","url":"https:\/\/secure.gravatar.com\/avatar\/8a721c427419b1a5c865549a2d42be09e26988a9b2c8088a346d420663fa98dd?s=96&d=mm&r=g","contentUrl":"https:\/\/secure.gravatar.com\/avatar\/8a721c427419b1a5c865549a2d42be09e26988a9b2c8088a346d420663fa98dd?s=96&d=mm&r=g","caption":"escura"}}]}},"_links":{"self":[{"href":"https:\/\/www.escura.com\/es\/wp-json\/wp\/v2\/posts\/10536","targetHints":{"allow":["GET"]}}],"collection":[{"href":"https:\/\/www.escura.com\/es\/wp-json\/wp\/v2\/posts"}],"about":[{"href":"https:\/\/www.escura.com\/es\/wp-json\/wp\/v2\/types\/post"}],"author":[{"embeddable":true,"href":"https:\/\/www.escura.com\/es\/wp-json\/wp\/v2\/users\/2"}],"replies":[{"embeddable":true,"href":"https:\/\/www.escura.com\/es\/wp-json\/wp\/v2\/comments?post=10536"}],"version-history":[{"count":0,"href":"https:\/\/www.escura.com\/es\/wp-json\/wp\/v2\/posts\/10536\/revisions"}],"wp:featuredmedia":[{"embeddable":true,"href":"https:\/\/www.escura.com\/es\/wp-json\/"}],"wp:attachment":[{"href":"https:\/\/www.escura.com\/es\/wp-json\/wp\/v2\/media?parent=10536"}],"wp:term":[{"taxonomy":"category","embeddable":true,"href":"https:\/\/www.escura.com\/es\/wp-json\/wp\/v2\/categories?post=10536"},{"taxonomy":"post_tag","embeddable":true,"href":"https:\/\/www.escura.com\/es\/wp-json\/wp\/v2\/tags?post=10536"}],"curies":[{"name":"wp","href":"https:\/\/api.w.org\/{rel}","templated":true}]}}