{"id":10406,"date":"2017-09-06T10:28:28","date_gmt":"2017-09-06T10:28:28","guid":{"rendered":"http:\/\/www.escura.com\/?p=10406\/"},"modified":"2017-09-06T10:28:28","modified_gmt":"2017-09-06T10:28:28","slug":"aprobacion-del-modelo-232-operaciones-vinculadas","status":"publish","type":"post","link":"https:\/\/www.escura.com\/es\/aprobacion-del-modelo-232-operaciones-vinculadas\/","title":{"rendered":"Aprobaci\u00f3n del Modelo 232 sobre operaciones vinculadas"},"content":{"rendered":"<p><img decoding=\"async\" class=\"size-full wp-image-964 alignleft\" src=\"https:\/\/www.escura.com\/wp-content\/uploads\/2015\/07\/law_post_9-compressor-e1494945431948.jpg\" alt=\"\" width=\"100\" height=\"99\" \/>Bufete Escura les informa mediante el presente <em>flash<\/em> informativo de la aprobaci\u00f3n del <strong>Modelo 232 de Declaraci\u00f3n Informativa de Operaciones Vinculadas y de operaciones y situaciones relacionadas con pa\u00edses o territorios calificados como para\u00edsos fiscales <\/strong>mediante la publicaci\u00f3n de la Orden HFP\/816\/2017, de 28 de agosto publicado en el BOE en fecha <strong>30 de agosto de 2017<\/strong>.<\/p>\n<p>Como ya les informamos en anteriores circulares, se trata de un traslado de informaci\u00f3n del <strong>Modelo 200<\/strong> (Declaraci\u00f3n del Impuesto sobre Sociedades) a este nuevo <strong>Modelo 232<\/strong> <strong>(Declaraci\u00f3n informativa de operaciones vinculadas)<\/strong>.<\/p>\n<p>Para los periodos iniciados a partir de 1 de enero de 2016, se comunicar\u00e1 la informaci\u00f3n mediante la nueva Declaraci\u00f3n informativa que se presentar\u00e1 a trav\u00e9s del <strong>Modelo 232<\/strong>.<\/p>\n<p>El plazo de presentaci\u00f3n se debe realizar en el mes siguiente a los 10 meses posteriores a la conclusi\u00f3n del periodo impositivo al que se refiere la informaci\u00f3n a suministrar.<\/p>\n<p><strong><u>Para los periodos del ejercicio 2016, el plazo de presentaci\u00f3n deber\u00e1 realizarse en el mes de noviembre de 2017.<\/u><\/strong><\/p>\n<p>Est\u00e1n obligados a presentar el modelo 232 los contribuyentes del Impuesto sobre Sociedades y del Impuesto sobre la Renta de no residentes que act\u00faen mediante establecimiento permanente,\u00a0 que realicen las siguientes operaciones:<\/p>\n<ul>\n<li><strong><u>Operaciones realizadas con la misma persona o entidad vinculada, siempre que el importe de la contraprestaci\u00f3n del conjunto de operaciones en el periodo impositivo supere los 250.000\u20ac, de acuerdo con el valor de mercado.<\/u><\/strong><\/li>\n<li><strong><u>Las operaciones espec\u00edficas, siempre que el importe conjunto de cada uno de este tipo de operaciones en el periodo impositivo supere los 100.000\u20ac<\/u><\/strong><\/li>\n<\/ul>\n<p>Como novedad a partir del ejercicio 2016, en el modelo 232 deber\u00e1n declararse aquellas operaciones del mismo tipo que a su vez utilicen el mismo m\u00e9todo de valoraci\u00f3n, siempre que el importe del conjunto de dichas operaciones en el per\u00edodo impositivo sea superior al 50% de la cifra de negocios de la entidad.<\/p>\n<p>A trav\u00e9s del siguiente <strong>link<\/strong> se puede consultar la publicaci\u00f3n de la Orden HFP\/816\/2017, de 28 de agosto:<\/p>\n<p><a href=\"https:\/\/www.boe.es\/boe\/dias\/2017\/08\/30\/pdfs\/BOE-A-2017-10042.pdf\">https:\/\/www.boe.es\/boe\/dias\/2017\/08\/30\/pdfs\/BOE-A-2017-10042.pdf<\/a><\/p>\n<p>&nbsp;<\/p>\n<p>\u21d2 <a href=\"http:\/\/escura.com\/archivos\/pdf\/aprobaci%C3%B3n-modelo-232-operaciones-vinculadas-118_17.pdf\" target=\"_blank\" rel=\"noopener noreferrer\">Consulte el PDF<\/a><\/p>\n","protected":false},"excerpt":{"rendered":"<p>Bufete Escura les informa mediante el presente flash informativo de la aprobaci\u00f3n del Modelo 232 de Declaraci\u00f3n Informativa de Operaciones Vinculadas y de operaciones y situaciones relacionadas con pa\u00edses o territorios calificados como para\u00edsos fiscales mediante la publicaci\u00f3n de la Orden HFP\/816\/2017, de 28 de agosto publicado en el BOE en fecha 30 de agosto de 2017. Como ya les informamos en anteriores circulares, se trata de un traslado de informaci\u00f3n del  [&#8230;]<\/p>\n","protected":false},"author":2,"featured_media":0,"comment_status":"open","ping_status":"open","sticky":false,"template":"","format":"standard","meta":{"footnotes":""},"categories":[29],"tags":[],"class_list":["post-10406","post","type-post","status-publish","format-standard","hentry","category-precios-de-transferencia"],"yoast_head":"<!-- This site is optimized with the Yoast SEO Premium plugin v26.6 (Yoast SEO v27.5) - https:\/\/yoast.com\/product\/yoast-seo-premium-wordpress\/ -->\n<title>Escura. Abogados y Economistas<\/title>\n<meta name=\"description\" content=\"Bufete de abogados y economistas. Conoce nuestras areas y nuestro blog, uno de los de referencia en el asesoramiento legal de empresas. Calidad certificada en ISO y por las principales gu\u00edas jur\u00eddicas internacionales\" \/>\n<meta name=\"robots\" content=\"index, follow, max-snippet:-1, max-image-preview:large, max-video-preview:-1\" \/>\n<link rel=\"canonical\" href=\"https:\/\/www.escura.com\/es\/aprobacion-del-modelo-232-operaciones-vinculadas\/\" \/>\n<meta property=\"og:locale\" content=\"es_ES\" \/>\n<meta property=\"og:type\" content=\"article\" \/>\n<meta property=\"og:title\" content=\"Aprobaci\u00f3n del Modelo 232 sobre operaciones vinculadas\" \/>\n<meta property=\"og:description\" content=\"Bufete de abogados y economistas. Conoce nuestras areas y nuestro blog, uno de los de referencia en el asesoramiento legal de empresas. Calidad certificada en ISO y por las principales gu\u00edas jur\u00eddicas internacionales\" \/>\n<meta property=\"og:url\" content=\"https:\/\/www.escura.com\/es\/aprobacion-del-modelo-232-operaciones-vinculadas\/\" \/>\n<meta property=\"og:site_name\" content=\"Escura | Abogados y Economistas\" \/>\n<meta property=\"article:publisher\" content=\"https:\/\/www.facebook.com\/escura.abogados\" \/>\n<meta property=\"article:published_time\" content=\"2017-09-06T10:28:28+00:00\" \/>\n<meta property=\"og:image\" content=\"https:\/\/www.escura.com\/wp-content\/uploads\/2015\/07\/law_post_9-compressor-e1494945431948.jpg\" \/>\n<meta name=\"author\" content=\"escura\" \/>\n<meta name=\"twitter:card\" content=\"summary_large_image\" \/>\n<meta name=\"twitter:creator\" content=\"@escura_abogados\" \/>\n<meta name=\"twitter:site\" content=\"@escura_abogados\" \/>\n<meta name=\"twitter:label1\" content=\"Escrito por\" \/>\n\t<meta name=\"twitter:data1\" content=\"escura\" \/>\n\t<meta name=\"twitter:label2\" content=\"Tiempo de lectura\" \/>\n\t<meta name=\"twitter:data2\" content=\"2 minutos\" \/>\n<script type=\"application\/ld+json\" class=\"yoast-schema-graph\">{\"@context\":\"https:\\\/\\\/schema.org\",\"@graph\":[{\"@type\":\"Article\",\"@id\":\"https:\\\/\\\/www.escura.com\\\/es\\\/aprobacion-del-modelo-232-operaciones-vinculadas\\\/#article\",\"isPartOf\":{\"@id\":\"https:\\\/\\\/www.escura.com\\\/es\\\/aprobacion-del-modelo-232-operaciones-vinculadas\\\/\"},\"author\":{\"name\":\"escura\",\"@id\":\"https:\\\/\\\/35.181.91.225\\\/es\\\/#\\\/schema\\\/person\\\/4edd59e125b9654539921a4ec1da53b1\"},\"headline\":\"Aprobaci\u00f3n del Modelo 232 sobre operaciones vinculadas\",\"datePublished\":\"2017-09-06T10:28:28+00:00\",\"mainEntityOfPage\":{\"@id\":\"https:\\\/\\\/www.escura.com\\\/es\\\/aprobacion-del-modelo-232-operaciones-vinculadas\\\/\"},\"wordCount\":354,\"commentCount\":0,\"publisher\":{\"@id\":\"https:\\\/\\\/35.181.91.225\\\/es\\\/#organization\"},\"image\":{\"@id\":\"https:\\\/\\\/www.escura.com\\\/es\\\/aprobacion-del-modelo-232-operaciones-vinculadas\\\/#primaryimage\"},\"thumbnailUrl\":\"https:\\\/\\\/www.escura.com\\\/wp-content\\\/uploads\\\/2015\\\/07\\\/law_post_9-compressor-e1494945431948.jpg\",\"articleSection\":[\"Precios de Transferencia\"],\"inLanguage\":\"es\",\"potentialAction\":[{\"@type\":\"CommentAction\",\"name\":\"Comment\",\"target\":[\"https:\\\/\\\/www.escura.com\\\/es\\\/aprobacion-del-modelo-232-operaciones-vinculadas\\\/#respond\"]}]},{\"@type\":\"WebPage\",\"@id\":\"https:\\\/\\\/www.escura.com\\\/es\\\/aprobacion-del-modelo-232-operaciones-vinculadas\\\/\",\"url\":\"https:\\\/\\\/www.escura.com\\\/es\\\/aprobacion-del-modelo-232-operaciones-vinculadas\\\/\",\"name\":\"Escura. Abogados y Economistas\",\"isPartOf\":{\"@id\":\"https:\\\/\\\/35.181.91.225\\\/es\\\/#website\"},\"primaryImageOfPage\":{\"@id\":\"https:\\\/\\\/www.escura.com\\\/es\\\/aprobacion-del-modelo-232-operaciones-vinculadas\\\/#primaryimage\"},\"image\":{\"@id\":\"https:\\\/\\\/www.escura.com\\\/es\\\/aprobacion-del-modelo-232-operaciones-vinculadas\\\/#primaryimage\"},\"thumbnailUrl\":\"https:\\\/\\\/www.escura.com\\\/wp-content\\\/uploads\\\/2015\\\/07\\\/law_post_9-compressor-e1494945431948.jpg\",\"datePublished\":\"2017-09-06T10:28:28+00:00\",\"description\":\"Bufete de abogados y economistas. Conoce nuestras areas y nuestro blog, uno de los de referencia en el asesoramiento legal de empresas. Calidad certificada en ISO y por las principales gu\u00edas jur\u00eddicas internacionales\",\"breadcrumb\":{\"@id\":\"https:\\\/\\\/www.escura.com\\\/es\\\/aprobacion-del-modelo-232-operaciones-vinculadas\\\/#breadcrumb\"},\"inLanguage\":\"es\",\"potentialAction\":[{\"@type\":\"ReadAction\",\"target\":[\"https:\\\/\\\/www.escura.com\\\/es\\\/aprobacion-del-modelo-232-operaciones-vinculadas\\\/\"]}]},{\"@type\":\"ImageObject\",\"inLanguage\":\"es\",\"@id\":\"https:\\\/\\\/www.escura.com\\\/es\\\/aprobacion-del-modelo-232-operaciones-vinculadas\\\/#primaryimage\",\"url\":\"https:\\\/\\\/www.escura.com\\\/wp-content\\\/uploads\\\/2015\\\/07\\\/law_post_9-compressor-e1494945431948.jpg\",\"contentUrl\":\"https:\\\/\\\/www.escura.com\\\/wp-content\\\/uploads\\\/2015\\\/07\\\/law_post_9-compressor-e1494945431948.jpg\"},{\"@type\":\"BreadcrumbList\",\"@id\":\"https:\\\/\\\/www.escura.com\\\/es\\\/aprobacion-del-modelo-232-operaciones-vinculadas\\\/#breadcrumb\",\"itemListElement\":[{\"@type\":\"ListItem\",\"position\":1,\"name\":\"Portada\",\"item\":\"https:\\\/\\\/www.35-181-91-225.plesk.page\\\/es\\\/\"},{\"@type\":\"ListItem\",\"position\":2,\"name\":\"Aprobaci\u00f3n del Modelo 232 sobre operaciones vinculadas\"}]},{\"@type\":\"WebSite\",\"@id\":\"https:\\\/\\\/35.181.91.225\\\/es\\\/#website\",\"url\":\"https:\\\/\\\/35.181.91.225\\\/es\\\/\",\"name\":\"Escura | Abogados y Economistas\",\"description\":\"Escura es uno de los despachos de abogados de mayor prestigio en Barcelona, Madrid y Tarragona\",\"publisher\":{\"@id\":\"https:\\\/\\\/35.181.91.225\\\/es\\\/#organization\"},\"potentialAction\":[{\"@type\":\"SearchAction\",\"target\":{\"@type\":\"EntryPoint\",\"urlTemplate\":\"https:\\\/\\\/35.181.91.225\\\/es\\\/?s={search_term_string}\"},\"query-input\":{\"@type\":\"PropertyValueSpecification\",\"valueRequired\":true,\"valueName\":\"search_term_string\"}}],\"inLanguage\":\"es\"},{\"@type\":\"Organization\",\"@id\":\"https:\\\/\\\/35.181.91.225\\\/es\\\/#organization\",\"name\":\"Escura. Abogados y economistas\",\"url\":\"https:\\\/\\\/35.181.91.225\\\/es\\\/\",\"logo\":{\"@type\":\"ImageObject\",\"inLanguage\":\"es\",\"@id\":\"https:\\\/\\\/35.181.91.225\\\/es\\\/#\\\/schema\\\/logo\\\/image\\\/\",\"url\":\"\",\"contentUrl\":\"\",\"caption\":\"Escura. Abogados y economistas\"},\"image\":{\"@id\":\"https:\\\/\\\/35.181.91.225\\\/es\\\/#\\\/schema\\\/logo\\\/image\\\/\"},\"sameAs\":[\"https:\\\/\\\/www.facebook.com\\\/escura.abogados\",\"https:\\\/\\\/x.com\\\/escura_abogados\",\"https:\\\/\\\/www.instagram.com\\\/escura_abogados\\\/\",\"https:\\\/\\\/www.linkedin.com\\\/company\\\/bufete-escura\",\"https:\\\/\\\/www.youtube.com\\\/user\\\/BufeteEscura\\\/videos\"]},{\"@type\":\"Person\",\"@id\":\"https:\\\/\\\/35.181.91.225\\\/es\\\/#\\\/schema\\\/person\\\/4edd59e125b9654539921a4ec1da53b1\",\"name\":\"escura\",\"image\":{\"@type\":\"ImageObject\",\"inLanguage\":\"es\",\"@id\":\"https:\\\/\\\/secure.gravatar.com\\\/avatar\\\/8a721c427419b1a5c865549a2d42be09e26988a9b2c8088a346d420663fa98dd?s=96&d=mm&r=g\",\"url\":\"https:\\\/\\\/secure.gravatar.com\\\/avatar\\\/8a721c427419b1a5c865549a2d42be09e26988a9b2c8088a346d420663fa98dd?s=96&d=mm&r=g\",\"contentUrl\":\"https:\\\/\\\/secure.gravatar.com\\\/avatar\\\/8a721c427419b1a5c865549a2d42be09e26988a9b2c8088a346d420663fa98dd?s=96&d=mm&r=g\",\"caption\":\"escura\"}}]}<\/script>\n<!-- \/ Yoast SEO Premium plugin. -->","yoast_head_json":{"title":"Escura. Abogados y Economistas","description":"Bufete de abogados y economistas. Conoce nuestras areas y nuestro blog, uno de los de referencia en el asesoramiento legal de empresas. Calidad certificada en ISO y por las principales gu\u00edas jur\u00eddicas internacionales","robots":{"index":"index","follow":"follow","max-snippet":"max-snippet:-1","max-image-preview":"max-image-preview:large","max-video-preview":"max-video-preview:-1"},"canonical":"https:\/\/www.escura.com\/es\/aprobacion-del-modelo-232-operaciones-vinculadas\/","og_locale":"es_ES","og_type":"article","og_title":"Aprobaci\u00f3n del Modelo 232 sobre operaciones vinculadas","og_description":"Bufete de abogados y economistas. Conoce nuestras areas y nuestro blog, uno de los de referencia en el asesoramiento legal de empresas. Calidad certificada en ISO y por las principales gu\u00edas jur\u00eddicas internacionales","og_url":"https:\/\/www.escura.com\/es\/aprobacion-del-modelo-232-operaciones-vinculadas\/","og_site_name":"Escura | Abogados y Economistas","article_publisher":"https:\/\/www.facebook.com\/escura.abogados","article_published_time":"2017-09-06T10:28:28+00:00","og_image":[{"url":"https:\/\/www.escura.com\/wp-content\/uploads\/2015\/07\/law_post_9-compressor-e1494945431948.jpg","type":"","width":"","height":""}],"author":"escura","twitter_card":"summary_large_image","twitter_creator":"@escura_abogados","twitter_site":"@escura_abogados","twitter_misc":{"Escrito por":"escura","Tiempo de lectura":"2 minutos"},"schema":{"@context":"https:\/\/schema.org","@graph":[{"@type":"Article","@id":"https:\/\/www.escura.com\/es\/aprobacion-del-modelo-232-operaciones-vinculadas\/#article","isPartOf":{"@id":"https:\/\/www.escura.com\/es\/aprobacion-del-modelo-232-operaciones-vinculadas\/"},"author":{"name":"escura","@id":"https:\/\/35.181.91.225\/es\/#\/schema\/person\/4edd59e125b9654539921a4ec1da53b1"},"headline":"Aprobaci\u00f3n del Modelo 232 sobre operaciones vinculadas","datePublished":"2017-09-06T10:28:28+00:00","mainEntityOfPage":{"@id":"https:\/\/www.escura.com\/es\/aprobacion-del-modelo-232-operaciones-vinculadas\/"},"wordCount":354,"commentCount":0,"publisher":{"@id":"https:\/\/35.181.91.225\/es\/#organization"},"image":{"@id":"https:\/\/www.escura.com\/es\/aprobacion-del-modelo-232-operaciones-vinculadas\/#primaryimage"},"thumbnailUrl":"https:\/\/www.escura.com\/wp-content\/uploads\/2015\/07\/law_post_9-compressor-e1494945431948.jpg","articleSection":["Precios de Transferencia"],"inLanguage":"es","potentialAction":[{"@type":"CommentAction","name":"Comment","target":["https:\/\/www.escura.com\/es\/aprobacion-del-modelo-232-operaciones-vinculadas\/#respond"]}]},{"@type":"WebPage","@id":"https:\/\/www.escura.com\/es\/aprobacion-del-modelo-232-operaciones-vinculadas\/","url":"https:\/\/www.escura.com\/es\/aprobacion-del-modelo-232-operaciones-vinculadas\/","name":"Escura. Abogados y Economistas","isPartOf":{"@id":"https:\/\/35.181.91.225\/es\/#website"},"primaryImageOfPage":{"@id":"https:\/\/www.escura.com\/es\/aprobacion-del-modelo-232-operaciones-vinculadas\/#primaryimage"},"image":{"@id":"https:\/\/www.escura.com\/es\/aprobacion-del-modelo-232-operaciones-vinculadas\/#primaryimage"},"thumbnailUrl":"https:\/\/www.escura.com\/wp-content\/uploads\/2015\/07\/law_post_9-compressor-e1494945431948.jpg","datePublished":"2017-09-06T10:28:28+00:00","description":"Bufete de abogados y economistas. Conoce nuestras areas y nuestro blog, uno de los de referencia en el asesoramiento legal de empresas. Calidad certificada en ISO y por las principales gu\u00edas jur\u00eddicas internacionales","breadcrumb":{"@id":"https:\/\/www.escura.com\/es\/aprobacion-del-modelo-232-operaciones-vinculadas\/#breadcrumb"},"inLanguage":"es","potentialAction":[{"@type":"ReadAction","target":["https:\/\/www.escura.com\/es\/aprobacion-del-modelo-232-operaciones-vinculadas\/"]}]},{"@type":"ImageObject","inLanguage":"es","@id":"https:\/\/www.escura.com\/es\/aprobacion-del-modelo-232-operaciones-vinculadas\/#primaryimage","url":"https:\/\/www.escura.com\/wp-content\/uploads\/2015\/07\/law_post_9-compressor-e1494945431948.jpg","contentUrl":"https:\/\/www.escura.com\/wp-content\/uploads\/2015\/07\/law_post_9-compressor-e1494945431948.jpg"},{"@type":"BreadcrumbList","@id":"https:\/\/www.escura.com\/es\/aprobacion-del-modelo-232-operaciones-vinculadas\/#breadcrumb","itemListElement":[{"@type":"ListItem","position":1,"name":"Portada","item":"https:\/\/www.35-181-91-225.plesk.page\/es\/"},{"@type":"ListItem","position":2,"name":"Aprobaci\u00f3n del Modelo 232 sobre operaciones vinculadas"}]},{"@type":"WebSite","@id":"https:\/\/35.181.91.225\/es\/#website","url":"https:\/\/35.181.91.225\/es\/","name":"Escura | Abogados y Economistas","description":"Escura es uno de los despachos de abogados de mayor prestigio en Barcelona, Madrid y Tarragona","publisher":{"@id":"https:\/\/35.181.91.225\/es\/#organization"},"potentialAction":[{"@type":"SearchAction","target":{"@type":"EntryPoint","urlTemplate":"https:\/\/35.181.91.225\/es\/?s={search_term_string}"},"query-input":{"@type":"PropertyValueSpecification","valueRequired":true,"valueName":"search_term_string"}}],"inLanguage":"es"},{"@type":"Organization","@id":"https:\/\/35.181.91.225\/es\/#organization","name":"Escura. Abogados y economistas","url":"https:\/\/35.181.91.225\/es\/","logo":{"@type":"ImageObject","inLanguage":"es","@id":"https:\/\/35.181.91.225\/es\/#\/schema\/logo\/image\/","url":"","contentUrl":"","caption":"Escura. Abogados y economistas"},"image":{"@id":"https:\/\/35.181.91.225\/es\/#\/schema\/logo\/image\/"},"sameAs":["https:\/\/www.facebook.com\/escura.abogados","https:\/\/x.com\/escura_abogados","https:\/\/www.instagram.com\/escura_abogados\/","https:\/\/www.linkedin.com\/company\/bufete-escura","https:\/\/www.youtube.com\/user\/BufeteEscura\/videos"]},{"@type":"Person","@id":"https:\/\/35.181.91.225\/es\/#\/schema\/person\/4edd59e125b9654539921a4ec1da53b1","name":"escura","image":{"@type":"ImageObject","inLanguage":"es","@id":"https:\/\/secure.gravatar.com\/avatar\/8a721c427419b1a5c865549a2d42be09e26988a9b2c8088a346d420663fa98dd?s=96&d=mm&r=g","url":"https:\/\/secure.gravatar.com\/avatar\/8a721c427419b1a5c865549a2d42be09e26988a9b2c8088a346d420663fa98dd?s=96&d=mm&r=g","contentUrl":"https:\/\/secure.gravatar.com\/avatar\/8a721c427419b1a5c865549a2d42be09e26988a9b2c8088a346d420663fa98dd?s=96&d=mm&r=g","caption":"escura"}}]}},"_links":{"self":[{"href":"https:\/\/www.escura.com\/es\/wp-json\/wp\/v2\/posts\/10406","targetHints":{"allow":["GET"]}}],"collection":[{"href":"https:\/\/www.escura.com\/es\/wp-json\/wp\/v2\/posts"}],"about":[{"href":"https:\/\/www.escura.com\/es\/wp-json\/wp\/v2\/types\/post"}],"author":[{"embeddable":true,"href":"https:\/\/www.escura.com\/es\/wp-json\/wp\/v2\/users\/2"}],"replies":[{"embeddable":true,"href":"https:\/\/www.escura.com\/es\/wp-json\/wp\/v2\/comments?post=10406"}],"version-history":[{"count":0,"href":"https:\/\/www.escura.com\/es\/wp-json\/wp\/v2\/posts\/10406\/revisions"}],"wp:attachment":[{"href":"https:\/\/www.escura.com\/es\/wp-json\/wp\/v2\/media?parent=10406"}],"wp:term":[{"taxonomy":"category","embeddable":true,"href":"https:\/\/www.escura.com\/es\/wp-json\/wp\/v2\/categories?post=10406"},{"taxonomy":"post_tag","embeddable":true,"href":"https:\/\/www.escura.com\/es\/wp-json\/wp\/v2\/tags?post=10406"}],"curies":[{"name":"wp","href":"https:\/\/api.w.org\/{rel}","templated":true}]}}