{"id":10099,"date":"2017-07-17T09:22:52","date_gmt":"2017-07-17T09:22:52","guid":{"rendered":"http:\/\/www.escura.com\/?p=10099\/"},"modified":"2017-07-17T09:22:52","modified_gmt":"2017-07-17T09:22:52","slug":"modelo-232-declaracion-informativa-operaciones-vinculadas","status":"publish","type":"post","link":"https:\/\/www.escura.com\/es\/modelo-232-declaracion-informativa-operaciones-vinculadas\/","title":{"rendered":"Modelo 232: Declaraci\u00f3n informativa de Operaciones Vinculadas"},"content":{"rendered":"<p><img decoding=\"async\" class=\"size-full wp-image-1709 alignleft\" src=\"https:\/\/www.escura.com\/wp-content\/uploads\/2015\/05\/nif-e1431082571735-1.jpg\" alt=\"\" width=\"150\" height=\"150\" \/>Bufete Escura les informa mediante el presente <em>flash<\/em> informativo de la aprobaci\u00f3n de un proyecto de orden ministerial por el que se introduce <u>el Modelo 232 (Declaraci\u00f3n Informativa de operaciones vinculadas y de operaciones y situaciones relacionadas con pa\u00edses o territorios considerados como para\u00edsos fiscales).<\/u><\/p>\n<p>\u00danicamente se trata de un traslado de informaci\u00f3n del Modelo 200 existente a este nuevo Modelo 232, ya que la informaci\u00f3n requerida por la AEAT, es exactamente la misma que se inclu\u00eda.<\/p>\n<p>S\u00ed acontece una novedad el plazo de presentaci\u00f3n, <strong>el plazo de presentaci\u00f3n ser\u00e1 el 31 de Mayo.<\/strong><\/p>\n<p><strong>No obstante, para el ejercicio 2016 el plazo de presentaci\u00f3n ser\u00e1 durante el mes de noviembre de 2017.<\/strong><\/p>\n<p>De esta manera el\u00a0 <em>reporting<\/em> de las operaciones vinculadas deber\u00e1 prepararse antes de que las Juntas Generales aprueben las cuentas.<\/p>\n<p>Decir que este modelo parece la antesala de una nueva reforma en la que se obligue a todas las empresas obligadas a realizar informes de transfer <em>pricing<\/em>, a presentar anualmente el Master File y el Local File, observando un\u00a0 endurecimiento progresivo por parte de Hacienda de operaciones vinculadas, siguiendo el Plan de acci\u00f3n llamado \u201cBEPS\u201d que se elabor\u00f3 en el \u00e1mbito de la OCDE.<\/p>\n<p>A trav\u00e9s del siguiente <em>link<\/em> pueden consultar el <a href=\"http:\/\/www.minhafp.gob.es\/Documentacion\/Publico\/NormativaDoctrina\/Proyectos\/Proyecto%20OM%20232.pdf\"><strong><em>Proyecto de orden por la que se aprueba el Modelo 232<\/em><\/strong><\/a><em>.<\/em><\/p>\n<p>\u21d2\u00a0<a href=\"http:\/\/escura.com\/archivos\/pdf\/modelo-232-declaracion-informativa-operaciones-vinculadas-101_17.pdf\">Consulte el PDF<\/a><\/p>\n<p>&nbsp;<\/p>\n<p>&nbsp;<\/p>\n","protected":false},"excerpt":{"rendered":"<p>Bufete Escura les informa mediante el presente flash informativo de la aprobaci\u00f3n de un proyecto de orden ministerial por el que se introduce el Modelo 232 (Declaraci\u00f3n Informativa de operaciones vinculadas y de operaciones y situaciones relacionadas con pa\u00edses o territorios considerados como para\u00edsos fiscales). \u00danicamente se trata de un traslado de informaci\u00f3n del Modelo 200 existente a este nuevo Modelo 232, ya que la informaci\u00f3n requerida por la AEAT, es exactamente  [&#8230;]<\/p>\n","protected":false},"author":2,"featured_media":0,"comment_status":"open","ping_status":"open","sticky":false,"template":"","format":"standard","meta":{"footnotes":""},"categories":[28,29],"tags":[],"class_list":["post-10099","post","type-post","status-publish","format-standard","hentry","category-fiscal-contable","category-precios-de-transferencia"],"yoast_head":"<!-- This site is optimized with the Yoast SEO Premium plugin v26.6 (Yoast SEO v27.5) - https:\/\/yoast.com\/product\/yoast-seo-premium-wordpress\/ -->\n<title>Escura. Abogados y Economistas<\/title>\n<meta name=\"description\" content=\"Bufete de abogados y economistas. Conoce nuestras areas y nuestro blog, uno de los de referencia en el asesoramiento legal de empresas. Calidad certificada en ISO y por las principales gu\u00edas jur\u00eddicas internacionales\" \/>\n<meta name=\"robots\" content=\"index, follow, max-snippet:-1, max-image-preview:large, max-video-preview:-1\" \/>\n<link rel=\"canonical\" href=\"https:\/\/35.181.91.225\/es\/modelo-232-declaracion-informativa-operaciones-vinculadas\/\" \/>\n<meta property=\"og:locale\" content=\"es_ES\" \/>\n<meta property=\"og:type\" content=\"article\" \/>\n<meta property=\"og:title\" content=\"Modelo 232: Declaraci\u00f3n informativa de Operaciones Vinculadas\" \/>\n<meta property=\"og:description\" content=\"Bufete de abogados y economistas. Conoce nuestras areas y nuestro blog, uno de los de referencia en el asesoramiento legal de empresas. Calidad certificada en ISO y por las principales gu\u00edas jur\u00eddicas internacionales\" \/>\n<meta property=\"og:url\" content=\"https:\/\/35.181.91.225\/es\/modelo-232-declaracion-informativa-operaciones-vinculadas\/\" \/>\n<meta property=\"og:site_name\" content=\"Escura | Abogados y Economistas\" \/>\n<meta property=\"article:publisher\" content=\"https:\/\/www.facebook.com\/escura.abogados\" \/>\n<meta property=\"article:published_time\" content=\"2017-07-17T09:22:52+00:00\" \/>\n<meta property=\"og:image\" content=\"https:\/\/www.escura.com\/wp-content\/uploads\/2015\/05\/nif-e1431082571735-1.jpg\" \/>\n<meta name=\"author\" content=\"escura\" \/>\n<meta name=\"twitter:card\" content=\"summary_large_image\" \/>\n<meta name=\"twitter:creator\" content=\"@escura_abogados\" \/>\n<meta name=\"twitter:site\" content=\"@escura_abogados\" \/>\n<meta name=\"twitter:label1\" content=\"Escrito por\" \/>\n\t<meta name=\"twitter:data1\" content=\"escura\" \/>\n\t<meta name=\"twitter:label2\" content=\"Tiempo de lectura\" \/>\n\t<meta name=\"twitter:data2\" content=\"1 minuto\" \/>\n<script type=\"application\/ld+json\" class=\"yoast-schema-graph\">{\"@context\":\"https:\\\/\\\/schema.org\",\"@graph\":[{\"@type\":\"Article\",\"@id\":\"https:\\\/\\\/35.181.91.225\\\/es\\\/modelo-232-declaracion-informativa-operaciones-vinculadas\\\/#article\",\"isPartOf\":{\"@id\":\"https:\\\/\\\/35.181.91.225\\\/es\\\/modelo-232-declaracion-informativa-operaciones-vinculadas\\\/\"},\"author\":{\"name\":\"escura\",\"@id\":\"https:\\\/\\\/35.181.91.225\\\/es\\\/#\\\/schema\\\/person\\\/4edd59e125b9654539921a4ec1da53b1\"},\"headline\":\"Modelo 232: Declaraci\u00f3n informativa de Operaciones Vinculadas\",\"datePublished\":\"2017-07-17T09:22:52+00:00\",\"mainEntityOfPage\":{\"@id\":\"https:\\\/\\\/35.181.91.225\\\/es\\\/modelo-232-declaracion-informativa-operaciones-vinculadas\\\/\"},\"wordCount\":232,\"commentCount\":0,\"publisher\":{\"@id\":\"https:\\\/\\\/35.181.91.225\\\/es\\\/#organization\"},\"image\":{\"@id\":\"https:\\\/\\\/35.181.91.225\\\/es\\\/modelo-232-declaracion-informativa-operaciones-vinculadas\\\/#primaryimage\"},\"thumbnailUrl\":\"https:\\\/\\\/www.escura.com\\\/wp-content\\\/uploads\\\/2015\\\/05\\\/nif-e1431082571735-1.jpg\",\"articleSection\":[\"Fiscal - Contable\",\"Precios de Transferencia\"],\"inLanguage\":\"es\",\"potentialAction\":[{\"@type\":\"CommentAction\",\"name\":\"Comment\",\"target\":[\"https:\\\/\\\/35.181.91.225\\\/es\\\/modelo-232-declaracion-informativa-operaciones-vinculadas\\\/#respond\"]}]},{\"@type\":\"WebPage\",\"@id\":\"https:\\\/\\\/35.181.91.225\\\/es\\\/modelo-232-declaracion-informativa-operaciones-vinculadas\\\/\",\"url\":\"https:\\\/\\\/35.181.91.225\\\/es\\\/modelo-232-declaracion-informativa-operaciones-vinculadas\\\/\",\"name\":\"Escura. Abogados y Economistas\",\"isPartOf\":{\"@id\":\"https:\\\/\\\/35.181.91.225\\\/es\\\/#website\"},\"primaryImageOfPage\":{\"@id\":\"https:\\\/\\\/35.181.91.225\\\/es\\\/modelo-232-declaracion-informativa-operaciones-vinculadas\\\/#primaryimage\"},\"image\":{\"@id\":\"https:\\\/\\\/35.181.91.225\\\/es\\\/modelo-232-declaracion-informativa-operaciones-vinculadas\\\/#primaryimage\"},\"thumbnailUrl\":\"https:\\\/\\\/www.escura.com\\\/wp-content\\\/uploads\\\/2015\\\/05\\\/nif-e1431082571735-1.jpg\",\"datePublished\":\"2017-07-17T09:22:52+00:00\",\"description\":\"Bufete de abogados y economistas. Conoce nuestras areas y nuestro blog, uno de los de referencia en el asesoramiento legal de empresas. Calidad certificada en ISO y por las principales gu\u00edas jur\u00eddicas internacionales\",\"breadcrumb\":{\"@id\":\"https:\\\/\\\/35.181.91.225\\\/es\\\/modelo-232-declaracion-informativa-operaciones-vinculadas\\\/#breadcrumb\"},\"inLanguage\":\"es\",\"potentialAction\":[{\"@type\":\"ReadAction\",\"target\":[\"https:\\\/\\\/35.181.91.225\\\/es\\\/modelo-232-declaracion-informativa-operaciones-vinculadas\\\/\"]}]},{\"@type\":\"ImageObject\",\"inLanguage\":\"es\",\"@id\":\"https:\\\/\\\/35.181.91.225\\\/es\\\/modelo-232-declaracion-informativa-operaciones-vinculadas\\\/#primaryimage\",\"url\":\"https:\\\/\\\/www.escura.com\\\/wp-content\\\/uploads\\\/2015\\\/05\\\/nif-e1431082571735-1.jpg\",\"contentUrl\":\"https:\\\/\\\/www.escura.com\\\/wp-content\\\/uploads\\\/2015\\\/05\\\/nif-e1431082571735-1.jpg\"},{\"@type\":\"BreadcrumbList\",\"@id\":\"https:\\\/\\\/35.181.91.225\\\/es\\\/modelo-232-declaracion-informativa-operaciones-vinculadas\\\/#breadcrumb\",\"itemListElement\":[{\"@type\":\"ListItem\",\"position\":1,\"name\":\"Portada\",\"item\":\"https:\\\/\\\/www.35-181-91-225.plesk.page\\\/es\\\/\"},{\"@type\":\"ListItem\",\"position\":2,\"name\":\"Modelo 232: Declaraci\u00f3n informativa de Operaciones Vinculadas\"}]},{\"@type\":\"WebSite\",\"@id\":\"https:\\\/\\\/35.181.91.225\\\/es\\\/#website\",\"url\":\"https:\\\/\\\/35.181.91.225\\\/es\\\/\",\"name\":\"Escura | Abogados y Economistas\",\"description\":\"Escura es uno de los despachos de abogados de mayor prestigio en Barcelona, Madrid y Tarragona\",\"publisher\":{\"@id\":\"https:\\\/\\\/35.181.91.225\\\/es\\\/#organization\"},\"potentialAction\":[{\"@type\":\"SearchAction\",\"target\":{\"@type\":\"EntryPoint\",\"urlTemplate\":\"https:\\\/\\\/35.181.91.225\\\/es\\\/?s={search_term_string}\"},\"query-input\":{\"@type\":\"PropertyValueSpecification\",\"valueRequired\":true,\"valueName\":\"search_term_string\"}}],\"inLanguage\":\"es\"},{\"@type\":\"Organization\",\"@id\":\"https:\\\/\\\/35.181.91.225\\\/es\\\/#organization\",\"name\":\"Escura. Abogados y economistas\",\"url\":\"https:\\\/\\\/35.181.91.225\\\/es\\\/\",\"logo\":{\"@type\":\"ImageObject\",\"inLanguage\":\"es\",\"@id\":\"https:\\\/\\\/35.181.91.225\\\/es\\\/#\\\/schema\\\/logo\\\/image\\\/\",\"url\":\"\",\"contentUrl\":\"\",\"caption\":\"Escura. Abogados y economistas\"},\"image\":{\"@id\":\"https:\\\/\\\/35.181.91.225\\\/es\\\/#\\\/schema\\\/logo\\\/image\\\/\"},\"sameAs\":[\"https:\\\/\\\/www.facebook.com\\\/escura.abogados\",\"https:\\\/\\\/x.com\\\/escura_abogados\",\"https:\\\/\\\/www.instagram.com\\\/escura_abogados\\\/\",\"https:\\\/\\\/www.linkedin.com\\\/company\\\/bufete-escura\",\"https:\\\/\\\/www.youtube.com\\\/user\\\/BufeteEscura\\\/videos\"]},{\"@type\":\"Person\",\"@id\":\"https:\\\/\\\/35.181.91.225\\\/es\\\/#\\\/schema\\\/person\\\/4edd59e125b9654539921a4ec1da53b1\",\"name\":\"escura\",\"image\":{\"@type\":\"ImageObject\",\"inLanguage\":\"es\",\"@id\":\"https:\\\/\\\/secure.gravatar.com\\\/avatar\\\/8a721c427419b1a5c865549a2d42be09e26988a9b2c8088a346d420663fa98dd?s=96&d=mm&r=g\",\"url\":\"https:\\\/\\\/secure.gravatar.com\\\/avatar\\\/8a721c427419b1a5c865549a2d42be09e26988a9b2c8088a346d420663fa98dd?s=96&d=mm&r=g\",\"contentUrl\":\"https:\\\/\\\/secure.gravatar.com\\\/avatar\\\/8a721c427419b1a5c865549a2d42be09e26988a9b2c8088a346d420663fa98dd?s=96&d=mm&r=g\",\"caption\":\"escura\"}}]}<\/script>\n<!-- \/ Yoast SEO Premium plugin. -->","yoast_head_json":{"title":"Escura. Abogados y Economistas","description":"Bufete de abogados y economistas. Conoce nuestras areas y nuestro blog, uno de los de referencia en el asesoramiento legal de empresas. Calidad certificada en ISO y por las principales gu\u00edas jur\u00eddicas internacionales","robots":{"index":"index","follow":"follow","max-snippet":"max-snippet:-1","max-image-preview":"max-image-preview:large","max-video-preview":"max-video-preview:-1"},"canonical":"https:\/\/35.181.91.225\/es\/modelo-232-declaracion-informativa-operaciones-vinculadas\/","og_locale":"es_ES","og_type":"article","og_title":"Modelo 232: Declaraci\u00f3n informativa de Operaciones Vinculadas","og_description":"Bufete de abogados y economistas. Conoce nuestras areas y nuestro blog, uno de los de referencia en el asesoramiento legal de empresas. Calidad certificada en ISO y por las principales gu\u00edas jur\u00eddicas internacionales","og_url":"https:\/\/35.181.91.225\/es\/modelo-232-declaracion-informativa-operaciones-vinculadas\/","og_site_name":"Escura | Abogados y Economistas","article_publisher":"https:\/\/www.facebook.com\/escura.abogados","article_published_time":"2017-07-17T09:22:52+00:00","og_image":[{"url":"https:\/\/www.escura.com\/wp-content\/uploads\/2015\/05\/nif-e1431082571735-1.jpg","type":"","width":"","height":""}],"author":"escura","twitter_card":"summary_large_image","twitter_creator":"@escura_abogados","twitter_site":"@escura_abogados","twitter_misc":{"Escrito por":"escura","Tiempo de lectura":"1 minuto"},"schema":{"@context":"https:\/\/schema.org","@graph":[{"@type":"Article","@id":"https:\/\/35.181.91.225\/es\/modelo-232-declaracion-informativa-operaciones-vinculadas\/#article","isPartOf":{"@id":"https:\/\/35.181.91.225\/es\/modelo-232-declaracion-informativa-operaciones-vinculadas\/"},"author":{"name":"escura","@id":"https:\/\/35.181.91.225\/es\/#\/schema\/person\/4edd59e125b9654539921a4ec1da53b1"},"headline":"Modelo 232: Declaraci\u00f3n informativa de Operaciones Vinculadas","datePublished":"2017-07-17T09:22:52+00:00","mainEntityOfPage":{"@id":"https:\/\/35.181.91.225\/es\/modelo-232-declaracion-informativa-operaciones-vinculadas\/"},"wordCount":232,"commentCount":0,"publisher":{"@id":"https:\/\/35.181.91.225\/es\/#organization"},"image":{"@id":"https:\/\/35.181.91.225\/es\/modelo-232-declaracion-informativa-operaciones-vinculadas\/#primaryimage"},"thumbnailUrl":"https:\/\/www.escura.com\/wp-content\/uploads\/2015\/05\/nif-e1431082571735-1.jpg","articleSection":["Fiscal - Contable","Precios de Transferencia"],"inLanguage":"es","potentialAction":[{"@type":"CommentAction","name":"Comment","target":["https:\/\/35.181.91.225\/es\/modelo-232-declaracion-informativa-operaciones-vinculadas\/#respond"]}]},{"@type":"WebPage","@id":"https:\/\/35.181.91.225\/es\/modelo-232-declaracion-informativa-operaciones-vinculadas\/","url":"https:\/\/35.181.91.225\/es\/modelo-232-declaracion-informativa-operaciones-vinculadas\/","name":"Escura. Abogados y Economistas","isPartOf":{"@id":"https:\/\/35.181.91.225\/es\/#website"},"primaryImageOfPage":{"@id":"https:\/\/35.181.91.225\/es\/modelo-232-declaracion-informativa-operaciones-vinculadas\/#primaryimage"},"image":{"@id":"https:\/\/35.181.91.225\/es\/modelo-232-declaracion-informativa-operaciones-vinculadas\/#primaryimage"},"thumbnailUrl":"https:\/\/www.escura.com\/wp-content\/uploads\/2015\/05\/nif-e1431082571735-1.jpg","datePublished":"2017-07-17T09:22:52+00:00","description":"Bufete de abogados y economistas. Conoce nuestras areas y nuestro blog, uno de los de referencia en el asesoramiento legal de empresas. Calidad certificada en ISO y por las principales gu\u00edas jur\u00eddicas internacionales","breadcrumb":{"@id":"https:\/\/35.181.91.225\/es\/modelo-232-declaracion-informativa-operaciones-vinculadas\/#breadcrumb"},"inLanguage":"es","potentialAction":[{"@type":"ReadAction","target":["https:\/\/35.181.91.225\/es\/modelo-232-declaracion-informativa-operaciones-vinculadas\/"]}]},{"@type":"ImageObject","inLanguage":"es","@id":"https:\/\/35.181.91.225\/es\/modelo-232-declaracion-informativa-operaciones-vinculadas\/#primaryimage","url":"https:\/\/www.escura.com\/wp-content\/uploads\/2015\/05\/nif-e1431082571735-1.jpg","contentUrl":"https:\/\/www.escura.com\/wp-content\/uploads\/2015\/05\/nif-e1431082571735-1.jpg"},{"@type":"BreadcrumbList","@id":"https:\/\/35.181.91.225\/es\/modelo-232-declaracion-informativa-operaciones-vinculadas\/#breadcrumb","itemListElement":[{"@type":"ListItem","position":1,"name":"Portada","item":"https:\/\/www.35-181-91-225.plesk.page\/es\/"},{"@type":"ListItem","position":2,"name":"Modelo 232: Declaraci\u00f3n informativa de Operaciones Vinculadas"}]},{"@type":"WebSite","@id":"https:\/\/35.181.91.225\/es\/#website","url":"https:\/\/35.181.91.225\/es\/","name":"Escura | Abogados y Economistas","description":"Escura es uno de los despachos de abogados de mayor prestigio en Barcelona, Madrid y Tarragona","publisher":{"@id":"https:\/\/35.181.91.225\/es\/#organization"},"potentialAction":[{"@type":"SearchAction","target":{"@type":"EntryPoint","urlTemplate":"https:\/\/35.181.91.225\/es\/?s={search_term_string}"},"query-input":{"@type":"PropertyValueSpecification","valueRequired":true,"valueName":"search_term_string"}}],"inLanguage":"es"},{"@type":"Organization","@id":"https:\/\/35.181.91.225\/es\/#organization","name":"Escura. Abogados y economistas","url":"https:\/\/35.181.91.225\/es\/","logo":{"@type":"ImageObject","inLanguage":"es","@id":"https:\/\/35.181.91.225\/es\/#\/schema\/logo\/image\/","url":"","contentUrl":"","caption":"Escura. Abogados y economistas"},"image":{"@id":"https:\/\/35.181.91.225\/es\/#\/schema\/logo\/image\/"},"sameAs":["https:\/\/www.facebook.com\/escura.abogados","https:\/\/x.com\/escura_abogados","https:\/\/www.instagram.com\/escura_abogados\/","https:\/\/www.linkedin.com\/company\/bufete-escura","https:\/\/www.youtube.com\/user\/BufeteEscura\/videos"]},{"@type":"Person","@id":"https:\/\/35.181.91.225\/es\/#\/schema\/person\/4edd59e125b9654539921a4ec1da53b1","name":"escura","image":{"@type":"ImageObject","inLanguage":"es","@id":"https:\/\/secure.gravatar.com\/avatar\/8a721c427419b1a5c865549a2d42be09e26988a9b2c8088a346d420663fa98dd?s=96&d=mm&r=g","url":"https:\/\/secure.gravatar.com\/avatar\/8a721c427419b1a5c865549a2d42be09e26988a9b2c8088a346d420663fa98dd?s=96&d=mm&r=g","contentUrl":"https:\/\/secure.gravatar.com\/avatar\/8a721c427419b1a5c865549a2d42be09e26988a9b2c8088a346d420663fa98dd?s=96&d=mm&r=g","caption":"escura"}}]}},"_links":{"self":[{"href":"https:\/\/www.escura.com\/es\/wp-json\/wp\/v2\/posts\/10099","targetHints":{"allow":["GET"]}}],"collection":[{"href":"https:\/\/www.escura.com\/es\/wp-json\/wp\/v2\/posts"}],"about":[{"href":"https:\/\/www.escura.com\/es\/wp-json\/wp\/v2\/types\/post"}],"author":[{"embeddable":true,"href":"https:\/\/www.escura.com\/es\/wp-json\/wp\/v2\/users\/2"}],"replies":[{"embeddable":true,"href":"https:\/\/www.escura.com\/es\/wp-json\/wp\/v2\/comments?post=10099"}],"version-history":[{"count":0,"href":"https:\/\/www.escura.com\/es\/wp-json\/wp\/v2\/posts\/10099\/revisions"}],"wp:attachment":[{"href":"https:\/\/www.escura.com\/es\/wp-json\/wp\/v2\/media?parent=10099"}],"wp:term":[{"taxonomy":"category","embeddable":true,"href":"https:\/\/www.escura.com\/es\/wp-json\/wp\/v2\/categories?post=10099"},{"taxonomy":"post_tag","embeddable":true,"href":"https:\/\/www.escura.com\/es\/wp-json\/wp\/v2\/tags?post=10099"}],"curies":[{"name":"wp","href":"https:\/\/api.w.org\/{rel}","templated":true}]}}